{"id":9642,"date":"2023-09-01T06:40:00","date_gmt":"2023-09-01T04:40:00","guid":{"rendered":"http:\/\/moda.covermagazin.com\/?p=9642"},"modified":"2024-12-05T10:48:14","modified_gmt":"2024-12-05T08:48:14","slug":"25-klasicnih-komada-koji-ce-uvijek-biti-u-modi","status":"publish","type":"post","link":"https:\/\/moda.covermagazin.com\/?p=9642","title":{"rendered":"25 klasi\u010dnih komada koji \u0107e uvijek biti u modi"},"content":{"rendered":"\n<h3 class=\"wp-block-heading\"><a href=\"https:\/\/moda.covermagazin.com\/wp-content\/uploads\/2018\/07\/odjeca_za_ured_f.jpg\"><img loading=\"lazy\" decoding=\"async\" class=\"alignnone size-full wp-image-28450\" src=\"https:\/\/moda.covermagazin.com\/wp-content\/uploads\/2018\/07\/odjeca_za_ured_f.jpg\" alt=\"\" width=\"600\" height=\"400\"><\/a><\/h3>\n\n\n\n<h3 class=\"wp-block-heading\">25 klasi\u010dnih komada koji \u0107e uvijek biti u modi<\/h3>\n\n\n\n<p>Zapeli ste u rutini odijevanja? Ponovo otkrijte komade koje ve\u0107 imate u ormaru, te postignite svevremenski klasi\u010dan stil.<\/p>\n\n\n\n<p><em><strong>1.<\/strong><\/em><\/p>\n\n\n\n<figure class=\"wp-block-image\"><a href=\"https:\/\/moda.covermagazin.com\/wp-content\/uploads\/2018\/07\/moderna_odjeca_1.jpg\"><img decoding=\"async\" src=\"https:\/\/moda.covermagazin.com\/wp-content\/uploads\/2018\/07\/moderna_odjeca_1.jpg\" alt=\"\" class=\"wp-image-28451\"\/><\/a><\/figure>\n\n\n\n<p>\u0160al od eko krzna<\/p>\n\n\n\n<p><em><strong>2,3,4,5,<\/strong><\/em><\/p>\n\n\n\n<figure class=\"wp-block-image\"><a href=\"http:\/\/moda.covermagazin.com\/wp-content\/uploads\/2011\/06\/crna-haljina.jpg\"><img decoding=\"async\" src=\"http:\/\/moda.covermagazin.com\/wp-content\/uploads\/2011\/06\/crna-haljina.jpg\" alt=\"crna-haljina\" class=\"wp-image-20338\"\/><\/a><\/figure>\n\n\n\n<p>Biserna ogrlica<br>Mala crna haljinica<br>Cvjetni bro\u0161<br>Crne salonke<\/p>\n\n\n\n<p><em><strong>6, 7, 8,<\/strong><\/em><\/p>\n\n\n\n<figure class=\"wp-block-image\"><a href=\"http:\/\/moda.covermagazin.com\/wp-content\/uploads\/2011\/06\/modni-komadi.jpg\"><img decoding=\"async\" src=\"http:\/\/moda.covermagazin.com\/wp-content\/uploads\/2011\/06\/modni-komadi.jpg\" alt=\"modni-komadi\" class=\"wp-image-20339\"\/><\/a><\/figure>\n\n\n\n<p>Bijeli sako<br>Pamu\u010dna majica<br>Plavi traper<\/p>\n\n\n\n<p><em><strong>9,&nbsp;<\/strong><\/em><\/p>\n\n\n\n<figure class=\"wp-block-image\"><a href=\"https:\/\/moda.covermagazin.com\/wp-content\/uploads\/2018\/07\/moderna_odjeca_2.jpg\"><img decoding=\"async\" src=\"https:\/\/moda.covermagazin.com\/wp-content\/uploads\/2018\/07\/moderna_odjeca_2.jpg\" alt=\"\" class=\"wp-image-28452\"\/><\/a><\/figure>\n\n\n\n<p>Traper jakna<\/p>\n\n\n\n<p><em><strong>10,&nbsp;<\/strong><\/em><\/p>\n\n\n\n<p><a href=\"https:\/\/moda.covermagazin.com\/wp-content\/uploads\/2018\/07\/moderna_odjeca_3.jpg\"><img loading=\"lazy\" decoding=\"async\" class=\"alignnone size-full wp-image-28453\" src=\"https:\/\/moda.covermagazin.com\/wp-content\/uploads\/2018\/07\/moderna_odjeca_3.jpg\" alt=\"\" width=\"450\" height=\"300\"><\/a><br>Pa\u0161mina \u0161al<\/p>\n\n\n\n<p><em><strong>11,12<\/strong><\/em><\/p>\n\n\n\n<figure class=\"wp-block-image\"><a href=\"http:\/\/moda.covermagazin.com\/wp-content\/uploads\/2011\/06\/modni-komadi3.jpg\"><img decoding=\"async\" src=\"http:\/\/moda.covermagazin.com\/wp-content\/uploads\/2011\/06\/modni-komadi3.jpg\" alt=\"modni-komadi3\" class=\"wp-image-20341\"\/><\/a><\/figure>\n\n\n\n<p>Pilotske nao\u010dale<br>Ko\u017ena jakna<\/p>\n\n\n\n<p><em><strong>13,14,15,<\/strong><\/em><\/p>\n\n\n\n<figure class=\"wp-block-image\"><a href=\"http:\/\/moda.covermagazin.com\/wp-content\/uploads\/2011\/06\/modni-komadi4.jpg\"><img decoding=\"async\" src=\"http:\/\/moda.covermagazin.com\/wp-content\/uploads\/2011\/06\/modni-komadi4.jpg\" alt=\"modni-komadi4\" class=\"wp-image-20342\"\/><\/a><\/figure>\n\n\n\n<p>Veste srednje du\u017eine<br>Crna suknja<br>Sat s ko\u017enim crnim remenom<\/p>\n\n\n\n<p><em><strong>16<\/strong><\/em><\/p>\n\n\n\n<figure class=\"wp-block-image\"><a href=\"http:\/\/moda.covermagazin.com\/wp-content\/uploads\/2011\/06\/bezvremenski-stil-5.jpg\"><img decoding=\"async\" src=\"http:\/\/moda.covermagazin.com\/wp-content\/uploads\/2011\/06\/bezvremenski-stil-5.jpg\" alt=\"\" class=\"wp-image-9647\" title=\"bezvremenski-stil-5\"\/><\/a><\/figure>\n\n\n\n<p>Majica na pruge<\/p>\n\n\n\n<p><em><strong>17, 18 <\/strong><\/em><\/p>\n\n\n\n<figure class=\"wp-block-image\"><a href=\"https:\/\/moda.covermagazin.com\/wp-content\/uploads\/2018\/07\/moderna_odjeca_4.jpg\"><img decoding=\"async\" src=\"https:\/\/moda.covermagazin.com\/wp-content\/uploads\/2018\/07\/moderna_odjeca_4.jpg\" alt=\"\" class=\"wp-image-28454\"\/><\/a><\/figure>\n\n\n\n<p>Leopard cipele i torba<\/p>\n\n\n\n<p><em><strong>19<\/strong><\/em><\/p>\n\n\n\n<figure class=\"wp-block-image\"><a href=\"http:\/\/moda.covermagazin.com\/wp-content\/uploads\/2011\/06\/bezvremenski-stil-6.jpg\"><img decoding=\"async\" src=\"http:\/\/moda.covermagazin.com\/wp-content\/uploads\/2011\/06\/bezvremenski-stil-6.jpg\" alt=\"\" class=\"wp-image-9648\" title=\"bezvremenski-stil-6\"\/><\/a><\/figure>\n\n\n\n<p>Dukserica<\/p>\n\n\n\n<p><em><strong>20<\/strong><\/em><\/p>\n\n\n\n<figure class=\"wp-block-image\"><a href=\"http:\/\/moda.covermagazin.com\/wp-content\/uploads\/2011\/06\/bezvremenski-stil-7.jpg\"><img decoding=\"async\" src=\"http:\/\/moda.covermagazin.com\/wp-content\/uploads\/2011\/06\/bezvremenski-stil-7.jpg\" alt=\"\" class=\"wp-image-9649\" title=\"bezvremenski-stil-7\"\/><\/a><\/figure>\n\n\n\n<p>Crne hla\u010de<\/p>\n\n\n\n<p><em><strong>21<\/strong><\/em><\/p>\n\n\n\n<figure class=\"wp-block-image\"><a href=\"http:\/\/moda.covermagazin.com\/wp-content\/uploads\/2011\/06\/bezvremenski-stil-8.jpg\"><img decoding=\"async\" src=\"http:\/\/moda.covermagazin.com\/wp-content\/uploads\/2011\/06\/bezvremenski-stil-8.jpg\" alt=\"\" class=\"wp-image-9650\" title=\"bezvremenski-stil-8\"\/><\/a><\/figure>\n\n\n\n<p>Ko\u017eni remen<\/p>\n\n\n\n<p><em><strong>22<\/strong><\/em><\/p>\n\n\n\n<figure class=\"wp-block-image\"><a href=\"http:\/\/moda.covermagazin.com\/wp-content\/uploads\/2011\/06\/bezvremenski-stil-9.jpg\"><img decoding=\"async\" src=\"http:\/\/moda.covermagazin.com\/wp-content\/uploads\/2011\/06\/bezvremenski-stil-9.jpg\" alt=\"\" class=\"wp-image-9651\" title=\"bezvremenski-stil-9\"\/><\/a><\/figure>\n\n\n\n<p>Jednodijelni kupa\u0107i kostim<\/p>\n\n\n\n<p><em><strong>23<\/strong><\/em><\/p>\n\n\n\n<figure class=\"wp-block-image\"><a href=\"https:\/\/moda.covermagazin.com\/wp-content\/uploads\/2018\/07\/moderna_odjeca_5.jpg\"><img decoding=\"async\" src=\"https:\/\/moda.covermagazin.com\/wp-content\/uploads\/2018\/07\/moderna_odjeca_5.jpg\" alt=\"\" class=\"wp-image-28455\"\/><\/a><\/figure>\n\n\n\n<p>Bijela kapa<\/p>\n\n\n\n<p><em><strong>24<\/strong><\/em><\/p>\n\n\n\n<figure class=\"wp-block-image\"><a href=\"http:\/\/moda.covermagazin.com\/wp-content\/uploads\/2011\/06\/bezvremenski-stil-11.jpg\"><img decoding=\"async\" src=\"http:\/\/moda.covermagazin.com\/wp-content\/uploads\/2011\/06\/bezvremenski-stil-11.jpg\" alt=\"\" class=\"wp-image-9653\" title=\"bezvremenski-stil-11\"\/><\/a><\/figure>\n\n\n\n<p>Klasi\u010dne tenisice<\/p>\n\n\n\n<p><em><strong>25<\/strong><\/em><\/p>\n\n\n\n<figure class=\"wp-block-image\"><a href=\"http:\/\/moda.covermagazin.com\/wp-content\/uploads\/2011\/06\/bezvremenski-stil-12.jpg\"><img decoding=\"async\" src=\"http:\/\/moda.covermagazin.com\/wp-content\/uploads\/2011\/06\/bezvremenski-stil-12.jpg\" alt=\"\" class=\"wp-image-9654\" title=\"bezvremenski-stil-12\"\/><\/a><\/figure>\n\n\n\n<p>Japanke<\/p>\n","protected":false},"excerpt":{"rendered":"<p>25 klasi\u010dnih komada koji \u0107e uvijek biti u modi Zapeli ste u rutini odijevanja? Ponovo otkrijte komade koje ve\u0107 imate u ormaru, te postignite svevremenski klasi\u010dan stil. 1. \u0160al od eko krzna 2,3,4,5, Biserna ogrlicaMala crna haljinicaCvjetni bro\u0161Crne salonke 6, 7, 8, Bijeli sakoPamu\u010dna majicaPlavi traper 9,&nbsp; Traper jakna 10,&nbsp; Pa\u0161mina \u0161al 11,12 Pilotske nao\u010daleKo\u017ena [&hellip;]<\/p>\n","protected":false},"author":1,"featured_media":0,"comment_status":"open","ping_status":"open","sticky":false,"template":"","format":"standard","meta":{"footnotes":""},"categories":[1043,5],"tags":[1510,1100],"class_list":["post-9642","post","type-post","status-publish","format-standard","hentry","category-moda-2018","category-style_news","tag-garderoba","tag-stil"],"_links":{"self":[{"href":"https:\/\/moda.covermagazin.com\/index.php?rest_route=\/wp\/v2\/posts\/9642","targetHints":{"allow":["GET"]}}],"collection":[{"href":"https:\/\/moda.covermagazin.com\/index.php?rest_route=\/wp\/v2\/posts"}],"about":[{"href":"https:\/\/moda.covermagazin.com\/index.php?rest_route=\/wp\/v2\/types\/post"}],"author":[{"embeddable":true,"href":"https:\/\/moda.covermagazin.com\/index.php?rest_route=\/wp\/v2\/users\/1"}],"replies":[{"embeddable":true,"href":"https:\/\/moda.covermagazin.com\/index.php?rest_route=%2Fwp%2Fv2%2Fcomments&post=9642"}],"version-history":[{"count":9,"href":"https:\/\/moda.covermagazin.com\/index.php?rest_route=\/wp\/v2\/posts\/9642\/revisions"}],"predecessor-version":[{"id":49298,"href":"https:\/\/moda.covermagazin.com\/index.php?rest_route=\/wp\/v2\/posts\/9642\/revisions\/49298"}],"wp:attachment":[{"href":"https:\/\/moda.covermagazin.com\/index.php?rest_route=%2Fwp%2Fv2%2Fmedia&parent=9642"}],"wp:term":[{"taxonomy":"category","embeddable":true,"href":"https:\/\/moda.covermagazin.com\/index.php?rest_route=%2Fwp%2Fv2%2Fcategories&post=9642"},{"taxonomy":"post_tag","embeddable":true,"href":"https:\/\/moda.covermagazin.com\/index.php?rest_route=%2Fwp%2Fv2%2Ftags&post=9642"}],"curies":[{"name":"wp","href":"https:\/\/api.w.org\/{rel}","templated":true}]}}