{"id":956,"date":"2020-10-24T08:06:49","date_gmt":"2020-10-24T06:06:49","guid":{"rendered":"http:\/\/moda.covermagazin.com\/?p=956"},"modified":"2024-09-30T22:43:52","modified_gmt":"2024-09-30T20:43:52","slug":"cizme-za-zimu-200910-cvrsti-ukrasi","status":"publish","type":"post","link":"https:\/\/moda.covermagazin.com\/?p=956","title":{"rendered":"Moderne \u010dizme jesen-zima 2021. &#8211; hit sezone"},"content":{"rendered":"<h3><a href=\"https:\/\/moda.covermagazin.com\/?attachment_id=32995\" rel=\"attachment wp-att-32995\"><img loading=\"lazy\" decoding=\"async\" class=\"alignnone size-full wp-image-32995\" src=\"https:\/\/moda.covermagazin.com\/wp-content\/uploads\/2009\/10\/Moderne-\u010dizme-Cover.jpg\" alt=\"\" width=\"600\" height=\"400\" \/><\/a><\/h3>\n<h3>Moderne \u010dizme jesen-zima 2021. &#8211; hit sezone<\/h3>\n<p>Bez obzira da li tra\u017eili ravne ili \u010dizme na visoku potpeticu ove sezone su bijele \u010dizme apsolutni hit.<\/p>\n<p>Ako tra\u017eite \u010dizme koje \u0107e biti primije\u0107ene, tada vam trebaju \u010dizme u bijeloj boji.<\/p>\n<p>Moderne bijele \u010dizme za jesen i zimu 2021. pogledajte ispod:<\/p>\n<figure id=\"attachment_32996\" aria-describedby=\"caption-attachment-32996\" style=\"width: 500px\" class=\"wp-caption alignnone\"><a href=\"https:\/\/moda.covermagazin.com\/wp-content\/uploads\/2009\/10\/Moderne-\u010dizme-FENDI.jpg\"><img loading=\"lazy\" decoding=\"async\" class=\"size-full wp-image-32996\" src=\"https:\/\/moda.covermagazin.com\/wp-content\/uploads\/2009\/10\/Moderne-\u010dizme-FENDI.jpg\" alt=\"\" width=\"500\" height=\"700\" \/><\/a><figcaption id=\"caption-attachment-32996\" class=\"wp-caption-text\">FENDI<\/figcaption><\/figure>\n<figure id=\"attachment_32997\" aria-describedby=\"caption-attachment-32997\" style=\"width: 500px\" class=\"wp-caption alignnone\"><a href=\"https:\/\/moda.covermagazin.com\/?attachment_id=32997\" rel=\"attachment wp-att-32997\"><img loading=\"lazy\" decoding=\"async\" class=\"size-full wp-image-32997\" src=\"https:\/\/moda.covermagazin.com\/wp-content\/uploads\/2009\/10\/Moderne-\u010dizme-JIMMY-CHOO.jpg\" alt=\"\" width=\"500\" height=\"510\" \/><\/a><figcaption id=\"caption-attachment-32997\" class=\"wp-caption-text\">JIMMY CHOO<\/figcaption><\/figure>\n<figure id=\"attachment_32998\" aria-describedby=\"caption-attachment-32998\" style=\"width: 500px\" class=\"wp-caption alignnone\"><a href=\"https:\/\/moda.covermagazin.com\/?attachment_id=32998\" rel=\"attachment wp-att-32998\"><img loading=\"lazy\" decoding=\"async\" class=\"size-full wp-image-32998\" src=\"https:\/\/moda.covermagazin.com\/wp-content\/uploads\/2009\/10\/Moderne-\u010dizme-PARIS-TEXAS.jpg\" alt=\"\" width=\"500\" height=\"700\" \/><\/a><figcaption id=\"caption-attachment-32998\" class=\"wp-caption-text\">PARIS TEXAS<\/figcaption><\/figure>\n<figure id=\"attachment_32999\" aria-describedby=\"caption-attachment-32999\" style=\"width: 500px\" class=\"wp-caption alignnone\"><a href=\"https:\/\/moda.covermagazin.com\/?attachment_id=32999\" rel=\"attachment wp-att-32999\"><img loading=\"lazy\" decoding=\"async\" class=\"size-full wp-image-32999\" src=\"https:\/\/moda.covermagazin.com\/wp-content\/uploads\/2009\/10\/Moderne-\u010dizme-PROENZA-SCHOULER-2.jpg\" alt=\"\" width=\"500\" height=\"700\" \/><\/a><figcaption id=\"caption-attachment-32999\" class=\"wp-caption-text\">PROENZA SCHOULER<\/figcaption><\/figure>\n<p><a href=\"https:\/\/moda.covermagazin.com\/?attachment_id=33000\" rel=\"attachment wp-att-33000\"><img loading=\"lazy\" decoding=\"async\" class=\"alignnone size-large wp-image-33000\" src=\"https:\/\/moda.covermagazin.com\/wp-content\/uploads\/2009\/10\/Moderne-\u010dizme-PROENZA-SCHOULER.jpg\" alt=\"\" width=\"500\" height=\"700\" \/><\/a><\/p>\n<figure id=\"attachment_33001\" aria-describedby=\"caption-attachment-33001\" style=\"width: 500px\" class=\"wp-caption alignnone\"><a href=\"https:\/\/moda.covermagazin.com\/?attachment_id=33001\" rel=\"attachment wp-att-33001\"><img loading=\"lazy\" decoding=\"async\" class=\"size-full wp-image-33001\" src=\"https:\/\/moda.covermagazin.com\/wp-content\/uploads\/2009\/10\/Moderne-\u010dizme-SOREL.jpg\" alt=\"\" width=\"500\" height=\"455\" \/><\/a><figcaption id=\"caption-attachment-33001\" class=\"wp-caption-text\">SOREL<\/figcaption><\/figure>\n<figure id=\"attachment_33002\" aria-describedby=\"caption-attachment-33002\" style=\"width: 500px\" class=\"wp-caption alignnone\"><a href=\"https:\/\/moda.covermagazin.com\/?attachment_id=33002\" rel=\"attachment wp-att-33002\"><img loading=\"lazy\" decoding=\"async\" class=\"size-full wp-image-33002\" src=\"https:\/\/moda.covermagazin.com\/wp-content\/uploads\/2009\/10\/Moderne-\u010dizme-ZARA-2.jpg\" alt=\"\" width=\"500\" height=\"587\" \/><\/a><figcaption id=\"caption-attachment-33002\" class=\"wp-caption-text\">ZARA<\/figcaption><\/figure>\n<figure id=\"attachment_33003\" aria-describedby=\"caption-attachment-33003\" style=\"width: 500px\" class=\"wp-caption alignnone\"><a href=\"https:\/\/moda.covermagazin.com\/?attachment_id=33003\" rel=\"attachment wp-att-33003\"><img loading=\"lazy\" decoding=\"async\" class=\"size-full wp-image-33003\" src=\"https:\/\/moda.covermagazin.com\/wp-content\/uploads\/2009\/10\/Moderne-\u010dizme-ZARA-3.jpg\" alt=\"\" width=\"500\" height=\"378\" \/><\/a><figcaption id=\"caption-attachment-33003\" class=\"wp-caption-text\">ZARA<\/figcaption><\/figure>\n<figure id=\"attachment_33004\" aria-describedby=\"caption-attachment-33004\" style=\"width: 500px\" class=\"wp-caption alignnone\"><a href=\"https:\/\/moda.covermagazin.com\/?attachment_id=33004\" rel=\"attachment wp-att-33004\"><img loading=\"lazy\" decoding=\"async\" class=\"size-full wp-image-33004\" src=\"https:\/\/moda.covermagazin.com\/wp-content\/uploads\/2009\/10\/Moderne-\u010dizme-ZARA.jpg\" alt=\"\" width=\"500\" height=\"432\" \/><\/a><figcaption id=\"caption-attachment-33004\" class=\"wp-caption-text\">ZARA<\/figcaption><\/figure>\n<p>Pro\u010ditajte i:<\/p>\n<blockquote class=\"wp-embedded-content\" data-secret=\"3M6gZRwqTK\"><p><a href=\"https:\/\/moda.covermagazin.com\/?p=26651\">Kompletan vodi\u010d za kupovinu &#8211;  \u010dizme za jesen &#8211; zimu 2022 \/ 2023.<\/a><\/p><\/blockquote>\n<p><iframe loading=\"lazy\" class=\"wp-embedded-content\" sandbox=\"allow-scripts\" security=\"restricted\" style=\"position: absolute; clip: rect(1px, 1px, 1px, 1px);\" title=\"&#8220;Kompletan vodi\u010d za kupovinu &#8211;  \u010dizme za jesen &#8211; zimu 2022 \/ 2023.&#8221; &#8212; Moda \" src=\"https:\/\/moda.covermagazin.com\/?p=26651&#038;embed=true#?secret=F88x3YPRAD#?secret=3M6gZRwqTK\" data-secret=\"3M6gZRwqTK\" width=\"500\" height=\"282\" frameborder=\"0\" marginwidth=\"0\" marginheight=\"0\" scrolling=\"no\"><\/iframe><\/p>\n","protected":false},"excerpt":{"rendered":"<p>Moderne \u010dizme jesen-zima 2021. &#8211; hit sezone Bez obzira da li tra\u017eili ravne ili \u010dizme na visoku potpeticu ove sezone su bijele \u010dizme apsolutni hit. Ako tra\u017eite \u010dizme koje \u0107e biti primije\u0107ene, tada vam trebaju \u010dizme u bijeloj boji. Moderne bijele \u010dizme za jesen i zimu 2021. pogledajte ispod: Pro\u010ditajte i: Kompletan vodi\u010d za kupovinu [&hellip;]<\/p>\n","protected":false},"author":1,"featured_media":0,"comment_status":"open","ping_status":"open","sticky":false,"template":"","format":"standard","meta":{"footnotes":""},"categories":[3],"tags":[1095,1330,1248,1331,1098,1103],"class_list":["post-956","post","type-post","status-publish","format-standard","hentry","category-modni_trendovi","tag-cizme-2019","tag-moda-jesen","tag-moda-jesen-zima","tag-moda-zima","tag-moderne-cizme","tag-cizme"],"_links":{"self":[{"href":"https:\/\/moda.covermagazin.com\/index.php?rest_route=\/wp\/v2\/posts\/956","targetHints":{"allow":["GET"]}}],"collection":[{"href":"https:\/\/moda.covermagazin.com\/index.php?rest_route=\/wp\/v2\/posts"}],"about":[{"href":"https:\/\/moda.covermagazin.com\/index.php?rest_route=\/wp\/v2\/types\/post"}],"author":[{"embeddable":true,"href":"https:\/\/moda.covermagazin.com\/index.php?rest_route=\/wp\/v2\/users\/1"}],"replies":[{"embeddable":true,"href":"https:\/\/moda.covermagazin.com\/index.php?rest_route=%2Fwp%2Fv2%2Fcomments&post=956"}],"version-history":[{"count":10,"href":"https:\/\/moda.covermagazin.com\/index.php?rest_route=\/wp\/v2\/posts\/956\/revisions"}],"predecessor-version":[{"id":48989,"href":"https:\/\/moda.covermagazin.com\/index.php?rest_route=\/wp\/v2\/posts\/956\/revisions\/48989"}],"wp:attachment":[{"href":"https:\/\/moda.covermagazin.com\/index.php?rest_route=%2Fwp%2Fv2%2Fmedia&parent=956"}],"wp:term":[{"taxonomy":"category","embeddable":true,"href":"https:\/\/moda.covermagazin.com\/index.php?rest_route=%2Fwp%2Fv2%2Fcategories&post=956"},{"taxonomy":"post_tag","embeddable":true,"href":"https:\/\/moda.covermagazin.com\/index.php?rest_route=%2Fwp%2Fv2%2Ftags&post=956"}],"curies":[{"name":"wp","href":"https:\/\/api.w.org\/{rel}","templated":true}]}}