{"id":9476,"date":"2011-05-26T08:34:14","date_gmt":"2011-05-26T06:34:14","guid":{"rendered":"http:\/\/moda.covermagazin.com\/?p=9476"},"modified":"2024-09-30T22:04:22","modified_gmt":"2024-09-30T20:04:22","slug":"kako-nositi-prugice","status":"publish","type":"post","link":"https:\/\/moda.covermagazin.com\/?p=9476","title":{"rendered":"Kako nositi prugice"},"content":{"rendered":"<h3>Kako nositi prugice<\/h3>\n<p>Nauti\u010dki stil svako je ljeto moderan na neki na\u010din. Ove godine aktualizirat \u0107ete ga prugicama.<\/p>\n<p>Prugice su\u00a0 za sezonu prolje\u0107e \u2013 ljeto 2011. promovirali luksuzni brandovi poput Jil Sandera i Prade.<\/p>\n<p>Njihove prugice su inspirirane stilom odijevanja\u00a0 sedamdesetih godina, \u0161to \u010dini prugaste haljine A kroja\u00a0 i \u0161orceve\u00a0\u00a0 vrlo modernima.<\/p>\n<p>Osim Jil Sandera i Prade je i Versace u svoju paletu uzoraka uvrstio prugice. Na milanskom tjednu mode ve\u0107ina je dizajnera prugice kombinirala s drugim uzorcima, naj\u010de\u0161\u0107e apstraktnim.<\/p>\n<p><a href=\"http:\/\/moda.covermagazin.com\/wp-content\/uploads\/2011\/05\/prugice-1.jpg\"><img loading=\"lazy\" decoding=\"async\" class=\"alignnone size-full wp-image-9477\" title=\"prugice-1\" src=\"http:\/\/moda.covermagazin.com\/wp-content\/uploads\/2011\/05\/prugice-1.jpg\" alt=\"\" width=\"400\" height=\"576\" \/><\/a><\/p>\n<p><a href=\"http:\/\/moda.covermagazin.com\/wp-content\/uploads\/2011\/05\/prugice-2.jpg\"><img loading=\"lazy\" decoding=\"async\" class=\"alignnone size-full wp-image-9478\" title=\"prugice-2\" src=\"http:\/\/moda.covermagazin.com\/wp-content\/uploads\/2011\/05\/prugice-2.jpg\" alt=\"\" width=\"400\" height=\"544\" \/><\/a><\/p>\n<p><a href=\"http:\/\/moda.covermagazin.com\/wp-content\/uploads\/2011\/05\/prugice-3.jpg\"><img loading=\"lazy\" decoding=\"async\" class=\"alignnone size-full wp-image-9479\" title=\"prugice-3\" src=\"http:\/\/moda.covermagazin.com\/wp-content\/uploads\/2011\/05\/prugice-3.jpg\" alt=\"\" width=\"400\" height=\"562\" \/><\/a><\/p>\n<p><a href=\"http:\/\/moda.covermagazin.com\/wp-content\/uploads\/2011\/05\/prugice-4.jpg\"><img loading=\"lazy\" decoding=\"async\" class=\"alignnone size-full wp-image-9480\" title=\"prugice-4\" src=\"http:\/\/moda.covermagazin.com\/wp-content\/uploads\/2011\/05\/prugice-4.jpg\" alt=\"\" width=\"400\" height=\"624\" \/><\/a><\/p>\n<p><a href=\"http:\/\/moda.covermagazin.com\/wp-content\/uploads\/2011\/05\/prugice-5.jpg\"><img loading=\"lazy\" decoding=\"async\" class=\"alignnone size-full wp-image-9481\" title=\"prugice-5\" src=\"http:\/\/moda.covermagazin.com\/wp-content\/uploads\/2011\/05\/prugice-5.jpg\" alt=\"\" width=\"400\" height=\"585\" \/><\/a><\/p>\n","protected":false},"excerpt":{"rendered":"<p>Kako nositi prugice Nauti\u010dki stil svako je ljeto moderan na neki na\u010din. Ove godine aktualizirat \u0107ete ga prugicama. Prugice su\u00a0 za sezonu prolje\u0107e \u2013 ljeto 2011. promovirali luksuzni brandovi poput Jil Sandera i Prade. Njihove prugice su inspirirane stilom odijevanja\u00a0 sedamdesetih godina, \u0161to \u010dini prugaste haljine A kroja\u00a0 i \u0161orceve\u00a0\u00a0 vrlo modernima. Osim Jil Sandera [&hellip;]<\/p>\n","protected":false},"author":3,"featured_media":0,"comment_status":"open","ping_status":"open","sticky":false,"template":"","format":"standard","meta":{"footnotes":""},"categories":[527,3],"tags":[1159,1209,1127,1152],"class_list":["post-9476","post","type-post","status-publish","format-standard","hentry","category-hot","category-modni_trendovi","tag-dizajnerske-haljine","tag-haljine","tag-haljine-za-ljeto","tag-sorcevi"],"_links":{"self":[{"href":"https:\/\/moda.covermagazin.com\/index.php?rest_route=\/wp\/v2\/posts\/9476","targetHints":{"allow":["GET"]}}],"collection":[{"href":"https:\/\/moda.covermagazin.com\/index.php?rest_route=\/wp\/v2\/posts"}],"about":[{"href":"https:\/\/moda.covermagazin.com\/index.php?rest_route=\/wp\/v2\/types\/post"}],"author":[{"embeddable":true,"href":"https:\/\/moda.covermagazin.com\/index.php?rest_route=\/wp\/v2\/users\/3"}],"replies":[{"embeddable":true,"href":"https:\/\/moda.covermagazin.com\/index.php?rest_route=%2Fwp%2Fv2%2Fcomments&post=9476"}],"version-history":[{"count":6,"href":"https:\/\/moda.covermagazin.com\/index.php?rest_route=\/wp\/v2\/posts\/9476\/revisions"}],"predecessor-version":[{"id":48872,"href":"https:\/\/moda.covermagazin.com\/index.php?rest_route=\/wp\/v2\/posts\/9476\/revisions\/48872"}],"wp:attachment":[{"href":"https:\/\/moda.covermagazin.com\/index.php?rest_route=%2Fwp%2Fv2%2Fmedia&parent=9476"}],"wp:term":[{"taxonomy":"category","embeddable":true,"href":"https:\/\/moda.covermagazin.com\/index.php?rest_route=%2Fwp%2Fv2%2Fcategories&post=9476"},{"taxonomy":"post_tag","embeddable":true,"href":"https:\/\/moda.covermagazin.com\/index.php?rest_route=%2Fwp%2Fv2%2Ftags&post=9476"}],"curies":[{"name":"wp","href":"https:\/\/api.w.org\/{rel}","templated":true}]}}