{"id":8510,"date":"2011-03-18T09:56:27","date_gmt":"2011-03-18T07:56:27","guid":{"rendered":"http:\/\/moda.covermagazin.com\/?p=8510"},"modified":"2024-09-30T22:35:45","modified_gmt":"2024-09-30T20:35:45","slug":"moderne-nausnice-za-proljece-2011","status":"publish","type":"post","link":"https:\/\/moda.covermagazin.com\/?p=8510","title":{"rendered":"Moderne nau\u0161nice za prolje\u0107e"},"content":{"rendered":"<p>Moderne nau\u0161nice za prolje\u0107e \/ ljeto<\/p>\n<p><a href=\"http:\/\/moda.covermagazin.com\/wp-content\/uploads\/2011\/03\/nausnice-1.jpg\"><img loading=\"lazy\" decoding=\"async\" class=\"alignnone size-full wp-image-8511\" title=\"nausnice-1\" src=\"http:\/\/moda.covermagazin.com\/wp-content\/uploads\/2011\/03\/nausnice-1.jpg\" alt=\"Moderne nau\u0161nice za prolje\u0107e \/ ljeto 2011.\" width=\"300\" height=\"400\" \/><\/a><\/p>\n<p><a href=\"http:\/\/moda.covermagazin.com\/wp-content\/uploads\/2011\/03\/nausnice-2.jpg\"><img loading=\"lazy\" decoding=\"async\" class=\"alignnone size-full wp-image-8512\" title=\"nausnice-2\" src=\"http:\/\/moda.covermagazin.com\/wp-content\/uploads\/2011\/03\/nausnice-2.jpg\" alt=\"Moderne nau\u0161nice za prolje\u0107e \/ ljeto 2011.\" width=\"300\" height=\"400\" \/><\/a><\/p>\n<p><a href=\"http:\/\/moda.covermagazin.com\/wp-content\/uploads\/2011\/03\/nausnice-3.jpg\"><img loading=\"lazy\" decoding=\"async\" class=\"alignnone size-full wp-image-8513\" title=\"nausnice-3\" src=\"http:\/\/moda.covermagazin.com\/wp-content\/uploads\/2011\/03\/nausnice-3.jpg\" alt=\"\" width=\"300\" height=\"400\" \/><\/a><\/p>\n<p><a href=\"http:\/\/moda.covermagazin.com\/wp-content\/uploads\/2011\/03\/nausnice-4.jpg\"><img loading=\"lazy\" decoding=\"async\" class=\"alignnone size-full wp-image-8514\" title=\"nausnice-4\" src=\"http:\/\/moda.covermagazin.com\/wp-content\/uploads\/2011\/03\/nausnice-4.jpg\" alt=\"Moderne nau\u0161nice za prolje\u0107e \/ ljeto 2011.\" width=\"300\" height=\"400\" \/><\/a><\/p>\n<p><a href=\"http:\/\/moda.covermagazin.com\/wp-content\/uploads\/2011\/03\/nausnice-5.jpg\"><img loading=\"lazy\" decoding=\"async\" class=\"alignnone size-full wp-image-8515\" title=\"nausnice-5\" src=\"http:\/\/moda.covermagazin.com\/wp-content\/uploads\/2011\/03\/nausnice-5.jpg\" alt=\"Moderne nau\u0161nice za prolje\u0107e \/ ljeto 2011.\" width=\"300\" height=\"400\" \/><\/a><\/p>\n<p><a href=\"http:\/\/moda.covermagazin.com\/wp-content\/uploads\/2011\/03\/nausnice-6.jpg\"><img loading=\"lazy\" decoding=\"async\" class=\"alignnone size-full wp-image-8516\" title=\"nausnice-6\" src=\"http:\/\/moda.covermagazin.com\/wp-content\/uploads\/2011\/03\/nausnice-6.jpg\" alt=\"Moderne nau\u0161nice za prolje\u0107e \/ ljeto 2011.\" width=\"300\" height=\"400\" \/><\/a><\/p>\n<p><a href=\"http:\/\/moda.covermagazin.com\/wp-content\/uploads\/2011\/03\/nausnice-7.jpg\"><img loading=\"lazy\" decoding=\"async\" class=\"alignnone size-full wp-image-8517\" title=\"nausnice-7\" src=\"http:\/\/moda.covermagazin.com\/wp-content\/uploads\/2011\/03\/nausnice-7.jpg\" alt=\"Moderne nau\u0161nice za prolje\u0107e \/ ljeto 2011.\" width=\"300\" height=\"400\" \/><\/a><\/p>\n<p><a href=\"http:\/\/moda.covermagazin.com\/wp-content\/uploads\/2011\/03\/nausnice-8.jpg\"><img loading=\"lazy\" decoding=\"async\" class=\"alignnone size-full wp-image-8518\" title=\"nausnice-8\" src=\"http:\/\/moda.covermagazin.com\/wp-content\/uploads\/2011\/03\/nausnice-8.jpg\" alt=\"Moderne nau\u0161nice za prolje\u0107e \/ ljeto 2011.\" width=\"300\" height=\"400\" \/><\/a><\/p>\n<p><a href=\"http:\/\/moda.covermagazin.com\/wp-content\/uploads\/2011\/03\/nausnice-9.jpg\"><img loading=\"lazy\" decoding=\"async\" class=\"alignnone size-full wp-image-8519\" title=\"nausnice-9\" src=\"http:\/\/moda.covermagazin.com\/wp-content\/uploads\/2011\/03\/nausnice-9.jpg\" alt=\"Moderne nau\u0161nice za prolje\u0107e \/ ljeto 2011.\" width=\"300\" height=\"400\" \/><\/a><\/p>\n<p><a href=\"http:\/\/moda.covermagazin.com\/wp-content\/uploads\/2011\/03\/nausnice-10.jpg\"><img loading=\"lazy\" decoding=\"async\" class=\"alignnone size-full wp-image-8520\" title=\"nausnice-10\" src=\"http:\/\/moda.covermagazin.com\/wp-content\/uploads\/2011\/03\/nausnice-10.jpg\" alt=\"Moderne nau\u0161nice za prolje\u0107e \/ ljeto 2011.\" width=\"300\" height=\"400\" \/><\/a><\/p>\n","protected":false},"excerpt":{"rendered":"<p>Moderne nau\u0161nice za prolje\u0107e \/ ljeto<\/p>\n","protected":false},"author":1,"featured_media":0,"comment_status":"open","ping_status":"open","sticky":false,"template":"","format":"standard","meta":{"footnotes":""},"categories":[3],"tags":[1206,1210,1205],"class_list":["post-8510","post","type-post","status-publish","format-standard","hentry","category-modni_trendovi","tag-moderan-nakit","tag-moderne-nausnice","tag-nausnice"],"_links":{"self":[{"href":"https:\/\/moda.covermagazin.com\/index.php?rest_route=\/wp\/v2\/posts\/8510","targetHints":{"allow":["GET"]}}],"collection":[{"href":"https:\/\/moda.covermagazin.com\/index.php?rest_route=\/wp\/v2\/posts"}],"about":[{"href":"https:\/\/moda.covermagazin.com\/index.php?rest_route=\/wp\/v2\/types\/post"}],"author":[{"embeddable":true,"href":"https:\/\/moda.covermagazin.com\/index.php?rest_route=\/wp\/v2\/users\/1"}],"replies":[{"embeddable":true,"href":"https:\/\/moda.covermagazin.com\/index.php?rest_route=%2Fwp%2Fv2%2Fcomments&post=8510"}],"version-history":[{"count":4,"href":"https:\/\/moda.covermagazin.com\/index.php?rest_route=\/wp\/v2\/posts\/8510\/revisions"}],"predecessor-version":[{"id":48961,"href":"https:\/\/moda.covermagazin.com\/index.php?rest_route=\/wp\/v2\/posts\/8510\/revisions\/48961"}],"wp:attachment":[{"href":"https:\/\/moda.covermagazin.com\/index.php?rest_route=%2Fwp%2Fv2%2Fmedia&parent=8510"}],"wp:term":[{"taxonomy":"category","embeddable":true,"href":"https:\/\/moda.covermagazin.com\/index.php?rest_route=%2Fwp%2Fv2%2Fcategories&post=8510"},{"taxonomy":"post_tag","embeddable":true,"href":"https:\/\/moda.covermagazin.com\/index.php?rest_route=%2Fwp%2Fv2%2Ftags&post=8510"}],"curies":[{"name":"wp","href":"https:\/\/api.w.org\/{rel}","templated":true}]}}