{"id":7246,"date":"2023-07-29T08:35:29","date_gmt":"2023-07-29T06:35:29","guid":{"rendered":"http:\/\/moda.covermagazin.com\/?p=7246"},"modified":"2024-09-30T18:41:06","modified_gmt":"2024-09-30T16:41:06","slug":"glatka-kosa-u-3-koraka","status":"publish","type":"post","link":"https:\/\/moda.covermagazin.com\/?p=7246","title":{"rendered":"Glatka kosa u 3 koraka i moderne frizure poznatih za ravnu kosu"},"content":{"rendered":"\n<figure class=\"wp-block-image size-full\"><img decoding=\"async\" src=\"https:\/\/moda.covermagazin.com\/wp-content\/uploads\/2023\/07\/ravna-duga-kosa-cover.jpg\" alt=\"\" class=\"wp-image-45016\"\/><\/figure>\n\n\n\n<h2 class=\"wp-block-heading\">Glatka kosa u 3 koraka<\/h2>\n\n\n\n<p>Posljednjih godina mnogi su prihvatili prirodnu teksturu svoje kose, a sada se pojavljuje \u017eelja da se odr\u017ei prirodna tekstura, ali zdravijeg i pobolj\u0161anog izgleda.<\/p>\n\n\n\n<p>Prema najavama stilista ovo ljeto trebalo je biti ljeto za isprobavanje dramati\u010dnih promjena frizura, me\u0111utim, naj\u010de\u0161\u0107e smo vi\u0111ali, i na zvijezdama i na ulici oko sebe dugu kosu, bilo valovitu ili ravnu. Uo\u010dena je tek manja promjena gdje je naglasak s volumena preba\u010den na teksturu. U fokusu je njegovana, svilena i zdrava kosa.<\/p>\n\n\n\n<p>Ipak, i dok se mnogi vesele povratku ovog trenda, za \u017eene koje imaju prirodno valovitu kosu, ravnanje kose nije lagano. Kako to ipak posti\u0107i?<\/p>\n\n\n\n<p>Iako gla\u010dalo za kosu nije omiljeni frizerski pribor, za glatku frizuru u ku\u0107noj radinosti, je nu\u017eno.<\/p>\n\n\n\n<p><strong>Korak 1.<\/strong> \u2013 Nakon pranja i su\u0161enja koristite gla\u010dalo kako biste izravnali kosu od korijena do vrhova. Ako vam je kosa prirodno ravna, smanjite temperaturu, kako je ne biste nepotrebno o\u0161te\u0107ivali.<\/p>\n\n\n\n<p><strong>Korak 2.<\/strong> \u2013 Nanesite balzam za ravnanje, a ako vam je kosa prirodno kovr\u010dava mo\u017eda \u0107ete morati upotrijebiti i gel za glatku i ravnu kosu kako se ne bi ra\u0161irila u kratkom roku. Nakon balzama mo\u017eete brzinski ponoviti gla\u010danje.<\/p>\n\n\n\n<p><strong>Korak 3.<\/strong> \u2013 Hidratacija. Ako primijetite tijekom dana da vam se neki pramen izvija, protrljajte balzam na dlanovima i pro\u0111ite kroz kosu.<\/p>\n\n\n\n<p><strong>Ispod su najnovije frizure poznatih s glatkom ravnom kosom:<\/strong><\/p>\n\n\n\n<figure class=\"wp-block-gallery has-nested-images columns-default is-cropped has-green-background-color has-background wp-block-gallery-1 is-layout-flex wp-block-gallery-is-layout-flex\">\n<figure class=\"wp-block-image size-large\"><img decoding=\"async\" data-id=\"45013\" src=\"https:\/\/moda.covermagazin.com\/wp-content\/uploads\/2023\/07\/ravna-duga-kosa-3.jpg\" alt=\"\" class=\"wp-image-45013\"\/><\/figure>\n\n\n\n<figure class=\"wp-block-image size-large\"><img decoding=\"async\" data-id=\"45015\" src=\"https:\/\/moda.covermagazin.com\/wp-content\/uploads\/2023\/07\/ravna-duga-kosa-2.jpg\" alt=\"\" class=\"wp-image-45015\"\/><\/figure>\n\n\n\n<figure class=\"wp-block-image size-large\"><img decoding=\"async\" data-id=\"45014\" src=\"https:\/\/moda.covermagazin.com\/wp-content\/uploads\/2023\/07\/ravna-duga-kosa-1.jpg\" alt=\"\" class=\"wp-image-45014\"\/><\/figure>\n\n\n\n<figure class=\"wp-block-image size-large\"><img decoding=\"async\" data-id=\"45012\" src=\"https:\/\/moda.covermagazin.com\/wp-content\/uploads\/2023\/07\/ravna-duga-kosa-4.jpg\" alt=\"\" class=\"wp-image-45012\"\/><\/figure>\n<figcaption class=\"blocks-gallery-caption wp-element-caption\">Frizure poznatih, srpanj 2023.<\/figcaption><\/figure>\n\n\n\n<h2 class=\"wp-block-heading\">Moderne frizure za ravnu kosu<\/h2>\n\n\n\n<p>I pro\u0161log ljeta bila je moderna glatka i ravna kosa, ali u odnosu na najnovije frizure iznad primijetit \u0107ete da su frizure iznad sjajnije i odaju njegovaniji dojam. <\/p>\n\n\n\n<figure class=\"wp-block-gallery has-nested-images columns-default is-cropped has-blue-background-color has-background wp-block-gallery-2 is-layout-flex wp-block-gallery-is-layout-flex\">\n<figure class=\"wp-block-image size-large\"><img decoding=\"async\" data-id=\"42590\" src=\"https:\/\/moda.covermagazin.com\/wp-content\/uploads\/2022\/07\/ravna-kosa-cover5.jpg\" alt=\"\" class=\"wp-image-42590\"\/><\/figure>\n\n\n\n<figure class=\"wp-block-image size-large\"><img decoding=\"async\" data-id=\"42593\" src=\"https:\/\/moda.covermagazin.com\/wp-content\/uploads\/2022\/07\/ravna-kosa-cover-4.jpg\" alt=\"\" class=\"wp-image-42593\"\/><\/figure>\n\n\n\n<figure class=\"wp-block-image size-large\"><img decoding=\"async\" data-id=\"42591\" src=\"https:\/\/moda.covermagazin.com\/wp-content\/uploads\/2022\/07\/ravna-kosa-cover-3.jpg\" alt=\"\" class=\"wp-image-42591\"\/><\/figure>\n\n\n\n<figure class=\"wp-block-image size-large\"><img decoding=\"async\" data-id=\"42589\" src=\"https:\/\/moda.covermagazin.com\/wp-content\/uploads\/2022\/07\/ravna-kosa-cover-2.jpg\" alt=\"\" class=\"wp-image-42589\"\/><\/figure>\n<figcaption class=\"blocks-gallery-caption wp-element-caption\">Frizure poznatih, srpanj 2022.<\/figcaption><\/figure>\n\n\n\n<p><\/p>\n","protected":false},"excerpt":{"rendered":"<p>Glatka kosa u 3 koraka Posljednjih godina mnogi su prihvatili prirodnu teksturu svoje kose, a sada se pojavljuje \u017eelja da se odr\u017ei prirodna tekstura, ali zdravijeg i pobolj\u0161anog izgleda. Prema najavama stilista ovo ljeto trebalo je biti ljeto za isprobavanje dramati\u010dnih promjena frizura, me\u0111utim, naj\u010de\u0161\u0107e smo vi\u0111ali, i na zvijezdama i na ulici oko sebe [&hellip;]<\/p>\n","protected":false},"author":1,"featured_media":0,"comment_status":"open","ping_status":"open","sticky":false,"template":"","format":"standard","meta":{"footnotes":""},"categories":[4,1043],"tags":[1085],"class_list":["post-7246","post","type-post","status-publish","format-standard","hentry","category-frizure_poznatih","category-moda-2018","tag-frizure"],"_links":{"self":[{"href":"https:\/\/moda.covermagazin.com\/index.php?rest_route=\/wp\/v2\/posts\/7246","targetHints":{"allow":["GET"]}}],"collection":[{"href":"https:\/\/moda.covermagazin.com\/index.php?rest_route=\/wp\/v2\/posts"}],"about":[{"href":"https:\/\/moda.covermagazin.com\/index.php?rest_route=\/wp\/v2\/types\/post"}],"author":[{"embeddable":true,"href":"https:\/\/moda.covermagazin.com\/index.php?rest_route=\/wp\/v2\/users\/1"}],"replies":[{"embeddable":true,"href":"https:\/\/moda.covermagazin.com\/index.php?rest_route=%2Fwp%2Fv2%2Fcomments&post=7246"}],"version-history":[{"count":12,"href":"https:\/\/moda.covermagazin.com\/index.php?rest_route=\/wp\/v2\/posts\/7246\/revisions"}],"predecessor-version":[{"id":48389,"href":"https:\/\/moda.covermagazin.com\/index.php?rest_route=\/wp\/v2\/posts\/7246\/revisions\/48389"}],"wp:attachment":[{"href":"https:\/\/moda.covermagazin.com\/index.php?rest_route=%2Fwp%2Fv2%2Fmedia&parent=7246"}],"wp:term":[{"taxonomy":"category","embeddable":true,"href":"https:\/\/moda.covermagazin.com\/index.php?rest_route=%2Fwp%2Fv2%2Fcategories&post=7246"},{"taxonomy":"post_tag","embeddable":true,"href":"https:\/\/moda.covermagazin.com\/index.php?rest_route=%2Fwp%2Fv2%2Ftags&post=7246"}],"curies":[{"name":"wp","href":"https:\/\/api.w.org\/{rel}","templated":true}]}}