{"id":7050,"date":"2010-10-22T15:02:52","date_gmt":"2010-10-22T13:02:52","guid":{"rendered":"http:\/\/moda.covermagazin.com\/?p=7050"},"modified":"2024-09-30T18:35:53","modified_gmt":"2024-09-30T16:35:53","slug":"moderne-torbe-za-zimu-2011","status":"publish","type":"post","link":"https:\/\/moda.covermagazin.com\/?p=7050","title":{"rendered":"Moderne torbe za zimu"},"content":{"rendered":"<h3><a href=\"https:\/\/moda.covermagazin.com\/wp-content\/uploads\/2010\/10\/Moderne-torbe-za-zimu.jpg\"><img loading=\"lazy\" decoding=\"async\" class=\"alignnone size-full wp-image-32085\" src=\"https:\/\/moda.covermagazin.com\/wp-content\/uploads\/2010\/10\/Moderne-torbe-za-zimu.jpg\" alt=\"\" width=\"600\" height=\"401\" \/><\/a><\/h3>\n<h3>Moderne torbe za zimu<\/h3>\n<p>Torba je fascinantan predmet jer istovremeno vam omogu\u0107ava da izrazite svoju osobnost i stil, dok je vrlo funkcionalan modni dodatak.<\/p>\n<p>Torbe se ove sezone ponovno vra\u0107aju klasici, ne\u0161to su manje i pravilnijih oblika.<\/p>\n<p>Torbe izra\u0111ene od krzna, mogu biti odli\u010dan modni dodatak. Nekad je krzno bile rezervirano isklju\u010divo za kapute i \u0161alove, pa se postupno po\u010delo povezivati s \u010dizmama, a u posljednje vrijeme mo\u017eete ga nositi i u ruci.<\/p>\n<p>Od ostalih materijala moderna je ko\u017ea, pletene tkanine, ali naglasak je stavljene na obliku i \u010dvrsto\u0107e.<\/p>\n<figure id=\"attachment_32078\" aria-describedby=\"caption-attachment-32078\" style=\"width: 500px\" class=\"wp-caption alignnone\"><a href=\"https:\/\/moda.covermagazin.com\/wp-content\/uploads\/2010\/10\/Moderne-torbe-za-zimu-BURBERRY.jpg\"><img loading=\"lazy\" decoding=\"async\" class=\"size-full wp-image-32078\" src=\"https:\/\/moda.covermagazin.com\/wp-content\/uploads\/2010\/10\/Moderne-torbe-za-zimu-BURBERRY.jpg\" alt=\"\" width=\"500\" height=\"700\" \/><\/a><figcaption id=\"caption-attachment-32078\" class=\"wp-caption-text\">BURBERRY<\/figcaption><\/figure>\n<figure id=\"attachment_32079\" aria-describedby=\"caption-attachment-32079\" style=\"width: 500px\" class=\"wp-caption alignnone\"><a href=\"https:\/\/moda.covermagazin.com\/wp-content\/uploads\/2010\/10\/Moderne-torbe-za-zimu-CHRISTIAN-LOUBOUTIN.jpg\"><img loading=\"lazy\" decoding=\"async\" class=\"size-full wp-image-32079\" src=\"https:\/\/moda.covermagazin.com\/wp-content\/uploads\/2010\/10\/Moderne-torbe-za-zimu-CHRISTIAN-LOUBOUTIN.jpg\" alt=\"\" width=\"500\" height=\"700\" \/><\/a><figcaption id=\"caption-attachment-32079\" class=\"wp-caption-text\">CHRISTIAN LOUBOUTIN<\/figcaption><\/figure>\n<figure id=\"attachment_32080\" aria-describedby=\"caption-attachment-32080\" style=\"width: 500px\" class=\"wp-caption alignnone\"><a href=\"https:\/\/moda.covermagazin.com\/wp-content\/uploads\/2010\/10\/Moderne-torbe-za-zimu-GIVENCHY.jpg\"><img loading=\"lazy\" decoding=\"async\" class=\"size-full wp-image-32080\" src=\"https:\/\/moda.covermagazin.com\/wp-content\/uploads\/2010\/10\/Moderne-torbe-za-zimu-GIVENCHY.jpg\" alt=\"\" width=\"500\" height=\"700\" \/><\/a><figcaption id=\"caption-attachment-32080\" class=\"wp-caption-text\">GIVENCHY<\/figcaption><\/figure>\n<figure id=\"attachment_32081\" aria-describedby=\"caption-attachment-32081\" style=\"width: 500px\" class=\"wp-caption alignnone\"><a href=\"https:\/\/moda.covermagazin.com\/wp-content\/uploads\/2010\/10\/Moderne-torbe-za-zimu-SAINT-LAURENT-2.jpg\"><img loading=\"lazy\" decoding=\"async\" class=\"size-full wp-image-32081\" src=\"https:\/\/moda.covermagazin.com\/wp-content\/uploads\/2010\/10\/Moderne-torbe-za-zimu-SAINT-LAURENT-2.jpg\" alt=\"\" width=\"500\" height=\"700\" \/><\/a><figcaption id=\"caption-attachment-32081\" class=\"wp-caption-text\">SAINT LAURENT<\/figcaption><\/figure>\n<figure id=\"attachment_32082\" aria-describedby=\"caption-attachment-32082\" style=\"width: 500px\" class=\"wp-caption alignnone\"><a href=\"https:\/\/moda.covermagazin.com\/wp-content\/uploads\/2010\/10\/Moderne-torbe-za-zimu-SAINT-LAURENT.jpg\"><img loading=\"lazy\" decoding=\"async\" class=\"size-full wp-image-32082\" src=\"https:\/\/moda.covermagazin.com\/wp-content\/uploads\/2010\/10\/Moderne-torbe-za-zimu-SAINT-LAURENT.jpg\" alt=\"\" width=\"500\" height=\"700\" \/><\/a><figcaption id=\"caption-attachment-32082\" class=\"wp-caption-text\">SAINT LAURENT<\/figcaption><\/figure>\n<figure id=\"attachment_32083\" aria-describedby=\"caption-attachment-32083\" style=\"width: 500px\" class=\"wp-caption alignnone\"><a href=\"https:\/\/moda.covermagazin.com\/wp-content\/uploads\/2010\/10\/Moderne-torbe-za-zimu-TOM-FORD-2.jpg\"><img loading=\"lazy\" decoding=\"async\" class=\"size-full wp-image-32083\" src=\"https:\/\/moda.covermagazin.com\/wp-content\/uploads\/2010\/10\/Moderne-torbe-za-zimu-TOM-FORD-2.jpg\" alt=\"\" width=\"500\" height=\"700\" \/><\/a><figcaption id=\"caption-attachment-32083\" class=\"wp-caption-text\">TOM FORD<\/figcaption><\/figure>\n<figure id=\"attachment_32084\" aria-describedby=\"caption-attachment-32084\" style=\"width: 500px\" class=\"wp-caption alignnone\"><a href=\"https:\/\/moda.covermagazin.com\/wp-content\/uploads\/2010\/10\/Moderne-torbe-za-zimu-TOM-FORD.jpg\"><img loading=\"lazy\" decoding=\"async\" class=\"size-full wp-image-32084\" src=\"https:\/\/moda.covermagazin.com\/wp-content\/uploads\/2010\/10\/Moderne-torbe-za-zimu-TOM-FORD.jpg\" alt=\"\" width=\"500\" height=\"700\" \/><\/a><figcaption id=\"caption-attachment-32084\" class=\"wp-caption-text\">TOM FORD<\/figcaption><\/figure>\n<p>Pro\u010ditajte i:<\/p>\n<blockquote class=\"wp-embedded-content\" data-secret=\"ghHeNaqcMc\"><p><a href=\"https:\/\/moda.covermagazin.com\/?p=20410\">Brzi pogled na moderne torbe za ljeto<\/a><\/p><\/blockquote>\n<p><iframe loading=\"lazy\" class=\"wp-embedded-content\" sandbox=\"allow-scripts\" security=\"restricted\" style=\"position: absolute; visibility: hidden;\" title=\"&#8220;Brzi pogled na moderne torbe za ljeto&#8221; &#8212; Moda \" src=\"https:\/\/moda.covermagazin.com\/?p=20410&#038;embed=true#?secret=0m8yJdCz14#?secret=ghHeNaqcMc\" data-secret=\"ghHeNaqcMc\" width=\"500\" height=\"282\" frameborder=\"0\" marginwidth=\"0\" marginheight=\"0\" scrolling=\"no\"><\/iframe><\/p>\n","protected":false},"excerpt":{"rendered":"<p>Moderne torbe za zimu Torba je fascinantan predmet jer istovremeno vam omogu\u0107ava da izrazite svoju osobnost i stil, dok je vrlo funkcionalan modni dodatak. Torbe se ove sezone ponovno vra\u0107aju klasici, ne\u0161to su manje i pravilnijih oblika. Torbe izra\u0111ene od krzna, mogu biti odli\u010dan modni dodatak. Nekad je krzno bile rezervirano isklju\u010divo za kapute i [&hellip;]<\/p>\n","protected":false},"author":1,"featured_media":0,"comment_status":"open","ping_status":"open","sticky":false,"template":"","format":"standard","meta":{"footnotes":""},"categories":[3],"tags":[1091,1247],"class_list":["post-7050","post","type-post","status-publish","format-standard","hentry","category-modni_trendovi","tag-moderne-torbe","tag-torbe"],"_links":{"self":[{"href":"https:\/\/moda.covermagazin.com\/index.php?rest_route=\/wp\/v2\/posts\/7050","targetHints":{"allow":["GET"]}}],"collection":[{"href":"https:\/\/moda.covermagazin.com\/index.php?rest_route=\/wp\/v2\/posts"}],"about":[{"href":"https:\/\/moda.covermagazin.com\/index.php?rest_route=\/wp\/v2\/types\/post"}],"author":[{"embeddable":true,"href":"https:\/\/moda.covermagazin.com\/index.php?rest_route=\/wp\/v2\/users\/1"}],"replies":[{"embeddable":true,"href":"https:\/\/moda.covermagazin.com\/index.php?rest_route=%2Fwp%2Fv2%2Fcomments&post=7050"}],"version-history":[{"count":5,"href":"https:\/\/moda.covermagazin.com\/index.php?rest_route=\/wp\/v2\/posts\/7050\/revisions"}],"predecessor-version":[{"id":48360,"href":"https:\/\/moda.covermagazin.com\/index.php?rest_route=\/wp\/v2\/posts\/7050\/revisions\/48360"}],"wp:attachment":[{"href":"https:\/\/moda.covermagazin.com\/index.php?rest_route=%2Fwp%2Fv2%2Fmedia&parent=7050"}],"wp:term":[{"taxonomy":"category","embeddable":true,"href":"https:\/\/moda.covermagazin.com\/index.php?rest_route=%2Fwp%2Fv2%2Fcategories&post=7050"},{"taxonomy":"post_tag","embeddable":true,"href":"https:\/\/moda.covermagazin.com\/index.php?rest_route=%2Fwp%2Fv2%2Ftags&post=7050"}],"curies":[{"name":"wp","href":"https:\/\/api.w.org\/{rel}","templated":true}]}}