{"id":6913,"date":"2024-12-03T10:44:39","date_gmt":"2024-12-03T08:44:39","guid":{"rendered":"http:\/\/moda.covermagazin.com\/?p=6913"},"modified":"2024-12-03T10:44:39","modified_gmt":"2024-12-03T08:44:39","slug":"kako-nositi-kape","status":"publish","type":"post","link":"https:\/\/moda.covermagazin.com\/?p=6913","title":{"rendered":"Kako nositi kape"},"content":{"rendered":"\n<figure class=\"wp-block-image size-full\"><img decoding=\"async\" src=\"https:\/\/moda.covermagazin.com\/wp-content\/uploads\/2014\/09\/kako-nositi-kape.jpg\" alt=\"\" class=\"wp-image-50851\" title=\"sesiri-2\"\/><\/figure>\n\n\n\n<h3 class=\"wp-block-heading\">Kako nositi kape<\/h3>\n\n\n\n<p>-1- Ako ste se odlu\u010dili za kapu s obodom, neka bude neutralnijih boja koje pristaju va\u0161oj boji tena jer \u0107e na taj na\u010din vratiti fokus na va\u0161e lice umjesto \u0161e\u0161ira.<\/p>\n\n\n\n<figure class=\"wp-block-image size-full\"><img decoding=\"async\" src=\"https:\/\/moda.covermagazin.com\/wp-content\/uploads\/2014\/09\/kako-nositi-kape-2.jpg\" alt=\"\" class=\"wp-image-50852\"\/><\/figure>\n\n\n\n<p><\/p>\n\n\n\n<p>-2- Ove sezone uskla\u0111ujemo boje i materijale. Ili bar jedno ili drugo. Ko\u017ena kapa s ko\u017enom jaknom.  Na  jaknu od tvida najbolje bi bilo bolje nositi kapu od tvida. Krznena kapa se nosi na krzneni kaput. <\/p>\n\n\n\n<figure class=\"wp-block-image size-full\"><img decoding=\"async\" src=\"https:\/\/moda.covermagazin.com\/wp-content\/uploads\/2014\/09\/kako-nositi-kape-3.jpg\" alt=\"\" class=\"wp-image-50853\"\/><\/figure>\n\n\n\n<p>-3- Polo kape zimi puno bolje izgledaju ako su od zimskih materijala. <\/p>\n\n\n\n<figure class=\"wp-block-image size-full\"><img decoding=\"async\" src=\"https:\/\/moda.covermagazin.com\/wp-content\/uploads\/2014\/09\/kako-nositi-kape-7.jpg\" alt=\"\" class=\"wp-image-50856\"\/><\/figure>\n\n\n\n<p>-4- Nemojte nositi ljetne \u0161e\u0161ire. Ljetni \u0161e\u0161ir zimi nema svrhu, ni za\u0161titu od hladno\u0107e, a ni sunca, niti pristaje. Ako nosite \u0161e\u0161ir zimi, neka bude od toplih zimskih materijala. <\/p>\n\n\n\n<figure class=\"wp-block-image size-full\"><img decoding=\"async\" src=\"https:\/\/moda.covermagazin.com\/wp-content\/uploads\/2014\/09\/kako-nositi-kape-5.jpg\" alt=\"\" class=\"wp-image-50855\"\/><\/figure>\n\n\n\n<p>-5- Ostavite malo kose da vam viri ispod velikih pletenih kapa, kako ne bi izgledale kao kape u frizerskom salonu.<\/p>\n\n\n\n<figure class=\"wp-block-image size-full\"><img decoding=\"async\" src=\"https:\/\/moda.covermagazin.com\/wp-content\/uploads\/2014\/09\/kako-nositi-kape-4.jpg\" alt=\"\" class=\"wp-image-50854\"\/><\/figure>\n\n\n\n<p>-6- Kapu mo\u017eete nositi kako biste spasili lo\u0161 outfit.<\/p>\n\n\n\n<figure class=\"wp-block-image size-full\"><img decoding=\"async\" src=\"https:\/\/moda.covermagazin.com\/wp-content\/uploads\/2014\/09\/kako-nositi-kape-9.jpg\" alt=\"\" class=\"wp-image-50858\"\/><\/figure>\n\n\n\n<p>-7- Koristite kape da \u201epodignete\u201c le\u017eeran look.<\/p>\n\n\n\n<figure class=\"wp-block-image size-full\"><img decoding=\"async\" src=\"https:\/\/moda.covermagazin.com\/wp-content\/uploads\/2014\/09\/kako-nositi-kape-8.jpg\" alt=\"\" class=\"wp-image-50857\"\/><\/figure>\n\n\n\n<p>-8- Za polo kapom ili klasi\u010dnom \u0161iltericom posegnite kao najlak\u0161om opcijom. Takva kapa \u0107e uvijek popraviti va\u0161 look.<\/p>\n\n\n\n<figure class=\"wp-block-image size-full\"><img decoding=\"async\" src=\"https:\/\/moda.covermagazin.com\/wp-content\/uploads\/2014\/09\/kako-nositi-kape-11.jpg\" alt=\"\" class=\"wp-image-50860\"\/><\/figure>\n\n\n\n<p>-9- Poigravajte se sa \u017eenstveno\u0161\u0107u no\u0161enjem mu\u0161kastih \u0161e\u0161ira, ali nemojte da vam cijeli look bude dje\u010da\u010dki, takve kape nosite na \u017eenstvenu odje\u0107u i \u0161minku.<\/p>\n\n\n\n<figure class=\"wp-block-image size-full\"><img decoding=\"async\" src=\"https:\/\/moda.covermagazin.com\/wp-content\/uploads\/2014\/09\/kako-nositi-kape-10.jpg\" alt=\"\" class=\"wp-image-50859\"\/><\/figure>\n\n\n\n<p>-10- Nemojte pretjerivati. Veliki \u0161e\u0161iri s velikim obodima stvar su pro\u0161losti i eventualno ljeta. A sada nije ni jedno ni drugo.<\/p>\n\n\n\n<p><\/p>\n","protected":false},"excerpt":{"rendered":"<p>Kako nositi kape -1- Ako ste se odlu\u010dili za kapu s obodom, neka bude neutralnijih boja koje pristaju va\u0161oj boji tena jer \u0107e na taj na\u010din vratiti fokus na va\u0161e lice umjesto \u0161e\u0161ira. -2- Ove sezone uskla\u0111ujemo boje i materijale. Ili bar jedno ili drugo. Ko\u017ena kapa s ko\u017enom jaknom. Na jaknu od tvida najbolje [&hellip;]<\/p>\n","protected":false},"author":1,"featured_media":0,"comment_status":"open","ping_status":"open","sticky":false,"template":"","format":"standard","meta":{"footnotes":""},"categories":[3],"tags":[1227],"class_list":["post-6913","post","type-post","status-publish","format-standard","hentry","category-modni_trendovi","tag-moderne-kape"],"_links":{"self":[{"href":"https:\/\/moda.covermagazin.com\/index.php?rest_route=\/wp\/v2\/posts\/6913","targetHints":{"allow":["GET"]}}],"collection":[{"href":"https:\/\/moda.covermagazin.com\/index.php?rest_route=\/wp\/v2\/posts"}],"about":[{"href":"https:\/\/moda.covermagazin.com\/index.php?rest_route=\/wp\/v2\/types\/post"}],"author":[{"embeddable":true,"href":"https:\/\/moda.covermagazin.com\/index.php?rest_route=\/wp\/v2\/users\/1"}],"replies":[{"embeddable":true,"href":"https:\/\/moda.covermagazin.com\/index.php?rest_route=%2Fwp%2Fv2%2Fcomments&post=6913"}],"version-history":[{"count":14,"href":"https:\/\/moda.covermagazin.com\/index.php?rest_route=\/wp\/v2\/posts\/6913\/revisions"}],"predecessor-version":[{"id":50861,"href":"https:\/\/moda.covermagazin.com\/index.php?rest_route=\/wp\/v2\/posts\/6913\/revisions\/50861"}],"wp:attachment":[{"href":"https:\/\/moda.covermagazin.com\/index.php?rest_route=%2Fwp%2Fv2%2Fmedia&parent=6913"}],"wp:term":[{"taxonomy":"category","embeddable":true,"href":"https:\/\/moda.covermagazin.com\/index.php?rest_route=%2Fwp%2Fv2%2Fcategories&post=6913"},{"taxonomy":"post_tag","embeddable":true,"href":"https:\/\/moda.covermagazin.com\/index.php?rest_route=%2Fwp%2Fv2%2Ftags&post=6913"}],"curies":[{"name":"wp","href":"https:\/\/api.w.org\/{rel}","templated":true}]}}