{"id":6187,"date":"2024-12-03T06:39:25","date_gmt":"2024-12-03T04:39:25","guid":{"rendered":"http:\/\/moda.covermagazin.com\/?p=6187"},"modified":"2024-12-19T13:02:35","modified_gmt":"2024-12-19T11:02:35","slug":"kape-za-jesen","status":"publish","type":"post","link":"https:\/\/moda.covermagazin.com\/?p=6187","title":{"rendered":"Kape za jesen i zimu u aktualnoj sezoni"},"content":{"rendered":"\n<figure class=\"wp-block-image size-full\"><img decoding=\"async\" src=\"https:\/\/moda.covermagazin.com\/wp-content\/uploads\/2022\/11\/moderne-kape-6-1.jpg\" alt=\"\" class=\"wp-image-50835\"\/><\/figure>\n\n\n\n<h3 class=\"wp-block-heading\">Kape za jesen i zimu u aktualnoj sezoni<\/h3>\n\n\n\n<p>Tra\u017eite modernu kapu za jesen?<\/p>\n\n\n\n<p>Na\u0161 savjet je da se potrudite ne gubiti glavu u pojedinim situacijama, a ono \u0161to \u0107e biti na njoj manje je bitno. Naime, u aktualnoj sezoni za jesen odabir kape vi\u0161e je stvar osobnog stava i stila, a manje trenda. Bilo kakva kapa koja se vama svi\u0111a i koja vam pristaje ne mo\u017ee biti nemoderna.<\/p>\n\n\n\n<p>Ispod su kape poznatih dizajnerskih brandova, te kape kakve nose poznati u aktualnoj sezoni. <\/p>\n\n\n\n<figure class=\"wp-block-gallery has-nested-images columns-default is-cropped wp-block-gallery-1 is-layout-flex wp-block-gallery-is-layout-flex\">\n<figure class=\"wp-block-image size-large\"><img decoding=\"async\" data-id=\"50826\" src=\"https:\/\/moda.covermagazin.com\/wp-content\/uploads\/2010\/12\/kape-zima-2024-2.jpg\" alt=\"\" class=\"wp-image-50826\"\/><\/figure>\n\n\n\n<figure class=\"wp-block-image size-large\"><img decoding=\"async\" data-id=\"50822\" src=\"https:\/\/moda.covermagazin.com\/wp-content\/uploads\/2010\/12\/kape-zima-2024-1.jpg\" alt=\"\" class=\"wp-image-50822\"\/><\/figure>\n\n\n\n<figure class=\"wp-block-image size-large\"><img decoding=\"async\" data-id=\"50821\" src=\"https:\/\/moda.covermagazin.com\/wp-content\/uploads\/2010\/12\/kape-zima-2024-7.jpg\" alt=\"\" class=\"wp-image-50821\"\/><\/figure>\n\n\n\n<figure class=\"wp-block-image size-large\"><img decoding=\"async\" data-id=\"50823\" src=\"https:\/\/moda.covermagazin.com\/wp-content\/uploads\/2010\/12\/kape-zima-2024-5.jpg\" alt=\"\" class=\"wp-image-50823\"\/><\/figure>\n\n\n\n<figure class=\"wp-block-image size-large\"><img decoding=\"async\" data-id=\"50827\" src=\"https:\/\/moda.covermagazin.com\/wp-content\/uploads\/2010\/12\/kape-zima-2024.jpg\" alt=\"\" class=\"wp-image-50827\"\/><\/figure>\n\n\n\n<figure class=\"wp-block-image size-large\"><img decoding=\"async\" data-id=\"50835\" src=\"https:\/\/moda.covermagazin.com\/wp-content\/uploads\/2022\/11\/moderne-kape-6-1.jpg\" alt=\"\" class=\"wp-image-50835\"\/><\/figure>\n\n\n\n<figure class=\"wp-block-image size-large\"><img decoding=\"async\" data-id=\"50837\" src=\"https:\/\/moda.covermagazin.com\/wp-content\/uploads\/2022\/11\/moderne-kape-5-1.jpg\" alt=\"\" class=\"wp-image-50837\"\/><\/figure>\n\n\n\n<figure class=\"wp-block-image size-large\"><img decoding=\"async\" data-id=\"50839\" src=\"https:\/\/moda.covermagazin.com\/wp-content\/uploads\/2022\/11\/moderne-kape-4-1.jpg\" alt=\"\" class=\"wp-image-50839\"\/><\/figure>\n\n\n\n<figure class=\"wp-block-image size-large\"><img decoding=\"async\" data-id=\"50831\" src=\"https:\/\/moda.covermagazin.com\/wp-content\/uploads\/2022\/11\/moderne-kape-9.jpg\" alt=\"\" class=\"wp-image-50831\"\/><\/figure>\n\n\n\n<figure class=\"wp-block-image size-large\"><img decoding=\"async\" data-id=\"50833\" src=\"https:\/\/moda.covermagazin.com\/wp-content\/uploads\/2022\/11\/moderne-kape-2-1.jpg\" alt=\"\" class=\"wp-image-50833\"\/><\/figure>\n\n\n\n<figure class=\"wp-block-image size-large\"><img decoding=\"async\" data-id=\"50832\" src=\"https:\/\/moda.covermagazin.com\/wp-content\/uploads\/2022\/11\/moderne-kape-8.jpg\" alt=\"\" class=\"wp-image-50832\"\/><\/figure>\n\n\n\n<figure class=\"wp-block-image size-large\"><img decoding=\"async\" data-id=\"50828\" src=\"https:\/\/moda.covermagazin.com\/wp-content\/uploads\/2010\/12\/kape-zima-2024-4.jpg\" alt=\"\" class=\"wp-image-50828\"\/><\/figure>\n\n\n\n<figure class=\"wp-block-image size-large\"><img decoding=\"async\" data-id=\"50825\" src=\"https:\/\/moda.covermagazin.com\/wp-content\/uploads\/2010\/12\/kape-zima-2024-3.jpg\" alt=\"\" class=\"wp-image-50825\"\/><\/figure>\n\n\n\n<figure class=\"wp-block-image size-large\"><img decoding=\"async\" data-id=\"50824\" src=\"https:\/\/moda.covermagazin.com\/wp-content\/uploads\/2010\/12\/kape-zima-2024-6.jpg\" alt=\"\" class=\"wp-image-50824\"\/><\/figure>\n\n\n\n<figure class=\"wp-block-image size-large\"><img decoding=\"async\" data-id=\"50836\" src=\"https:\/\/moda.covermagazin.com\/wp-content\/uploads\/2022\/11\/moderne-kape-7-1.jpg\" alt=\"\" class=\"wp-image-50836\"\/><\/figure>\n\n\n\n<figure class=\"wp-block-image size-large\"><img decoding=\"async\" data-id=\"50838\" src=\"https:\/\/moda.covermagazin.com\/wp-content\/uploads\/2022\/11\/moderne-kape-1-1.jpg\" alt=\"\" class=\"wp-image-50838\"\/><\/figure>\n\n\n\n<figure class=\"wp-block-image size-large\"><img decoding=\"async\" data-id=\"50834\" src=\"https:\/\/moda.covermagazin.com\/wp-content\/uploads\/2022\/11\/moderne-kape-3-1.jpg\" alt=\"\" class=\"wp-image-50834\"\/><\/figure>\n\n\n\n<figure class=\"wp-block-image size-large\"><img decoding=\"async\" data-id=\"50840\" src=\"https:\/\/moda.covermagazin.com\/wp-content\/uploads\/2022\/11\/moderne-kape-10.jpg\" alt=\"\" class=\"wp-image-50840\"\/><\/figure>\n\n\n\n<figure class=\"wp-block-image size-large\"><img decoding=\"async\" data-id=\"50851\" src=\"https:\/\/moda.covermagazin.com\/wp-content\/uploads\/2014\/09\/kako-nositi-kape.jpg\" alt=\"\" class=\"wp-image-50851\"\/><\/figure>\n\n\n\n<figure class=\"wp-block-image size-large\"><img decoding=\"async\" data-id=\"50852\" src=\"https:\/\/moda.covermagazin.com\/wp-content\/uploads\/2014\/09\/kako-nositi-kape-2.jpg\" alt=\"\" class=\"wp-image-50852\"\/><\/figure>\n\n\n\n<figure class=\"wp-block-image size-large\"><img decoding=\"async\" data-id=\"50853\" src=\"https:\/\/moda.covermagazin.com\/wp-content\/uploads\/2014\/09\/kako-nositi-kape-3.jpg\" alt=\"\" class=\"wp-image-50853\"\/><\/figure>\n\n\n\n<figure class=\"wp-block-image size-large\"><img decoding=\"async\" data-id=\"50854\" src=\"https:\/\/moda.covermagazin.com\/wp-content\/uploads\/2014\/09\/kako-nositi-kape-4.jpg\" alt=\"\" class=\"wp-image-50854\"\/><\/figure>\n\n\n\n<figure class=\"wp-block-image size-large\"><img decoding=\"async\" data-id=\"50855\" src=\"https:\/\/moda.covermagazin.com\/wp-content\/uploads\/2014\/09\/kako-nositi-kape-5.jpg\" alt=\"\" class=\"wp-image-50855\"\/><\/figure>\n\n\n\n<figure class=\"wp-block-image size-large\"><img decoding=\"async\" data-id=\"50856\" src=\"https:\/\/moda.covermagazin.com\/wp-content\/uploads\/2014\/09\/kako-nositi-kape-7.jpg\" alt=\"\" class=\"wp-image-50856\"\/><\/figure>\n\n\n\n<figure class=\"wp-block-image size-large\"><img decoding=\"async\" data-id=\"50857\" src=\"https:\/\/moda.covermagazin.com\/wp-content\/uploads\/2014\/09\/kako-nositi-kape-8.jpg\" alt=\"\" class=\"wp-image-50857\"\/><\/figure>\n\n\n\n<figure class=\"wp-block-image size-large\"><img decoding=\"async\" data-id=\"50858\" src=\"https:\/\/moda.covermagazin.com\/wp-content\/uploads\/2014\/09\/kako-nositi-kape-9.jpg\" alt=\"\" class=\"wp-image-50858\"\/><\/figure>\n\n\n\n<figure class=\"wp-block-image size-large\"><img decoding=\"async\" data-id=\"50877\" src=\"https:\/\/moda.covermagazin.com\/wp-content\/uploads\/2010\/10\/kako-nositi-kape-cover.jpg\" alt=\"\" class=\"wp-image-50877\"\/><\/figure>\n\n\n\n<figure class=\"wp-block-image size-large\"><img decoding=\"async\" data-id=\"50870\" src=\"https:\/\/moda.covermagazin.com\/wp-content\/uploads\/2013\/10\/moderne-kape.jpg\" alt=\"\" class=\"wp-image-50870\"\/><\/figure>\n\n\n\n<figure class=\"wp-block-image size-large\"><img decoding=\"async\" data-id=\"50869\" src=\"https:\/\/moda.covermagazin.com\/wp-content\/uploads\/2013\/10\/moderne-kape-3.jpg\" alt=\"\" class=\"wp-image-50869\"\/><\/figure>\n\n\n\n<figure class=\"wp-block-image size-large\"><img decoding=\"async\" data-id=\"50868\" src=\"https:\/\/moda.covermagazin.com\/wp-content\/uploads\/2013\/10\/moderne-kape-f.jpg\" alt=\"\" class=\"wp-image-50868\"\/><\/figure>\n\n\n\n<figure class=\"wp-block-image size-large\"><img decoding=\"async\" data-id=\"50865\" src=\"https:\/\/moda.covermagazin.com\/wp-content\/uploads\/2009\/12\/moderne-kape-11.jpg\" alt=\"\" class=\"wp-image-50865\"\/><\/figure>\n\n\n\n<figure class=\"wp-block-image size-large\"><img decoding=\"async\" data-id=\"50864\" src=\"https:\/\/moda.covermagazin.com\/wp-content\/uploads\/2009\/12\/moderne-kape-14.jpg\" alt=\"\" class=\"wp-image-50864\"\/><\/figure>\n\n\n\n<figure class=\"wp-block-image size-large\"><img decoding=\"async\" data-id=\"50863\" src=\"https:\/\/moda.covermagazin.com\/wp-content\/uploads\/2009\/12\/moderne-kape-12.jpg\" alt=\"\" class=\"wp-image-50863\"\/><\/figure>\n\n\n\n<figure class=\"wp-block-image size-large\"><img decoding=\"async\" data-id=\"50860\" src=\"https:\/\/moda.covermagazin.com\/wp-content\/uploads\/2014\/09\/kako-nositi-kape-11.jpg\" alt=\"\" class=\"wp-image-50860\"\/><\/figure>\n\n\n\n<figure class=\"wp-block-image size-large\"><img decoding=\"async\" data-id=\"50859\" src=\"https:\/\/moda.covermagazin.com\/wp-content\/uploads\/2014\/09\/kako-nositi-kape-10.jpg\" alt=\"\" class=\"wp-image-50859\"\/><\/figure>\n<\/figure>\n\n\n\n<p><\/p>\n","protected":false},"excerpt":{"rendered":"<p>Kape za jesen i zimu u aktualnoj sezoni Tra\u017eite modernu kapu za jesen? Na\u0161 savjet je da se potrudite ne gubiti glavu u pojedinim situacijama, a ono \u0161to \u0107e biti na njoj manje je bitno. Naime, u aktualnoj sezoni za jesen odabir kape vi\u0161e je stvar osobnog stava i stila, a manje trenda. Bilo kakva [&hellip;]<\/p>\n","protected":false},"author":1,"featured_media":0,"comment_status":"open","ping_status":"open","sticky":false,"template":"","format":"standard","meta":{"footnotes":""},"categories":[1043],"tags":[1227],"class_list":["post-6187","post","type-post","status-publish","format-standard","hentry","category-moda-2018","tag-moderne-kape"],"_links":{"self":[{"href":"https:\/\/moda.covermagazin.com\/index.php?rest_route=\/wp\/v2\/posts\/6187","targetHints":{"allow":["GET"]}}],"collection":[{"href":"https:\/\/moda.covermagazin.com\/index.php?rest_route=\/wp\/v2\/posts"}],"about":[{"href":"https:\/\/moda.covermagazin.com\/index.php?rest_route=\/wp\/v2\/types\/post"}],"author":[{"embeddable":true,"href":"https:\/\/moda.covermagazin.com\/index.php?rest_route=\/wp\/v2\/users\/1"}],"replies":[{"embeddable":true,"href":"https:\/\/moda.covermagazin.com\/index.php?rest_route=%2Fwp%2Fv2%2Fcomments&post=6187"}],"version-history":[{"count":9,"href":"https:\/\/moda.covermagazin.com\/index.php?rest_route=\/wp\/v2\/posts\/6187\/revisions"}],"predecessor-version":[{"id":50881,"href":"https:\/\/moda.covermagazin.com\/index.php?rest_route=\/wp\/v2\/posts\/6187\/revisions\/50881"}],"wp:attachment":[{"href":"https:\/\/moda.covermagazin.com\/index.php?rest_route=%2Fwp%2Fv2%2Fmedia&parent=6187"}],"wp:term":[{"taxonomy":"category","embeddable":true,"href":"https:\/\/moda.covermagazin.com\/index.php?rest_route=%2Fwp%2Fv2%2Fcategories&post=6187"},{"taxonomy":"post_tag","embeddable":true,"href":"https:\/\/moda.covermagazin.com\/index.php?rest_route=%2Fwp%2Fv2%2Ftags&post=6187"}],"curies":[{"name":"wp","href":"https:\/\/api.w.org\/{rel}","templated":true}]}}