{"id":6004,"date":"2021-04-27T10:36:37","date_gmt":"2021-04-27T08:36:37","guid":{"rendered":"http:\/\/moda.covermagazin.com\/?p=6004"},"modified":"2024-09-30T19:07:35","modified_gmt":"2024-09-30T17:07:35","slug":"jesen-2010-ideje-za-sisanje-bob-frizura","status":"publish","type":"post","link":"https:\/\/moda.covermagazin.com\/?p=6004","title":{"rendered":"Jesen 2021 Ideje za \u0161i\u0161anje \u2013 Bob frizura"},"content":{"rendered":"\n<h3 class=\"wp-block-heading\">Jesen: Ideje za \u0161i\u0161anje \u2013 Bob frizura<\/h3>\n\n\n\n<p>Neva\u017eno kakvu \u0107ete frizuru kasnije praviti sve zapo\u010dinje s dobrim \u0161i\u0161anjem. Bob je moderan ve\u0107 godinama, ali \u0107e biti jedna od \u010de\u0161\u0107e no\u0161enih frizura i sljede\u0107e jeseni i zime.<\/p>\n\n\n\n<figure class=\"wp-block-gallery has-nested-images columns-default is-cropped wp-block-gallery-1 is-layout-flex wp-block-gallery-is-layout-flex\">\n<figure class=\"wp-block-image size-large\"><img decoding=\"async\" data-id=\"34511\" src=\"https:\/\/moda.covermagazin.com\/wp-content\/uploads\/2020\/06\/Moderne-frizure-zene-preko-50-24.jpg\" alt=\"\" class=\"wp-image-34511\"\/><\/figure>\n\n\n\n<figure class=\"wp-block-image size-large\"><img decoding=\"async\" data-id=\"36989\" src=\"https:\/\/moda.covermagazin.com\/wp-content\/uploads\/2021\/04\/bob-frizure-2021-3.jpg\" alt=\"\" class=\"wp-image-36989\"\/><\/figure>\n\n\n\n<figure class=\"wp-block-image size-large\"><img decoding=\"async\" data-id=\"34512\" src=\"https:\/\/moda.covermagazin.com\/wp-content\/uploads\/2020\/06\/Moderne-frizure-zene-preko-50-23.jpg\" alt=\"\" class=\"wp-image-34512\"\/><\/figure>\n\n\n\n<figure class=\"wp-block-image size-large\"><img decoding=\"async\" data-id=\"34514\" src=\"https:\/\/moda.covermagazin.com\/wp-content\/uploads\/2020\/06\/Moderne-frizure-zene-preko-50-21.jpg\" alt=\"\" class=\"wp-image-34514\"\/><\/figure>\n\n\n\n<figure class=\"wp-block-image size-large\"><img decoding=\"async\" data-id=\"34513\" src=\"https:\/\/moda.covermagazin.com\/wp-content\/uploads\/2020\/06\/Moderne-frizure-zene-preko-50-22.jpg\" alt=\"\" class=\"wp-image-34513\"\/><\/figure>\n\n\n\n<figure class=\"wp-block-image size-large\"><img decoding=\"async\" data-id=\"34515\" src=\"https:\/\/moda.covermagazin.com\/wp-content\/uploads\/2020\/06\/Moderne-frizure-zene-preko-50-20.jpg\" alt=\"\" class=\"wp-image-34515\"\/><\/figure>\n\n\n\n<figure class=\"wp-block-image size-large\"><img decoding=\"async\" data-id=\"34516\" src=\"https:\/\/moda.covermagazin.com\/wp-content\/uploads\/2020\/06\/Moderne-frizure-zene-preko-50-19.jpg\" alt=\"\" class=\"wp-image-34516\"\/><\/figure>\n\n\n\n<figure class=\"wp-block-image size-large\"><img decoding=\"async\" data-id=\"34909\" src=\"https:\/\/moda.covermagazin.com\/wp-content\/uploads\/2020\/11\/Bob-frizure-za-2021.-4.jpg\" alt=\"\" class=\"wp-image-34909\"\/><\/figure>\n\n\n\n<figure class=\"wp-block-image size-large\"><img decoding=\"async\" data-id=\"34912\" src=\"https:\/\/moda.covermagazin.com\/wp-content\/uploads\/2020\/11\/Bob-frizure-za-2021.-1.jpg\" alt=\"\" class=\"wp-image-34912\"\/><\/figure>\n\n\n\n<figure class=\"wp-block-image size-large\"><img decoding=\"async\" data-id=\"35607\" src=\"https:\/\/moda.covermagazin.com\/wp-content\/uploads\/2021\/02\/Nova-sezona-bob-frizura-za-2021..jpg\" alt=\"Nova sezona bob frizura za 2021.\" class=\"wp-image-35607\"\/><\/figure>\n\n\n\n<figure class=\"wp-block-image size-large\"><img decoding=\"async\" data-id=\"35306\" src=\"https:\/\/moda.covermagazin.com\/wp-content\/uploads\/2016\/04\/Moderne-bob-i-lob-frizure.jpg\" alt=\"Moderne bob i lob frizure\" class=\"wp-image-35306\"\/><\/figure>\n\n\n\n<figure class=\"wp-block-image size-large\"><img decoding=\"async\" data-id=\"35263\" src=\"https:\/\/moda.covermagazin.com\/wp-content\/uploads\/2020\/11\/Moderne-bob-frizure-2020-1.jpg\" alt=\"\" class=\"wp-image-35263\"\/><\/figure>\n\n\n\n<figure class=\"wp-block-image size-large\"><img decoding=\"async\" data-id=\"35262\" src=\"https:\/\/moda.covermagazin.com\/wp-content\/uploads\/2020\/11\/Moderne-bob-frizure-2020-f.jpg\" alt=\"\" class=\"wp-image-35262\"\/><\/figure>\n<\/figure>\n\n\n\n<p>Op\u0161irnije o modernim bob frizurama:<\/p>\n\n\n\n<p><a href=\"https:\/\/moda.covermagazin.com\/?p=14798\">Bob frizure za ljeto 2021. \u2013 Moda (covermagazin.com)<\/a><\/p>\n\n\n\n<figure class=\"wp-block-embed is-type-wp-embed is-provider-moda wp-block-embed-moda\"><div class=\"wp-block-embed__wrapper\">\n<blockquote class=\"wp-embedded-content\" data-secret=\"Ka3BGjL9dV\"><a href=\"https:\/\/moda.covermagazin.com\/?p=14798\">100 ideja za najnovije BOB FRIZURE (prolje\u0107e  2024.)<\/a><\/blockquote><iframe loading=\"lazy\" class=\"wp-embedded-content\" sandbox=\"allow-scripts\" security=\"restricted\" style=\"position: absolute; clip: rect(1px, 1px, 1px, 1px);\" title=\"&#8220;100 ideja za najnovije BOB FRIZURE (prolje\u0107e  2024.)&#8221; &#8212; Moda \" src=\"https:\/\/moda.covermagazin.com\/?p=14798&#038;embed=true#?secret=ILhrCmnL8s#?secret=Ka3BGjL9dV\" data-secret=\"Ka3BGjL9dV\" width=\"500\" height=\"282\" frameborder=\"0\" marginwidth=\"0\" marginheight=\"0\" scrolling=\"no\"><\/iframe>\n<\/div><\/figure>\n","protected":false},"excerpt":{"rendered":"<p>Jesen: Ideje za \u0161i\u0161anje \u2013 Bob frizura Neva\u017eno kakvu \u0107ete frizuru kasnije praviti sve zapo\u010dinje s dobrim \u0161i\u0161anjem. Bob je moderan ve\u0107 godinama, ali \u0107e biti jedna od \u010de\u0161\u0107e no\u0161enih frizura i sljede\u0107e jeseni i zime. Op\u0161irnije o modernim bob frizurama: Bob frizure za ljeto 2021. \u2013 Moda (covermagazin.com)<\/p>\n","protected":false},"author":3,"featured_media":0,"comment_status":"open","ping_status":"open","sticky":false,"template":"","format":"standard","meta":{"footnotes":""},"categories":[4],"tags":[1228,1085,1330,1319,1318,1328,1325],"class_list":["post-6004","post","type-post","status-publish","format-standard","hentry","category-frizure_poznatih","tag-bob-frizura","tag-frizure","tag-moda-jesen","tag-bob-frizure","tag-moderne-frizure-2021","tag-najmodernija-frizura-2021","tag-zenske-frizure"],"_links":{"self":[{"href":"https:\/\/moda.covermagazin.com\/index.php?rest_route=\/wp\/v2\/posts\/6004","targetHints":{"allow":["GET"]}}],"collection":[{"href":"https:\/\/moda.covermagazin.com\/index.php?rest_route=\/wp\/v2\/posts"}],"about":[{"href":"https:\/\/moda.covermagazin.com\/index.php?rest_route=\/wp\/v2\/types\/post"}],"author":[{"embeddable":true,"href":"https:\/\/moda.covermagazin.com\/index.php?rest_route=\/wp\/v2\/users\/3"}],"replies":[{"embeddable":true,"href":"https:\/\/moda.covermagazin.com\/index.php?rest_route=%2Fwp%2Fv2%2Fcomments&post=6004"}],"version-history":[{"count":5,"href":"https:\/\/moda.covermagazin.com\/index.php?rest_route=\/wp\/v2\/posts\/6004\/revisions"}],"predecessor-version":[{"id":48491,"href":"https:\/\/moda.covermagazin.com\/index.php?rest_route=\/wp\/v2\/posts\/6004\/revisions\/48491"}],"wp:attachment":[{"href":"https:\/\/moda.covermagazin.com\/index.php?rest_route=%2Fwp%2Fv2%2Fmedia&parent=6004"}],"wp:term":[{"taxonomy":"category","embeddable":true,"href":"https:\/\/moda.covermagazin.com\/index.php?rest_route=%2Fwp%2Fv2%2Fcategories&post=6004"},{"taxonomy":"post_tag","embeddable":true,"href":"https:\/\/moda.covermagazin.com\/index.php?rest_route=%2Fwp%2Fv2%2Ftags&post=6004"}],"curies":[{"name":"wp","href":"https:\/\/api.w.org\/{rel}","templated":true}]}}