{"id":53593,"date":"2025-06-02T11:15:54","date_gmt":"2025-06-02T09:15:54","guid":{"rendered":"https:\/\/moda.covermagazin.com\/?p=53593"},"modified":"2025-06-02T11:15:54","modified_gmt":"2025-06-02T09:15:54","slug":"moderne-svecane-crne-haljine-za-ljeto-2025","status":"publish","type":"post","link":"https:\/\/moda.covermagazin.com\/?p=53593","title":{"rendered":"Moderne sve\u010dane crne haljine za ljeto 2025."},"content":{"rendered":"\n<figure class=\"wp-block-image size-large\"><img decoding=\"async\" src=\"https:\/\/moda.covermagazin.com\/wp-content\/uploads\/2025\/06\/Svecane-crne-haljine-1024x683.jpg\" alt=\"Moderne sve\u010dane crne haljine za ljeto 2025.\" class=\"wp-image-53594\"\/><figcaption class=\"wp-element-caption\">Zara<\/figcaption><\/figure>\n\n\n\n<h2 class=\"wp-block-heading\">Moderne sve\u010dane crne haljine za ljeto 2025.<\/h2>\n\n\n\n<p>Crna boja i crna haljina su neka osnova koja je uvijek moderna, neutralna, elegantna&#8230; Ovisno o situaciji i doga\u0111aju mijenja se du\u017eina crne haljine. \u0160to je doga\u0111aj sve\u010daniji i zahtjeva formalniju odje\u0107u to je haljina du\u017ea. Mo\u017eda su najmanje moderne ove sezone skroz kratke crne haljine, njih u mnogim situacijama mijenjaju midi du\u017eine.<\/p>\n\n\n\n<p>Crna haljina mo\u017ee biti i prakti\u010dan izbor, neutralna je, a istovremeno prikladna za vrlo razli\u010dite situacije. Istu crnu haljinu mo\u017ee se (posebno one kratke i midi) nositi u razli\u010ditim prigodama, dovoljno je promijeniti obu\u0107u i torbu.<\/p>\n\n\n\n<p>Minimalizam na crnim haljinama je uvijek in, a uz takvu haljinu nakit, torba i cipele mogu biti neutralne, zlatne, srebrne, kao i u nekim jakim bojama.<\/p>\n\n\n\n<h2 class=\"wp-block-heading\">Moderne sve\u010dane crne haljine za ljeto<\/h2>\n\n\n\n<figure class=\"wp-block-image size-large\"><img decoding=\"async\" src=\"https:\/\/moda.covermagazin.com\/wp-content\/uploads\/2025\/06\/Badgley-Mischka-Collection.jpg\" alt=\"Moderne sve\u010dane crne haljine za ljeto 2025.\" class=\"wp-image-53595\"\/><figcaption class=\"wp-element-caption\">Badgley Mischka Collection<\/figcaption><\/figure>\n\n\n\n<figure class=\"wp-block-image size-large\"><img decoding=\"async\" src=\"https:\/\/moda.covermagazin.com\/wp-content\/uploads\/2025\/06\/Emporio-Armani.jpg\" alt=\"Moderne sve\u010dane crne haljine za ljeto 2025.\" class=\"wp-image-53596\"\/><figcaption class=\"wp-element-caption\">Emporio Armani<\/figcaption><\/figure>\n\n\n\n<figure class=\"wp-block-image size-large\"><img decoding=\"async\" src=\"https:\/\/moda.covermagazin.com\/wp-content\/uploads\/2025\/06\/HELSI.jpg\" alt=\"Moderne sve\u010dane crne haljine za ljeto 2025.\" class=\"wp-image-53597\"\/><figcaption class=\"wp-element-caption\">HELSI<\/figcaption><\/figure>\n\n\n\n<figure class=\"wp-block-image size-large\"><img decoding=\"async\" src=\"https:\/\/moda.covermagazin.com\/wp-content\/uploads\/2025\/06\/Mac-Duggal-2.jpg\" alt=\"Moderne sve\u010dane crne haljine za ljeto 2025.\" class=\"wp-image-53598\"\/><figcaption class=\"wp-element-caption\">Mac Duggal<\/figcaption><\/figure>\n\n\n\n<figure class=\"wp-block-image size-large\"><img decoding=\"async\" src=\"https:\/\/moda.covermagazin.com\/wp-content\/uploads\/2025\/06\/Mac-Duggal-3.jpg\" alt=\"Moderne sve\u010dane crne haljine za ljeto 2025.\" class=\"wp-image-53599\"\/><figcaption class=\"wp-element-caption\">Mac Duggal<\/figcaption><\/figure>\n\n\n\n<figure class=\"wp-block-image size-large\"><img decoding=\"async\" src=\"https:\/\/moda.covermagazin.com\/wp-content\/uploads\/2025\/06\/Mac-Duggal.jpg\" alt=\"Moderne sve\u010dane crne haljine za ljeto 2025.\" class=\"wp-image-53600\"\/><figcaption class=\"wp-element-caption\">Mac Duggal<\/figcaption><\/figure>\n\n\n\n<figure class=\"wp-block-image size-large\"><img decoding=\"async\" src=\"https:\/\/moda.covermagazin.com\/wp-content\/uploads\/2025\/06\/Milly.jpg\" alt=\"Moderne sve\u010dane crne haljine za ljeto 2025.\" class=\"wp-image-53601\"\/><figcaption class=\"wp-element-caption\">Milly<\/figcaption><\/figure>\n\n\n\n<figure class=\"wp-block-image size-large\"><img decoding=\"async\" src=\"https:\/\/moda.covermagazin.com\/wp-content\/uploads\/2025\/06\/Oscar-de-la-Renta.jpg\" alt=\"Moderne sve\u010dane crne haljine za ljeto 2025.\" class=\"wp-image-53602\"\/><figcaption class=\"wp-element-caption\">Oscar de la Renta<\/figcaption><\/figure>\n\n\n\n<figure class=\"wp-block-image size-large\"><img decoding=\"async\" src=\"https:\/\/moda.covermagazin.com\/wp-content\/uploads\/2025\/06\/Ungaro.jpg\" alt=\"Moderne sve\u010dane crne haljine za ljeto 2025.\" class=\"wp-image-53603\"\/><figcaption class=\"wp-element-caption\">Ungaro<\/figcaption><\/figure>\n\n\n\n<p><\/p>\n","protected":false},"excerpt":{"rendered":"<p>Moderne sve\u010dane crne haljine za ljeto 2025. Crna boja i crna haljina su neka osnova koja je uvijek moderna, neutralna, elegantna&#8230; Ovisno o situaciji i doga\u0111aju mijenja se du\u017eina crne haljine. \u0160to je doga\u0111aj sve\u010daniji i zahtjeva formalniju odje\u0107u to je haljina du\u017ea. Mo\u017eda su najmanje moderne ove sezone skroz kratke crne haljine, njih u [&hellip;]<\/p>\n","protected":false},"author":3,"featured_media":0,"comment_status":"open","ping_status":"open","sticky":false,"template":"","format":"standard","meta":{"footnotes":""},"categories":[114],"tags":[1209,1225,1092,1204],"class_list":["post-53593","post","type-post","status-publish","format-standard","hentry","category-dizajneri_modne_galerije","tag-haljine","tag-haljine_za_svadbu","tag-svecane-haljine","tag-svecane-haljine-2019"],"_links":{"self":[{"href":"https:\/\/moda.covermagazin.com\/index.php?rest_route=\/wp\/v2\/posts\/53593","targetHints":{"allow":["GET"]}}],"collection":[{"href":"https:\/\/moda.covermagazin.com\/index.php?rest_route=\/wp\/v2\/posts"}],"about":[{"href":"https:\/\/moda.covermagazin.com\/index.php?rest_route=\/wp\/v2\/types\/post"}],"author":[{"embeddable":true,"href":"https:\/\/moda.covermagazin.com\/index.php?rest_route=\/wp\/v2\/users\/3"}],"replies":[{"embeddable":true,"href":"https:\/\/moda.covermagazin.com\/index.php?rest_route=%2Fwp%2Fv2%2Fcomments&post=53593"}],"version-history":[{"count":1,"href":"https:\/\/moda.covermagazin.com\/index.php?rest_route=\/wp\/v2\/posts\/53593\/revisions"}],"predecessor-version":[{"id":53604,"href":"https:\/\/moda.covermagazin.com\/index.php?rest_route=\/wp\/v2\/posts\/53593\/revisions\/53604"}],"wp:attachment":[{"href":"https:\/\/moda.covermagazin.com\/index.php?rest_route=%2Fwp%2Fv2%2Fmedia&parent=53593"}],"wp:term":[{"taxonomy":"category","embeddable":true,"href":"https:\/\/moda.covermagazin.com\/index.php?rest_route=%2Fwp%2Fv2%2Fcategories&post=53593"},{"taxonomy":"post_tag","embeddable":true,"href":"https:\/\/moda.covermagazin.com\/index.php?rest_route=%2Fwp%2Fv2%2Ftags&post=53593"}],"curies":[{"name":"wp","href":"https:\/\/api.w.org\/{rel}","templated":true}]}}