{"id":53478,"date":"2025-05-21T11:28:34","date_gmt":"2025-05-21T09:28:34","guid":{"rendered":"https:\/\/moda.covermagazin.com\/?p=53478"},"modified":"2025-05-21T11:28:34","modified_gmt":"2025-05-21T09:28:34","slug":"moderne-lanene-hlace-za-ljeto-2025","status":"publish","type":"post","link":"https:\/\/moda.covermagazin.com\/?p=53478","title":{"rendered":"Moderne lanene hla\u010de za ljeto 2025."},"content":{"rendered":"\n<figure class=\"wp-block-image size-large\"><img decoding=\"async\" src=\"https:\/\/moda.covermagazin.com\/wp-content\/uploads\/2025\/05\/Hlace-od-lana-Zara-1024x683.jpg\" alt=\"Moderne lanene hla\u010de za ljeto 2025.\" class=\"wp-image-53479\"\/><\/figure>\n\n\n\n<h2 class=\"wp-block-heading\">Moderne lanene hla\u010de za ljeto 2025.<\/h2>\n\n\n\n<p>Hla\u010de od lana jedan su od omiljenih odjevnih predmeta mnogim \u017eenama. Jednostavne, prakti\u010dne, udobne&#8230;<\/p>\n\n\n\n<p>Lanene hla\u010de se mogu kombinirati na razli\u010dite na\u010dine, te su prilagodljive stilu osobe koja ih nosi.<\/p>\n\n\n\n<p>Mogu se kombinirati uz razli\u010ditu obu\u0107u, od tenisica do sandala na visoku petu.<\/p>\n\n\n\n<p>Za prohladne ve\u010deri kao jakna se mo\u017ee iskoristiti sako, traper jakna, ali i ko\u0161ulja koja \u0107e zamijeniti jaknu, sve se to dobro sla\u017ee s lanenim hla\u010dama.<br>\u010cesto je kod lanenih hla\u010da klju\u010d u jednostavnosti, one se najbolje istaknu kada se ne komplicira, nego u jednostavnim kombinacijama.<\/p>\n\n\n\n<p>Ove sezone je bila boja posebno moderna, pa tako i bijele hla\u010de, te \u0107e izbor bijelih lanenih hla\u010da biti \u010desta opcija. U tom slu\u010daju gornji dio mo\u017ee biti jednobojan, od svijetlih do tamnih boja, a bijela se dobro sla\u017ee i s vi\u0161ebojnim gornjim dijelovima.<\/p>\n\n\n\n<p>No, izbor lanenih hla\u010da nikako ne treba zaustaviti na bijeloj boji, be\u017e, maslinasta, crna, samo su neke od boja uobi\u010dajenih za lanene hla\u010de koju se moderne i ove sezone.<\/p>\n\n\n\n<p>S obzirom na op\u0107i trend \u0161irokih hla\u010da, lanene hla\u010de se tu dobro uklapaju. One su ionako u svojoj izvornoj verziji \u0161iroke hla\u010de.<\/p>\n\n\n\n<p>Za dnevni look se mogu kombinirati lanene hla\u010de s ko\u0161uljom, bluzom ili majicom i sakoom, dok za ve\u010dernji look odli\u010dno odgovaraju kratki topovi.<\/p>\n\n\n\n<h2 class=\"wp-block-heading\">Moderne lanene hla\u010de i kako kombinirati lanene hla\u010de<\/h2>\n\n\n\n<figure class=\"wp-block-image size-large\"><img decoding=\"async\" src=\"https:\/\/moda.covermagazin.com\/wp-content\/uploads\/2025\/05\/Hlace-od-lana-Zara-1-683x1024.jpg\" alt=\"Moderne lanene hla\u010de \" class=\"wp-image-53480\"\/><figcaption class=\"wp-element-caption\">Hla\u010de od lana Zara<\/figcaption><\/figure>\n\n\n\n<figure class=\"wp-block-image size-large\"><img decoding=\"async\" src=\"https:\/\/moda.covermagazin.com\/wp-content\/uploads\/2025\/05\/Hlace-od-lana-Zara-2-683x1024.jpg\" alt=\"Moderne lanene hla\u010de \" class=\"wp-image-53481\"\/><figcaption class=\"wp-element-caption\">Hla\u010de od lana Zara<\/figcaption><\/figure>\n\n\n\n<figure class=\"wp-block-image size-large\"><img decoding=\"async\" src=\"https:\/\/moda.covermagazin.com\/wp-content\/uploads\/2025\/05\/Hlace-od-lana-Zara-3-683x1024.jpg\" alt=\"Moderne lanene hla\u010de \" class=\"wp-image-53482\"\/><figcaption class=\"wp-element-caption\">Hla\u010de od lana Zara<\/figcaption><\/figure>\n\n\n\n<figure class=\"wp-block-image size-large\"><img decoding=\"async\" src=\"https:\/\/moda.covermagazin.com\/wp-content\/uploads\/2025\/05\/Hlace-od-lana-Zara-4-683x1024.jpg\" alt=\"Moderne lanene hla\u010de \" class=\"wp-image-53483\"\/><figcaption class=\"wp-element-caption\">Hla\u010de od lana Zara<\/figcaption><\/figure>\n\n\n\n<figure class=\"wp-block-image size-large\"><img decoding=\"async\" src=\"https:\/\/moda.covermagazin.com\/wp-content\/uploads\/2025\/05\/Hlace-od-lana-Zara-5-683x1024.jpg\" alt=\"Moderne lanene hla\u010de \" class=\"wp-image-53484\"\/><figcaption class=\"wp-element-caption\">Hla\u010de od lana Zara<\/figcaption><\/figure>\n\n\n\n<figure class=\"wp-block-image size-large\"><img decoding=\"async\" src=\"https:\/\/moda.covermagazin.com\/wp-content\/uploads\/2025\/05\/Hlace-od-lana-Zara-6-683x1024.jpg\" alt=\"Moderne lanene hla\u010de \" class=\"wp-image-53485\"\/><figcaption class=\"wp-element-caption\">Hla\u010de od lana Zara<\/figcaption><\/figure>\n\n\n\n<figure class=\"wp-block-image size-large\"><img decoding=\"async\" src=\"https:\/\/moda.covermagazin.com\/wp-content\/uploads\/2025\/05\/Hlace-od-lana-Zara-7-683x1024.jpg\" alt=\"Moderne lanene hla\u010de \" class=\"wp-image-53486\"\/><figcaption class=\"wp-element-caption\">Hla\u010de od lana Zara<\/figcaption><\/figure>\n\n\n\n<figure class=\"wp-block-image size-large\"><img decoding=\"async\" src=\"https:\/\/moda.covermagazin.com\/wp-content\/uploads\/2025\/05\/Hlace-od-lana-Zara-8-683x1024.jpg\" alt=\"Moderne lanene hla\u010de \" class=\"wp-image-53487\"\/><figcaption class=\"wp-element-caption\">Hla\u010de od lana Zara<\/figcaption><\/figure>\n\n\n\n<figure class=\"wp-block-image size-large\"><img decoding=\"async\" src=\"https:\/\/moda.covermagazin.com\/wp-content\/uploads\/2025\/05\/Hlace-od-lana-Zara-9-683x1024.jpg\" alt=\"Moderne lanene hla\u010de \" class=\"wp-image-53488\"\/><figcaption class=\"wp-element-caption\">Hla\u010de od lana Zara<\/figcaption><\/figure>\n\n\n\n<figure class=\"wp-block-image size-large\"><img decoding=\"async\" src=\"https:\/\/moda.covermagazin.com\/wp-content\/uploads\/2025\/05\/Hlace-od-lana-Zara-10-683x1024.jpg\" alt=\"Moderne lanene hla\u010de \" class=\"wp-image-53489\"\/><figcaption class=\"wp-element-caption\">Hla\u010de od lana Zara<\/figcaption><\/figure>\n\n\n\n<figure class=\"wp-block-image size-large\"><img decoding=\"async\" src=\"https:\/\/moda.covermagazin.com\/wp-content\/uploads\/2025\/05\/Hlace-od-lana-Zara-12-683x1024.jpg\" alt=\"Moderne lanene hla\u010de \" class=\"wp-image-53490\"\/><figcaption class=\"wp-element-caption\">Hla\u010de od lana Zara<\/figcaption><\/figure>\n","protected":false},"excerpt":{"rendered":"<p>Moderne lanene hla\u010de za ljeto 2025. Hla\u010de od lana jedan su od omiljenih odjevnih predmeta mnogim \u017eenama. Jednostavne, prakti\u010dne, udobne&#8230; Lanene hla\u010de se mogu kombinirati na razli\u010dite na\u010dine, te su prilagodljive stilu osobe koja ih nosi. Mogu se kombinirati uz razli\u010ditu obu\u0107u, od tenisica do sandala na visoku petu. Za prohladne ve\u010deri kao jakna se [&hellip;]<\/p>\n","protected":false},"author":3,"featured_media":0,"comment_status":"open","ping_status":"open","sticky":false,"template":"","format":"standard","meta":{"footnotes":""},"categories":[1043,3],"tags":[1162,1163],"class_list":["post-53478","post","type-post","status-publish","format-standard","hentry","category-moda-2018","category-modni_trendovi","tag-hlace","tag-moderne-hlace"],"_links":{"self":[{"href":"https:\/\/moda.covermagazin.com\/index.php?rest_route=\/wp\/v2\/posts\/53478","targetHints":{"allow":["GET"]}}],"collection":[{"href":"https:\/\/moda.covermagazin.com\/index.php?rest_route=\/wp\/v2\/posts"}],"about":[{"href":"https:\/\/moda.covermagazin.com\/index.php?rest_route=\/wp\/v2\/types\/post"}],"author":[{"embeddable":true,"href":"https:\/\/moda.covermagazin.com\/index.php?rest_route=\/wp\/v2\/users\/3"}],"replies":[{"embeddable":true,"href":"https:\/\/moda.covermagazin.com\/index.php?rest_route=%2Fwp%2Fv2%2Fcomments&post=53478"}],"version-history":[{"count":1,"href":"https:\/\/moda.covermagazin.com\/index.php?rest_route=\/wp\/v2\/posts\/53478\/revisions"}],"predecessor-version":[{"id":53491,"href":"https:\/\/moda.covermagazin.com\/index.php?rest_route=\/wp\/v2\/posts\/53478\/revisions\/53491"}],"wp:attachment":[{"href":"https:\/\/moda.covermagazin.com\/index.php?rest_route=%2Fwp%2Fv2%2Fmedia&parent=53478"}],"wp:term":[{"taxonomy":"category","embeddable":true,"href":"https:\/\/moda.covermagazin.com\/index.php?rest_route=%2Fwp%2Fv2%2Fcategories&post=53478"},{"taxonomy":"post_tag","embeddable":true,"href":"https:\/\/moda.covermagazin.com\/index.php?rest_route=%2Fwp%2Fv2%2Ftags&post=53478"}],"curies":[{"name":"wp","href":"https:\/\/api.w.org\/{rel}","templated":true}]}}