{"id":53408,"date":"2025-05-15T13:31:34","date_gmt":"2025-05-15T11:31:34","guid":{"rendered":"https:\/\/moda.covermagazin.com\/?p=53408"},"modified":"2025-05-15T13:31:34","modified_gmt":"2025-05-15T11:31:34","slug":"transparentne-hlace-kako-izabrati-i-kombinirati-transparentne-hlace","status":"publish","type":"post","link":"https:\/\/moda.covermagazin.com\/?p=53408","title":{"rendered":"Transparentne hla\u010de: Kako izabrati i kombinirati transparentne hla\u010de"},"content":{"rendered":"\n<figure class=\"wp-block-image size-large\"><img decoding=\"async\" src=\"https:\/\/moda.covermagazin.com\/wp-content\/uploads\/2025\/05\/Hermes-4-Prozirne-i-mrezaste-hlace-1024x683.jpg\" alt=\"\" class=\"wp-image-53417\"\/><\/figure>\n\n\n\n<h2 class=\"wp-block-heading\">Transparentne hla\u010de: Kako izabrati i kombinirati transparentne hla\u010de<\/h2>\n\n\n\n<p>Transparentne hla\u010de su se pojavile ve\u0107 pro\u0161lih sezona, a iako su komentari i prihva\u0107enost bili opre\u010dni, njihov trend se nastavlja i ove sezone.<\/p>\n\n\n\n<p>Transparentne hla\u010de imaju jedan dio neproziran, koji mo\u017ee biti ne\u0161to kra\u0107i i du\u017ei, a nogavice su prozirne. Mo\u017ee se raditi o hla\u010dama od \u010dipke, transparentnim hla\u010dama od mre\u017ee ili jednobojnim transparentnim hla\u010dama.<\/p>\n\n\n\n<p>Transparentne hla\u010de mogu biti razli\u010ditih krojeva, a naj\u010de\u0161\u0107e su u uske, ravnog kroja ili trapez transparentne hla\u010de. Novija varijanta ovog trenda su i cargo varijante transparentnih hla\u010da.<\/p>\n\n\n\n<p>Iako spadaju u istu kategoriju neki modeli transparentnih hla\u010da se ipak razlikuju, prvenstveno po veli\u010dini \u010dvrstog i neprozirnog dijela hla\u010da. \u010cipkaste i mre\u017easte varijante transparentnih hla\u010da \u0107e biti ne\u0161to druga\u010dije od til varijante, odnosno jednobojnog a prozirnog dijela hla\u010da.<\/p>\n\n\n\n<p>Ako niste sigurni, a ipak \u017eelite poku\u0161ati s ovim trendom, prolje\u0107e i ljeto su vrijeme za to, te transparentne hla\u010de od tila. Suknje sa sli\u010dnim principom gdje je dio proziran, a dio neproziran su ve\u0107 bile prije popularne, te su na njihov se stil mnogi naviknuli, stoga ako \u017eelite probati ovaj stil, a niste sigurni, neka srednja opcija bi bi bile \u0161ire hla\u010de, koje pomalo podsje\u0107aju na suknje.<\/p>\n\n\n\n<p>Transparentne hla\u010de se \u010desto kombiniraju sa sakoom, ali i s topovima, ko\u0161uljama&#8230;<\/p>\n\n\n\n<figure class=\"wp-block-image size-large\"><img decoding=\"async\" src=\"https:\/\/moda.covermagazin.com\/wp-content\/uploads\/2025\/05\/A.L.C.-3-Prozirne-i-mrezaste-hlace.jpg\" alt=\" Prozirne i mre\u017easte hla\u010de\" class=\"wp-image-53409\"\/><figcaption class=\"wp-element-caption\">A.L.C.<\/figcaption><\/figure>\n\n\n\n<figure class=\"wp-block-image size-large\"><img decoding=\"async\" src=\"https:\/\/moda.covermagazin.com\/wp-content\/uploads\/2025\/05\/Hermes-1-Prozirne-i-mrezaste-hlace.jpg\" alt=\" Prozirne i mre\u017easte hla\u010de\" class=\"wp-image-53410\"\/><figcaption class=\"wp-element-caption\">Hermes<\/figcaption><\/figure>\n\n\n\n<figure class=\"wp-block-image size-large\"><img decoding=\"async\" src=\"https:\/\/moda.covermagazin.com\/wp-content\/uploads\/2025\/05\/Liu-Jo-1-Prozirne-i-mrezaste-hlace.jpg\" alt=\" Prozirne i mre\u017easte hla\u010de\" class=\"wp-image-53411\"\/><figcaption class=\"wp-element-caption\">Liu Jo<\/figcaption><\/figure>\n\n\n\n<figure class=\"wp-block-image size-large\"><img decoding=\"async\" src=\"https:\/\/moda.covermagazin.com\/wp-content\/uploads\/2025\/05\/Pinko-1-Prozirne-i-mrezaste-hlace.jpg\" alt=\" Prozirne i mre\u017easte hla\u010de\" class=\"wp-image-53412\"\/><figcaption class=\"wp-element-caption\">Pinko<\/figcaption><\/figure>\n\n\n\n<figure class=\"wp-block-image size-large\"><img decoding=\"async\" src=\"https:\/\/moda.covermagazin.com\/wp-content\/uploads\/2025\/05\/Pinko-2-Prozirne-i-mrezaste-hlace.jpg\" alt=\" Prozirne i mre\u017easte hla\u010de\" class=\"wp-image-53413\"\/><figcaption class=\"wp-element-caption\">Pinko<\/figcaption><\/figure>\n\n\n\n<figure class=\"wp-block-image size-large\"><img decoding=\"async\" src=\"https:\/\/moda.covermagazin.com\/wp-content\/uploads\/2025\/05\/Pinko-3-Prozirne-i-mrezaste-hlace.jpg\" alt=\" Prozirne i mre\u017easte hla\u010de\" class=\"wp-image-53414\"\/><figcaption class=\"wp-element-caption\">Pinko<\/figcaption><\/figure>\n\n\n\n<figure class=\"wp-block-image size-large\"><img decoding=\"async\" src=\"https:\/\/moda.covermagazin.com\/wp-content\/uploads\/2025\/05\/Hermes-2-Prozirne-i-mrezaste-hlace.jpg\" alt=\"Prozirne i mre\u017easte hla\u010de\" class=\"wp-image-53415\"\/><figcaption class=\"wp-element-caption\">Hermes<\/figcaption><\/figure>\n\n\n\n<figure class=\"wp-block-image size-large\"><img decoding=\"async\" src=\"https:\/\/moda.covermagazin.com\/wp-content\/uploads\/2025\/05\/Hermes-3-Prozirne-i-mrezaste-hlace.jpg\" alt=\"Prozirne i mre\u017easte hla\u010de\" class=\"wp-image-53416\"\/><figcaption class=\"wp-element-caption\">Hermes<\/figcaption><\/figure>\n","protected":false},"excerpt":{"rendered":"<p>Transparentne hla\u010de: Kako izabrati i kombinirati transparentne hla\u010de Transparentne hla\u010de su se pojavile ve\u0107 pro\u0161lih sezona, a iako su komentari i prihva\u0107enost bili opre\u010dni, njihov trend se nastavlja i ove sezone. Transparentne hla\u010de imaju jedan dio neproziran, koji mo\u017ee biti ne\u0161to kra\u0107i i du\u017ei, a nogavice su prozirne. Mo\u017ee se raditi o hla\u010dama od \u010dipke, [&hellip;]<\/p>\n","protected":false},"author":3,"featured_media":0,"comment_status":"open","ping_status":"open","sticky":false,"template":"","format":"standard","meta":{"footnotes":""},"categories":[1043,1181],"tags":[1162,1332,1163],"class_list":["post-53408","post","type-post","status-publish","format-standard","hentry","category-moda-2018","category-moderne-kombinacije","tag-hlace","tag-moda-ljeto","tag-moderne-hlace"],"_links":{"self":[{"href":"https:\/\/moda.covermagazin.com\/index.php?rest_route=\/wp\/v2\/posts\/53408","targetHints":{"allow":["GET"]}}],"collection":[{"href":"https:\/\/moda.covermagazin.com\/index.php?rest_route=\/wp\/v2\/posts"}],"about":[{"href":"https:\/\/moda.covermagazin.com\/index.php?rest_route=\/wp\/v2\/types\/post"}],"author":[{"embeddable":true,"href":"https:\/\/moda.covermagazin.com\/index.php?rest_route=\/wp\/v2\/users\/3"}],"replies":[{"embeddable":true,"href":"https:\/\/moda.covermagazin.com\/index.php?rest_route=%2Fwp%2Fv2%2Fcomments&post=53408"}],"version-history":[{"count":1,"href":"https:\/\/moda.covermagazin.com\/index.php?rest_route=\/wp\/v2\/posts\/53408\/revisions"}],"predecessor-version":[{"id":53418,"href":"https:\/\/moda.covermagazin.com\/index.php?rest_route=\/wp\/v2\/posts\/53408\/revisions\/53418"}],"wp:attachment":[{"href":"https:\/\/moda.covermagazin.com\/index.php?rest_route=%2Fwp%2Fv2%2Fmedia&parent=53408"}],"wp:term":[{"taxonomy":"category","embeddable":true,"href":"https:\/\/moda.covermagazin.com\/index.php?rest_route=%2Fwp%2Fv2%2Fcategories&post=53408"},{"taxonomy":"post_tag","embeddable":true,"href":"https:\/\/moda.covermagazin.com\/index.php?rest_route=%2Fwp%2Fv2%2Ftags&post=53408"}],"curies":[{"name":"wp","href":"https:\/\/api.w.org\/{rel}","templated":true}]}}