{"id":52510,"date":"2025-03-25T10:54:24","date_gmt":"2025-03-25T08:54:24","guid":{"rendered":"https:\/\/moda.covermagazin.com\/?p=52510"},"modified":"2025-03-28T12:16:21","modified_gmt":"2025-03-28T10:16:21","slug":"smeda-je-boja-sezone-kako-je-na-moderan-nacin-kombinirati-za-odlican-look","status":"publish","type":"post","link":"https:\/\/moda.covermagazin.com\/?p=52510","title":{"rendered":"Sme\u0111a je boja sezone i kako je na moderan na\u010din kombinirati za odli\u010dan look"},"content":{"rendered":"\n<figure class=\"wp-block-image size-full\"><img decoding=\"async\" src=\"https:\/\/moda.covermagazin.com\/wp-content\/uploads\/2025\/03\/Smeda-boja-kombinacije.png\" alt=\"Sme\u0111a boja kombinacije\" class=\"wp-image-52511\"\/><\/figure>\n\n\n\n<h2 class=\"wp-block-heading\">Sme\u0111a je boja sezone: kako je na moderan na\u010din kombinirati za odli\u010dan look<\/h2>\n\n\n\n<p>Prema Institutu Pantone koji definira trendove boja <strong>Mocha Mousse<\/strong> je boja sezone. Oni su je opisali kao boju koja izra\u017eava promi\u0161ljenu eleganciju, sofisticiranu, bogatu, nepretencioznu klasiku<\/p>\n\n\n\n<p>Topla nijansa sme\u0111e u raznim varijantama dominirat \u0107e ove sezone.<\/p>\n\n\n\n<p>Odli\u010dna stvar je \u0161to se t a boja sla\u017ee s brojnim bojama, a mo\u017ee biti izbor za obu\u0107u, odje\u0107u ili torbe.<\/p>\n\n\n\n<p>Kao \u0161to sam naziv boje ka\u017ee radi se o boji <a href=\"https:\/\/covermagazin.com\/?page_id=26765\">kave<\/a>, boji \u010dokolade&#8230; Ova boja ne\u0107e samo dominirati u podru\u010dju <a href=\"https:\/\/moda.covermagazin.com\/\">mode<\/a>, kozmetike, nego i namje\u0161taja, ure\u0111enja interijera&#8230; O\u010dekivati je da \u0107e se ove sezone popularizirati i sme\u0111a nijansa kose, s toplim tonovima.<\/p>\n\n\n\n<h2 class=\"wp-block-heading\">Kako kombinirati na moderan na\u010din sme\u0111u boju?<\/h2>\n\n\n\n<p>Jedan od osnovnih stilova koji je moderan je monokromatski look. Odje\u0107a u istoj nijansi ili razli\u010ditim nijansama sme\u0111e se kombinira, a ovo je i najjednostavniji na\u010din kombiniranja boja, a uz to jedan od najmodernijih.<\/p>\n\n\n\n<p>Sme\u0111a i be\u017e je kombinacija koja spada u uobi\u010dajene, s njom se ne mo\u017ee pogrije\u0161iti, a ove sezone mo\u017ee biti izbor za vrlo moderan look.<\/p>\n\n\n\n<p>Crna i bijela se tako\u0111er dobro sla\u017eu sa sme\u0111om, a ne\u0161to bijelo ili crno sigurno ve\u0107 imate u ormaru te uz ne\u0161to novo sme\u0111e mo\u017eete imati odli\u010dnu kombinaciju.<\/p>\n\n\n\n<p>Traper je mnogima omiljeni izbor, a dobra stvar je da se odli\u010dno sla\u017ee i sa sme\u0111om bojom.<\/p>\n\n\n\n<p>Traperice i sme\u0111i top, T-shirt, bluza ili ko\u0161ulja&#8230; Potpuno je svejedno, u svakom slu\u010daju \u0107ete imati moderan stil.<\/p>\n\n\n\n<figure class=\"wp-block-gallery has-nested-images columns-1 is-cropped wp-block-gallery-1 is-layout-flex wp-block-gallery-is-layout-flex\">\n<figure class=\"wp-block-image size-large\"><img decoding=\"async\" data-id=\"52512\" src=\"https:\/\/moda.covermagazin.com\/wp-content\/uploads\/2025\/03\/Smeda-boja-kombinacije-River-Island-2.png\" alt=\"Sme\u0111a boja kombinacije\" class=\"wp-image-52512\"\/><figcaption class=\"wp-element-caption\">River Island<\/figcaption><\/figure>\n\n\n\n<figure class=\"wp-block-image size-large\"><img decoding=\"async\" data-id=\"52514\" src=\"https:\/\/moda.covermagazin.com\/wp-content\/uploads\/2025\/03\/Smeda-boja-kombinacije-River-Island-4.png\" alt=\"Sme\u0111a boja kombinacije\" class=\"wp-image-52514\"\/><figcaption class=\"wp-element-caption\">River Island<\/figcaption><\/figure>\n\n\n\n<figure class=\"wp-block-image size-large\"><img decoding=\"async\" data-id=\"52515\" src=\"https:\/\/moda.covermagazin.com\/wp-content\/uploads\/2025\/03\/Smeda-boja-kombinacije-River-Island.png\" alt=\"Sme\u0111a boja kombinacije\" class=\"wp-image-52515\"\/><figcaption class=\"wp-element-caption\">River Island<\/figcaption><\/figure>\n\n\n\n<figure class=\"wp-block-image size-large\"><img decoding=\"async\" data-id=\"52513\" src=\"https:\/\/moda.covermagazin.com\/wp-content\/uploads\/2025\/03\/Smeda-boja-kombinacije-River-Island-3.png\" alt=\"Sme\u0111a boja kombinacije\" class=\"wp-image-52513\"\/><figcaption class=\"wp-element-caption\">River Island<\/figcaption><\/figure>\n\n\n\n<figure class=\"wp-block-image size-large\"><img decoding=\"async\" data-id=\"52516\" src=\"https:\/\/moda.covermagazin.com\/wp-content\/uploads\/2025\/03\/Smeda-boja-kombinacije-FRAME.png\" alt=\"Sme\u0111a boja kombinacije\" class=\"wp-image-52516\"\/><figcaption class=\"wp-element-caption\">FRAME<\/figcaption><\/figure>\n\n\n\n<figure class=\"wp-block-image size-large\"><img decoding=\"async\" data-id=\"52517\" src=\"https:\/\/moda.covermagazin.com\/wp-content\/uploads\/2025\/03\/Smeda-boja-kombinacije-TWP.png\" alt=\"Sme\u0111a boja kombinacije\" class=\"wp-image-52517\"\/><figcaption class=\"wp-element-caption\">TWP<\/figcaption><\/figure>\n<\/figure>\n","protected":false},"excerpt":{"rendered":"<p>Sme\u0111a je boja sezone: kako je na moderan na\u010din kombinirati za odli\u010dan look Prema Institutu Pantone koji definira trendove boja Mocha Mousse je boja sezone. Oni su je opisali kao boju koja izra\u017eava promi\u0161ljenu eleganciju, sofisticiranu, bogatu, nepretencioznu klasiku Topla nijansa sme\u0111e u raznim varijantama dominirat \u0107e ove sezone. Odli\u010dna stvar je \u0161to se t [&hellip;]<\/p>\n","protected":false},"author":3,"featured_media":0,"comment_status":"open","ping_status":"open","sticky":false,"template":"","format":"standard","meta":{"footnotes":""},"categories":[1178,1181,1179],"tags":[1329,1093],"class_list":["post-52510","post","type-post","status-publish","format-standard","hentry","category-moda-i-stil","category-moderne-kombinacije","category-najnovija-moda","tag-moda-proljece","tag-moda-proljece-ljeto-2018"],"_links":{"self":[{"href":"https:\/\/moda.covermagazin.com\/index.php?rest_route=\/wp\/v2\/posts\/52510","targetHints":{"allow":["GET"]}}],"collection":[{"href":"https:\/\/moda.covermagazin.com\/index.php?rest_route=\/wp\/v2\/posts"}],"about":[{"href":"https:\/\/moda.covermagazin.com\/index.php?rest_route=\/wp\/v2\/types\/post"}],"author":[{"embeddable":true,"href":"https:\/\/moda.covermagazin.com\/index.php?rest_route=\/wp\/v2\/users\/3"}],"replies":[{"embeddable":true,"href":"https:\/\/moda.covermagazin.com\/index.php?rest_route=%2Fwp%2Fv2%2Fcomments&post=52510"}],"version-history":[{"count":3,"href":"https:\/\/moda.covermagazin.com\/index.php?rest_route=\/wp\/v2\/posts\/52510\/revisions"}],"predecessor-version":[{"id":52650,"href":"https:\/\/moda.covermagazin.com\/index.php?rest_route=\/wp\/v2\/posts\/52510\/revisions\/52650"}],"wp:attachment":[{"href":"https:\/\/moda.covermagazin.com\/index.php?rest_route=%2Fwp%2Fv2%2Fmedia&parent=52510"}],"wp:term":[{"taxonomy":"category","embeddable":true,"href":"https:\/\/moda.covermagazin.com\/index.php?rest_route=%2Fwp%2Fv2%2Fcategories&post=52510"},{"taxonomy":"post_tag","embeddable":true,"href":"https:\/\/moda.covermagazin.com\/index.php?rest_route=%2Fwp%2Fv2%2Ftags&post=52510"}],"curies":[{"name":"wp","href":"https:\/\/api.w.org\/{rel}","templated":true}]}}