{"id":50701,"date":"2024-11-19T14:02:59","date_gmt":"2024-11-19T12:02:59","guid":{"rendered":"https:\/\/moda.covermagazin.com\/?p=50701"},"modified":"2024-11-19T14:03:00","modified_gmt":"2024-11-19T12:03:00","slug":"kratke-frizure","status":"publish","type":"post","link":"https:\/\/moda.covermagazin.com\/?p=50701","title":{"rendered":"Kratke frizure"},"content":{"rendered":"\n<figure class=\"wp-block-image size-full\"><img decoding=\"async\" src=\"https:\/\/moda.covermagazin.com\/wp-content\/uploads\/2022\/05\/kratke-frizure-2025-3.jpg\" alt=\"\" class=\"wp-image-50595\"\/><\/figure>\n\n\n\n<ul class=\"wp-block-list\">\n<li>sve fotografije u tekstu su novije aktualne kratke frizure zvijezda kakve su nosile posljednjih nekoliko dana, tako da se ne morate misliti je li frizura sa slike zastarjela ili je moderna. Ni jedna fotografija nije snimljena prije vi\u0161e od 3 mjeseca, tako da su kratke frizure na slikama moderne i trendi kratke frizure <\/li>\n<\/ul>\n\n\n\n<h2 class=\"wp-block-heading\">Kratke frizure<\/h2>\n\n\n\n<p>Od romanti\u010dnih i \u017eenstvenih, do asimetri\u010dnih i pod\u0161i\u0161anih, puno je opcija kada su kratke frizure u pitanju. Bez obzira da li \u017eelite modernizirati svoju kratku kosu ili potpuno promijeniti stil kratkom frizurom, na pravom ste mjestu kada ste u potrazi za idejama. Ispod \u0107ete prona\u0107i inspiraciju za odli\u010dne kratke frizure i stilove \u0161i\u0161anja kratke kose, ali i ohrabrenje da se odlu\u010dite na \u0161i\u0161anje i odaberete kratku frizuru. <\/p>\n\n\n\n<figure class=\"wp-block-gallery has-nested-images columns-default is-cropped wp-block-gallery-1 is-layout-flex wp-block-gallery-is-layout-flex\">\n<figure class=\"wp-block-image size-large\"><img decoding=\"async\" data-id=\"50608\" src=\"https:\/\/moda.covermagazin.com\/wp-content\/uploads\/2023\/07\/Kratke-frizure-za-mlade-zene-1.jpg\" alt=\"\" class=\"wp-image-50608\"\/><\/figure>\n\n\n\n<figure class=\"wp-block-image size-large\"><img decoding=\"async\" data-id=\"50595\" src=\"https:\/\/moda.covermagazin.com\/wp-content\/uploads\/2022\/05\/kratke-frizure-2025-3.jpg\" alt=\"\" class=\"wp-image-50595\"\/><\/figure>\n\n\n\n<figure class=\"wp-block-image size-large\"><img decoding=\"async\" data-id=\"50599\" src=\"https:\/\/moda.covermagazin.com\/wp-content\/uploads\/2023\/05\/kratka-kosa-2024-f.jpg\" alt=\"\" class=\"wp-image-50599\"\/><\/figure>\n\n\n\n<figure class=\"wp-block-image size-large\"><img decoding=\"async\" data-id=\"50630\" src=\"https:\/\/moda.covermagazin.com\/wp-content\/uploads\/2021\/04\/kratka-kosa.jpg\" alt=\"\" class=\"wp-image-50630\"\/><\/figure>\n\n\n\n<figure class=\"wp-block-image size-large\"><img decoding=\"async\" data-id=\"50564\" src=\"https:\/\/moda.covermagazin.com\/wp-content\/uploads\/2023\/09\/bob-frizura-zima-2024-4.jpg\" alt=\"\" class=\"wp-image-50564\"\/><\/figure>\n<\/figure>\n\n\n\n<h3 class=\"wp-block-heading\">Koje frizure su kratke frizure?<\/h3>\n\n\n\n<p>Kratke frizure ne podrazumijevaju samo jednu du\u017einu ili stil, one se razlikuju po \u0161i\u0161anju, oblikovanju i du\u017eini kose, ali uobi\u010dajeno kratke frizure su frizure koje ne prelaze ni  na najdu\u017eim dijelovima 5 do 10 cm. Kratke frizure nisu podlo\u017ene sezonama ili godi\u0161njim dobima. Za kratku frizuru mo\u017eete se odlu\u010diti u bilo kojoj fazi ili dijelu godine iz jednostavnog razloga \u0161to njihovo no\u0161enje ima svoje prednosti i u zimskim i ljetnim mjesecima. Ako ve\u0107 dugo pri\u017eeljkujete kratku frizuru, ne trebate \u010dekati bolje vrijeme, ohrabrite se i odlu\u010dite napokon za promjenu. Najpopularnije kratke frizure su pixie, piksi s du\u017eom kosom na vrhu glave, pod\u0161i\u0161ane kratke frizure, kratki bob i lepr\u0161avi slojeviti kra\u0107i bob. <\/p>\n\n\n\n<h3 class=\"wp-block-heading\">Inspiracija za kratke frizure<\/h3>\n\n\n\n<p>Najve\u0107a inspiracija za kratke frizure su obi\u010dno poznate osobe koje nese kratku kosu, te iz sezone u sezonu promoviraju nove stilove i daju novu inspiraciju svim \u017eenama koje vole kratke frizure. Ispod \u0107ete prona\u0107i razli\u010dite stilove, a najbolje je isprobati ih nekoliko, od du\u017eih prema kra\u0107im frizurama, kako biste prona\u0161li kratku frizuru koja vam najbolje pristaje i koja vam se najvi\u0161e svi\u0111a.<\/p>\n\n\n\n<h3 class=\"wp-block-heading\">Vragolaste kratke frizure<\/h3>\n\n\n\n<p>Ove opu\u0161tene i moderne frizure omiljene su frizure zvijezda ve\u0107 nekoliko sezona. Lepr\u0161ave su, ali za potrebu je od tako \u0161i\u0161ane kose mogu\u0107e napraviti i vrlo glamurozno izdanje. Lepr\u0161ave kratke frizure na zahtijevaju puno odr\u017eavanja i brige oko kose, a pristaju gotovo svim djevojkama. Ve\u0107ina lepr\u0161avih kratkih frizura mo\u017ee se stilizirati u u nekoliko minuta. Kosa kod ovakvih kratkih frizura obi\u010dno ima dobru teksturu, slojevito je \u0161i\u0161ana, \u010desto sa \u0161i\u0161kama. Lepr\u0161ave frizure tako\u0111er odaju dojam opu\u0161tene osobe s kojom je lako komunicirati i koja ima jednako opu\u0161ten pristup \u017eivotu.<\/p>\n\n\n\n<figure class=\"wp-block-gallery has-nested-images columns-2 is-cropped wp-block-gallery-2 is-layout-flex wp-block-gallery-is-layout-flex\">\n<figure class=\"wp-block-image size-large\"><img decoding=\"async\" data-id=\"50658\" src=\"https:\/\/moda.covermagazin.com\/wp-content\/uploads\/2023\/07\/stepenaste-frizure-1.jpg\" alt=\"\" class=\"wp-image-50658\"\/><\/figure>\n\n\n\n<figure class=\"wp-block-image size-large\"><img decoding=\"async\" data-id=\"50630\" src=\"https:\/\/moda.covermagazin.com\/wp-content\/uploads\/2021\/04\/kratka-kosa.jpg\" alt=\"\" class=\"wp-image-50630\"\/><\/figure>\n\n\n\n<figure class=\"wp-block-image size-large\"><img decoding=\"async\" data-id=\"50607\" src=\"https:\/\/moda.covermagazin.com\/wp-content\/uploads\/2023\/07\/Kratke-frizure-za-mlade-zene-2.jpg\" alt=\"\" class=\"wp-image-50607\"\/><\/figure>\n<\/figure>\n\n\n\n<h3 class=\"wp-block-heading\">Bob kratke frizure<\/h3>\n\n\n\n<p>Bob mo\u017eete nositi u ne\u0161to du\u017eim verzijama ali i kao kratku kosu. Klasi\u010dni bob oduvijek je popularan i jednostavno ne izlazi iz mode. Mo\u017ee se nositi u du\u017eini bilo kojoj izme\u0111u uha i ramena, iako kada govorimo o kratkim frizurama, preferirajte kra\u0107e du\u017eine. Bob kratke frizure prikladne su za sve dobi, mo\u017eete ih nositi kao glatku i ravnu kosu, ali i s valovima. Bob frizura istaknut \u0107e svu ljepotu va\u0161eg lica. Odli\u010dna su opcija za \u017eene koje \u017eele postupno skra\u0107ivati kosu kako bi se po malo, bez naglih promjena privikavale na kratke frizure.<\/p>\n\n\n\n<figure class=\"wp-block-gallery has-nested-images columns-default is-cropped wp-block-gallery-3 is-layout-flex wp-block-gallery-is-layout-flex\">\n<figure class=\"wp-block-image size-large\"><img decoding=\"async\" data-id=\"50605\" src=\"https:\/\/moda.covermagazin.com\/wp-content\/uploads\/2023\/07\/Kratke-frizure-za-mlade-zene-6.jpg\" alt=\"\" class=\"wp-image-50605\"\/><\/figure>\n\n\n\n<figure class=\"wp-block-image size-large\"><img decoding=\"async\" data-id=\"50564\" src=\"https:\/\/moda.covermagazin.com\/wp-content\/uploads\/2023\/09\/bob-frizura-zima-2024-4.jpg\" alt=\"\" class=\"wp-image-50564\"\/><\/figure>\n<\/figure>\n\n\n\n<h3 class=\"wp-block-heading\">Pixie kratka frizura<\/h3>\n\n\n\n<p>Pixie je bezvremenska frizura, gotovo uvijek iste du\u017eine, dje\u010da\u010dkog izgleda, te je obo\u017eavaju posebno mlade djevojke ili \u017eene koje su se u srednjim godinama ohrabrile imati frizuru kakvu su oduvijek obo\u017eavale. Pixie frizura u svojoj prvoj izvedbi je ve\u0107 osmi\u0161ljena kao frizura koja ne treba puno stiliziranja, ali morat \u0107ete se priviknuti na \u010de\u0161\u0107e posjete frizeru kako bi va\u0161 pixie zadr\u017eao oblik.<\/p>\n\n\n\n<figure class=\"wp-block-gallery has-nested-images columns-default is-cropped wp-block-gallery-4 is-layout-flex wp-block-gallery-is-layout-flex\">\n<figure class=\"wp-block-image size-full\"><img decoding=\"async\" data-id=\"50583\" src=\"https:\/\/moda.covermagazin.com\/wp-content\/uploads\/2021\/12\/kratke-frizure-2024-cover.jpg\" alt=\"\" class=\"wp-image-50583\"\/><\/figure>\n\n\n\n<figure class=\"wp-block-image size-full\"><img decoding=\"async\" data-id=\"50578\" src=\"https:\/\/moda.covermagazin.com\/wp-content\/uploads\/2020\/09\/kratke-frizure-a3.jpg\" alt=\"\" class=\"wp-image-50578\"\/><\/figure>\n<\/figure>\n\n\n\n<h2 class=\"wp-block-heading\">Pod\u0161i\u0161ane kratke frizure<\/h2>\n\n\n\n<p>Pod\u0161i\u0161ane kratke frizure podrazumijevaju obrijanu ili kratko \u0161i\u0161anu kosu sa strane, dok je kosa zna\u010dajno du\u017ea na vrhu glave. Ovo je prekrasan stil koji obo\u017eavaju hrabre i samouvjerene \u017eene. Mo\u017ee se nositi u razli\u010ditim du\u017einama, kao i simetri\u010dnim ili asimetri\u010dnim verzijama.<\/p>\n","protected":false},"excerpt":{"rendered":"<p>Kratke frizure Od romanti\u010dnih i \u017eenstvenih, do asimetri\u010dnih i pod\u0161i\u0161anih, puno je opcija kada su kratke frizure u pitanju. Bez obzira da li \u017eelite modernizirati svoju kratku kosu ili potpuno promijeniti stil kratkom frizurom, na pravom ste mjestu kada ste u potrazi za idejama. Ispod \u0107ete prona\u0107i inspiraciju za odli\u010dne kratke frizure i stilove \u0161i\u0161anja [&hellip;]<\/p>\n","protected":false},"author":1,"featured_media":0,"comment_status":"open","ping_status":"open","sticky":false,"template":"","format":"standard","meta":{"footnotes":""},"categories":[3],"tags":[1364,1213],"class_list":["post-50701","post","type-post","status-publish","format-standard","hentry","category-modni_trendovi","tag-kratke-frizure-za-starije-zene","tag-kratke-frizure"],"_links":{"self":[{"href":"https:\/\/moda.covermagazin.com\/index.php?rest_route=\/wp\/v2\/posts\/50701","targetHints":{"allow":["GET"]}}],"collection":[{"href":"https:\/\/moda.covermagazin.com\/index.php?rest_route=\/wp\/v2\/posts"}],"about":[{"href":"https:\/\/moda.covermagazin.com\/index.php?rest_route=\/wp\/v2\/types\/post"}],"author":[{"embeddable":true,"href":"https:\/\/moda.covermagazin.com\/index.php?rest_route=\/wp\/v2\/users\/1"}],"replies":[{"embeddable":true,"href":"https:\/\/moda.covermagazin.com\/index.php?rest_route=%2Fwp%2Fv2%2Fcomments&post=50701"}],"version-history":[{"count":1,"href":"https:\/\/moda.covermagazin.com\/index.php?rest_route=\/wp\/v2\/posts\/50701\/revisions"}],"predecessor-version":[{"id":50702,"href":"https:\/\/moda.covermagazin.com\/index.php?rest_route=\/wp\/v2\/posts\/50701\/revisions\/50702"}],"wp:attachment":[{"href":"https:\/\/moda.covermagazin.com\/index.php?rest_route=%2Fwp%2Fv2%2Fmedia&parent=50701"}],"wp:term":[{"taxonomy":"category","embeddable":true,"href":"https:\/\/moda.covermagazin.com\/index.php?rest_route=%2Fwp%2Fv2%2Fcategories&post=50701"},{"taxonomy":"post_tag","embeddable":true,"href":"https:\/\/moda.covermagazin.com\/index.php?rest_route=%2Fwp%2Fv2%2Ftags&post=50701"}],"curies":[{"name":"wp","href":"https:\/\/api.w.org\/{rel}","templated":true}]}}