{"id":50216,"date":"2024-10-09T21:18:30","date_gmt":"2024-10-09T19:18:30","guid":{"rendered":"https:\/\/moda.covermagazin.com\/?p=50216"},"modified":"2024-10-09T21:20:23","modified_gmt":"2024-10-09T19:20:23","slug":"kako-nositi-balerinke-kako-ih-kombinirati-s-odjecom","status":"publish","type":"post","link":"https:\/\/moda.covermagazin.com\/?p=50216","title":{"rendered":"Kako nositi balerinke? Kako ih kombinirati s odje\u0107om?"},"content":{"rendered":"\n<figure class=\"wp-block-image size-full\"><img decoding=\"async\" src=\"https:\/\/moda.covermagazin.com\/wp-content\/uploads\/2024\/10\/Kako-nositi-balerinke-0-Stuart-Weitzman.jpg\" alt=\"\" class=\"wp-image-50213\"\/><figcaption class=\"wp-element-caption\">Stuart Weitzman<\/figcaption><\/figure>\n\n\n\n<h2 class=\"wp-block-heading\">Kako nositi balerinke? Kako ih kombinirati s odje\u0107om?<\/h2>\n\n\n\n<p>Balerinke su prakti\u010dne i udobne, stoga nije \u010dudno da su \u010dest izbor. No, za one koji su naviknuti na cipele s petom, kombiniranje odje\u0107e s balerinkama mo\u017ee biti ne\u0161to druga\u010dije. Balerinke su elegantne, a opet prakti\u010dne i ako su kvalitetne bez problema se mo\u017ee u njima biti cijeli dan. Kako na moderan na\u010din ove sezone nositi balerinke?<\/p>\n\n\n\n<p>Balerinke su prisutne i ove sezone u kolekcijama svih brendova i dizajnera, te je zaista izbor balerinki ogroman i svatko ih mo\u017ee prilagoditi svome stilu. Od jednostavnih balerinki, do onih ukra\u0161enih nitnama, kao i ma\u0161nicama ili biserima. Njihova prednost je upravo u tome \u0161to su odli\u010dan izbor za razne prigode, i za \u0161etnje i za ured.<\/p>\n\n\n\n<p>Balerinke se mogu odli\u010dno kombinirati s razli\u010ditim odjevnim predmetima, a jedna od naj\u010de\u0161\u0107ih kombinacija su s trapericama. Uz traperice mo\u017eete nositi majice, d\u017eempere, bluze ili ko\u0161ulje, balerinke u svakom slu\u010daju dobro odgovaraju.<\/p>\n\n\n\n<p>Balerinke se tako\u0111er odli\u010dno sla\u017eu sa \u0161irokim ili plisiram suknjama, kao i sa \u0161irokim haljinama. Tako\u0111er kra\u0107e u\u017ee haljine, d\u017eemper haljine kao i uske haljine su dobar izbor uz balerinke. Preko mo\u017eete birati ko\u017ena jakna, traper jakna ili sako, uz balerinke sve odgovara. Uz balerinke \u010dak i kra\u0107e uske haljine djeluju le\u017eerno i opu\u0161teno, dok bi ista haljina uz cipele na visoku petu ili uz visoke \u010dizme imala potpuno druga\u010diji dojam.<\/p>\n\n\n\n<p>Ko\u0161ulja haljine i haljine na preklop su tako\u0111er dobar izbor uz balerinke, a to \u0107e biti i odli\u010dan izbor za ured i poslovno odijevanje.<\/p>\n\n\n\n<p>Uz jednobojne balerinke, ili balerinke s nekim ukrasom odli\u010dno \u0107e i\u0107i haljine s uzorkom, dok \u0107e balerinke koje su u vi\u0161e boja bolje odgovarati jednobojne haljine. Ako istu boju imate i na balerinki i na haljini jo\u0161 bolje.<\/p>\n\n\n\n<p>Najbolji izbor hla\u010da uz balerinke su one do gle\u017enja, uske hla\u010de, kao i cargo i jogger hla\u010de. Uz balerinke bolje idu hla\u010de iznad gle\u017enja nego du\u017ee hla\u010de koje prekrivaju balerinke. Traperice mogu biti uske uz balerinke, ali i one opu\u0161tenije, kao i one \u0161ireg kroja ili ravnih nogavica. No, iakos u popularne, du\u017ee traperice koje skroz prekrivaju balerinke i se\u017eu do poda, nisu najbolji izbor uz balerinke.<\/p>\n\n\n\n<p>Za da\u0161ak elegancije uz suknje birajte balerinke koje idu u \u0161pice. Na taj na\u010din \u0107e skoro pa jednostavna kombinacija \u0161ire suknje i balerinki biti elegantna. Iako uz balerinke dobro idu i uske suknje, zanimljiviji look \u0107ete dobiti kombinacijom sa \u0161irom ili s plisiranom suknjom.<\/p>\n\n\n\n<figure class=\"wp-block-gallery has-nested-images columns-2 is-cropped wp-block-gallery-1 is-layout-flex wp-block-gallery-is-layout-flex\">\n<figure class=\"wp-block-image size-large\"><img decoding=\"async\" data-id=\"50213\" src=\"https:\/\/moda.covermagazin.com\/wp-content\/uploads\/2024\/10\/Kako-nositi-balerinke-0-Stuart-Weitzman.jpg\" alt=\"\" class=\"wp-image-50213\"\/><figcaption class=\"wp-element-caption\">Stuart Weitzman<\/figcaption><\/figure>\n\n\n\n<figure class=\"wp-block-image size-large\"><img decoding=\"async\" data-id=\"50192\" src=\"https:\/\/moda.covermagazin.com\/wp-content\/uploads\/2024\/10\/Balerinke-u-poslovnoj-modi-Stuart-Weitzman-2.jpg\" alt=\"Balerinke u poslovnoj modi\" class=\"wp-image-50192\"\/><figcaption class=\"wp-element-caption\">Stuart Weitzman<\/figcaption><\/figure>\n\n\n\n<figure class=\"wp-block-image size-large\"><img decoding=\"async\" data-id=\"50208\" src=\"https:\/\/moda.covermagazin.com\/wp-content\/uploads\/2024\/10\/Kako-nositi-balerinke-Mango-2.jpg\" alt=\"\" class=\"wp-image-50208\"\/><figcaption class=\"wp-element-caption\">Mango<\/figcaption><\/figure>\n\n\n\n<figure class=\"wp-block-image size-large\"><img decoding=\"async\" data-id=\"50209\" src=\"https:\/\/moda.covermagazin.com\/wp-content\/uploads\/2024\/10\/Kako-nositi-balerinke-Mango-3.jpg\" alt=\"\" class=\"wp-image-50209\"\/><figcaption class=\"wp-element-caption\">Mango<\/figcaption><\/figure>\n\n\n\n<figure class=\"wp-block-image size-large\"><img decoding=\"async\" data-id=\"50207\" src=\"https:\/\/moda.covermagazin.com\/wp-content\/uploads\/2024\/10\/Kako-nositi-balerinke-Mango-1.jpg\" alt=\"\" class=\"wp-image-50207\"\/><figcaption class=\"wp-element-caption\">Mango<\/figcaption><\/figure>\n\n\n\n<figure class=\"wp-block-image size-large\"><img decoding=\"async\" data-id=\"50205\" src=\"https:\/\/moda.covermagazin.com\/wp-content\/uploads\/2024\/10\/Kako-nositi-balerinke-Armani.jpg\" alt=\"Kako nositi balerinke\" class=\"wp-image-50205\"\/><figcaption class=\"wp-element-caption\">Armani<\/figcaption><\/figure>\n\n\n\n<figure class=\"wp-block-image size-large\"><img decoding=\"async\" data-id=\"50206\" src=\"https:\/\/moda.covermagazin.com\/wp-content\/uploads\/2024\/10\/Kako-nositi-balerinke-Dior.jpg\" alt=\"\" class=\"wp-image-50206\"\/><figcaption class=\"wp-element-caption\">Dior<\/figcaption><\/figure>\n\n\n\n<figure class=\"wp-block-image size-large\"><img decoding=\"async\" data-id=\"50210\" src=\"https:\/\/moda.covermagazin.com\/wp-content\/uploads\/2024\/10\/Kako-nositi-balerinke-Pinko-1.jpg\" alt=\"\" class=\"wp-image-50210\"\/><figcaption class=\"wp-element-caption\">Pinko <\/figcaption><\/figure>\n\n\n\n<figure class=\"wp-block-image size-large\"><img decoding=\"async\" data-id=\"50211\" src=\"https:\/\/moda.covermagazin.com\/wp-content\/uploads\/2024\/10\/Kako-nositi-balerinke-Pinko-2.jpg\" alt=\"\" class=\"wp-image-50211\"\/><figcaption class=\"wp-element-caption\">Pinko<\/figcaption><\/figure>\n\n\n\n<figure class=\"wp-block-image size-large\"><img decoding=\"async\" data-id=\"50212\" src=\"https:\/\/moda.covermagazin.com\/wp-content\/uploads\/2024\/10\/Kako-nositi-balerinke-Pinko-3.jpg\" alt=\"\" class=\"wp-image-50212\"\/><figcaption class=\"wp-element-caption\">Pinko<\/figcaption><\/figure>\n\n\n\n<figure class=\"wp-block-image size-large\"><img decoding=\"async\" data-id=\"50204\" src=\"https:\/\/moda.covermagazin.com\/wp-content\/uploads\/2024\/10\/Kako-nositi-balerinke-Armani-4.jpg\" alt=\"Kako nositi balerinke\" class=\"wp-image-50204\"\/><figcaption class=\"wp-element-caption\">Armani <\/figcaption><\/figure>\n\n\n\n<figure class=\"wp-block-image size-large\"><img decoding=\"async\" data-id=\"50203\" src=\"https:\/\/moda.covermagazin.com\/wp-content\/uploads\/2024\/10\/Balerinke-u-svecanoj-modi-Armani-2-1.jpg\" alt=\"Kako nositi balerinke\" class=\"wp-image-50203\"\/><\/figure>\n\n\n\n<figure class=\"wp-block-image size-large\"><img decoding=\"async\" data-id=\"50193\" src=\"https:\/\/moda.covermagazin.com\/wp-content\/uploads\/2024\/10\/Balerinke-u-poslovnoj-modi-Stuart-Weitzman.jpg\" alt=\"Balerinke u poslovnoj modi\" class=\"wp-image-50193\"\/><figcaption class=\"wp-element-caption\">Stuart Weitzman<\/figcaption><\/figure>\n<\/figure>\n","protected":false},"excerpt":{"rendered":"<p>Kako nositi balerinke? Kako ih kombinirati s odje\u0107om? Balerinke su prakti\u010dne i udobne, stoga nije \u010dudno da su \u010dest izbor. No, za one koji su naviknuti na cipele s petom, kombiniranje odje\u0107e s balerinkama mo\u017ee biti ne\u0161to druga\u010dije. Balerinke su elegantne, a opet prakti\u010dne i ako su kvalitetne bez problema se mo\u017ee u njima biti [&hellip;]<\/p>\n","protected":false},"author":3,"featured_media":0,"comment_status":"open","ping_status":"open","sticky":false,"template":"","format":"standard","meta":{"footnotes":""},"categories":[1043,1178,1226,1181,5],"tags":[1168,1187,1169,1188],"class_list":["post-50216","post","type-post","status-publish","format-standard","hentry","category-moda-2018","category-moda-i-stil","category-moda-za-zene-srednjih-godina","category-moderne-kombinacije","category-style_news","tag-balerinke","tag-cipele","tag-moderne-balernike","tag-moderne-cipele"],"_links":{"self":[{"href":"https:\/\/moda.covermagazin.com\/index.php?rest_route=\/wp\/v2\/posts\/50216","targetHints":{"allow":["GET"]}}],"collection":[{"href":"https:\/\/moda.covermagazin.com\/index.php?rest_route=\/wp\/v2\/posts"}],"about":[{"href":"https:\/\/moda.covermagazin.com\/index.php?rest_route=\/wp\/v2\/types\/post"}],"author":[{"embeddable":true,"href":"https:\/\/moda.covermagazin.com\/index.php?rest_route=\/wp\/v2\/users\/3"}],"replies":[{"embeddable":true,"href":"https:\/\/moda.covermagazin.com\/index.php?rest_route=%2Fwp%2Fv2%2Fcomments&post=50216"}],"version-history":[{"count":1,"href":"https:\/\/moda.covermagazin.com\/index.php?rest_route=\/wp\/v2\/posts\/50216\/revisions"}],"predecessor-version":[{"id":50217,"href":"https:\/\/moda.covermagazin.com\/index.php?rest_route=\/wp\/v2\/posts\/50216\/revisions\/50217"}],"wp:attachment":[{"href":"https:\/\/moda.covermagazin.com\/index.php?rest_route=%2Fwp%2Fv2%2Fmedia&parent=50216"}],"wp:term":[{"taxonomy":"category","embeddable":true,"href":"https:\/\/moda.covermagazin.com\/index.php?rest_route=%2Fwp%2Fv2%2Fcategories&post=50216"},{"taxonomy":"post_tag","embeddable":true,"href":"https:\/\/moda.covermagazin.com\/index.php?rest_route=%2Fwp%2Fv2%2Ftags&post=50216"}],"curies":[{"name":"wp","href":"https:\/\/api.w.org\/{rel}","templated":true}]}}