{"id":50156,"date":"2025-10-08T09:28:57","date_gmt":"2025-10-08T07:28:57","guid":{"rendered":"https:\/\/moda.covermagazin.com\/?p=50156"},"modified":"2025-10-08T09:28:57","modified_gmt":"2025-10-08T07:28:57","slug":"moda-i-dojam-kako-moda-utjece-na-dojam","status":"publish","type":"post","link":"https:\/\/moda.covermagazin.com\/?p=50156","title":{"rendered":"Moda i image &#8211; Kako moda utje\u010de na dojam koji ostavljamo"},"content":{"rendered":"\n<figure class=\"wp-block-image size-large\"><img loading=\"lazy\" decoding=\"async\" width=\"1024\" height=\"682\" src=\"https:\/\/moda.covermagazin.com\/wp-content\/uploads\/2024\/10\/moda-i-image-1024x682.jpg\" alt=\"\" class=\"wp-image-54058\" srcset=\"https:\/\/moda.covermagazin.com\/wp-content\/uploads\/2024\/10\/moda-i-image-1024x682.jpg 1024w, https:\/\/moda.covermagazin.com\/wp-content\/uploads\/2024\/10\/moda-i-image-300x200.jpg 300w, https:\/\/moda.covermagazin.com\/wp-content\/uploads\/2024\/10\/moda-i-image-768x512.jpg 768w, https:\/\/moda.covermagazin.com\/wp-content\/uploads\/2024\/10\/moda-i-image.jpg 1280w\" sizes=\"auto, (max-width: 1024px) 100vw, 1024px\" \/><\/figure>\n\n\n\n<h2 class=\"wp-block-heading\">Moda i image &#8211; Kako moda utje\u010de na dojam koji ostavljamo<\/h2>\n\n\n\n<p>Koliko odje\u0107a i moda utje\u010du na dojam o nama, te \u0161to birati i odjenuti kada \u017eelite ostaviti odre\u0111eni dojam.<\/p>\n\n\n\n<p>Bitno je prona\u0107i vlastiti stil, osje\u0107ati se udobno, ali i prilagoditi odje\u0107u situaciji i formalnosti. Ne trebate imati svoj stil i ne odustajati od njega, nego imat stil zna\u010di prilago\u0111avati svoj stil prigodama. Na taj na\u010din vi imate stila, a ne da stil definira vas.<\/p>\n\n\n\n<h3 class=\"wp-block-heading\">\u0160to odjenuti kako bi ostavili POSLOVAN dojam?<\/h3>\n\n\n\n<p>Istra\u017eivanje s Northern Illinois University pokazalo je da je ve\u0107ina i mu\u0161karaca i \u017eena tamnije boje percipirala profesionalnijim, te da su percipirali osobe kao inteligentnije, obrazovanije, kompetentnije, po\u0161tene i pouzdane.<\/p>\n\n\n\n<p>\u010cesto se takve boje predla\u017eu kada \u017eelite ostaviti <strong>profesionalan dojam<\/strong>, za razgovore za posao i neke poslovne susrete, one koji \u017eele ostaviti poslovan dojam. Naravno, poslije utjecaj imaju druge stvari te samo odje\u0107a ne\u0107e pomo\u0107i, no, utje\u010de na osobe koje vas ne poznaju i tek stvaraju prvi dojam.<\/p>\n\n\n\n<p>Tamne boje, posebno crna i siva se smatraju profesionalnim, a modni dodaci poput zveckavih narukvica, ve\u0107ih \u0161alova, ukrasa i sli\u010dno, umanjuju taj dojam. Modni dodaci i nakit trebaju biti u tim slu\u010dajevima vrlo decentni i jednostavni.<\/p>\n\n\n\n<p>Jake boje, kao i pastelne, te \u0161iroka odje\u0107a ve\u017ee se uz le\u017eernu modu, slojevita odje\u0107a djeluje nekako le\u017eernije i opu\u0161tenije.<\/p>\n\n\n\n<p>Ako \u017eelite napraviti balans tada na tamnu odje\u0107u birajte jedan odjevni predmet ili modni dodatak u drugoj boji.<\/p>\n\n\n\n<p>&#8211; Ako \u017eelite izgledati profesionalno odje\u0107a treba biti tamna, mora biti odgovaraju\u0107e veli\u010dine, jednostavnog kroja i mora vam pristajati.<\/p>\n\n\n\n<p>Odje\u0107a koja dobro pristaje govori o tome da osoba obra\u0107a pa\u017enju na detalje i da je savjesna. To zna\u010di da za poslovan dojam odje\u0107a ne smije biti pre\u0161iroka, preuska, preduga i prekratka.<\/p>\n\n\n\n<h3 class=\"wp-block-heading\">\u0160to odjenuti kako bi ostavili OPU\u0160TEN dojam &#8211; CASUL stil?<\/h3>\n\n\n\n<p>Ako \u017eelite djelovati opu\u0161teno, istovremeno moderno i dotjerano, kao netko kome moda nije bitna, nego udobnost, tko \u017eeli da osobnost vi\u0161e dolazi do izra\u017eaja, tada su boje dobar izbor. Izra\u017eajne ili pastelne boje uglavnom djeluju opu\u0161tenije.<\/p>\n\n\n\n<p>Npr. ako \u017eelite djelovati i poslovno i opu\u0161teno uz crne hla\u010de birajte bluzu ili ko\u0161ulju u ja\u010doj ili pastelnoj boji. Plisirana ili \u0161ira suknja u tamnoj boji je tako\u0111er zanimljiv izbor.<\/p>\n\n\n\n<p>\u0160ira odje\u0107a ili slojevita odje\u0107a djeluje opu\u0161tenije. Ako \u017eelite sredinu izme\u0111u opu\u0161tenog i poslovnog, birajte \u0161iru odje\u0107u ili slojevitu u tamnim bojama. Ili odje\u0107u u izra\u017eajnim i pastelnim bojama na odje\u0107i jednostavnih linija. Na taj na\u010din se posti\u017ee balans opu\u0161tenog i poslovnog.<\/p>\n\n\n\n<p>Za potpuno le\u017eeran dojam birajte \u0161iru ili slojevitu odje\u0107u u izra\u017eajnim ili pastelnim bojama, te dodajte vi\u0161e modnih dodataka.<\/p>\n\n\n\n<h3 class=\"wp-block-heading\">\u0160to odjenuti kako bi ostavili KREATIVAN i jedinstven dojam?<\/h3>\n\n\n\n<p>Ako \u017eelite ostaviti dojam kreativne osobe, osobe koja je druga\u010dija, koja se isti\u010de, ma svoj stil, moda mo\u017ee biti odli\u010dan na\u010din izra\u017eavanja. Odje\u0107om u tom slu\u010daju ve\u0107 na prvi pogled govorite o tome.<\/p>\n\n\n\n<p>Modni dodaci i boje su osnova ovakvog stila. Crnu boju zamijenite tamnoplavom, plave traperice zamijenite trapericama u boji&#8230; sitne promjene mogu puno toga napraviti.<\/p>\n\n\n\n<p>U ovom slu\u010daju su va\u017eni kontrasti, kako boja tako i tekstura. Eksperimentirajte dok ne prona\u0111ete one kombinacije koje se vama svi\u0111aju. Kombinirajte materijale, ko\u017ena suknja i lepr\u0161ava ko\u0161ulja, ili d\u017eemper i ko\u017ene hla\u010de, umjesto traperica i pamu\u010dne majice. \u010carape s uzorkom mogu biti ttako\u0111er zanimljiva opcija.<\/p>\n\n\n\n<p>Koristite uzorke na odje\u0107i, kombinacije boja&#8230; Npr. pruge mogu biti uzorak za posao, kao i apstraktni uzorci, dok \u0107e neki zabavniji biti odli\u010dan izbor za casual situacije.<\/p>\n\n\n\n<p>Kako biste personalizirali stil koristite modne dodatke. Oni su najjednostavniji na\u010din da svakoj odje\u0107i date osobni dojam, da personalizira gotovu, kupljenu haljinu. Izbor nakita, \u0161ala, kape, torbe ili cipela mo\u017ee biti na\u010din da gradite vlastiti stil i da poka\u017eete osobnost.<\/p>\n\n\n\n<p>Nakit mo\u017ee biti samo estetski dodatak, no neki modni dodaci su i prakti\u010dni. \u0160alovi i kape mogu vas i dodatno utopliti, torbe mogu izra\u017eavati osobnost, ali biti i prakti\u010dne, mogu biti upe\u010datljiv, druga\u010dije&#8230; Cipele i torbe su najjednostavniji na\u010din da ne\u0161to promijenite, i da od nekud krenete.<\/p>\n","protected":false},"excerpt":{"rendered":"<p>Moda i image &#8211; Kako moda utje\u010de na dojam koji ostavljamo Koliko odje\u0107a i moda utje\u010du na dojam o nama, te \u0161to birati i odjenuti kada \u017eelite ostaviti odre\u0111eni dojam. Bitno je prona\u0107i vlastiti stil, osje\u0107ati se udobno, ali i prilagoditi odje\u0107u situaciji i formalnosti. Ne trebate imati svoj stil i ne odustajati od njega, [&hellip;]<\/p>\n","protected":false},"author":3,"featured_media":54058,"comment_status":"open","ping_status":"open","sticky":true,"template":"","format":"standard","meta":{"footnotes":""},"categories":[1043,1178,7,5],"tags":[1211,1212],"class_list":["post-50156","post","type-post","status-publish","format-standard","has-post-thumbnail","hentry","category-moda-2018","category-moda-i-stil","category-poslovna_kombinacija_tjedna","category-style_news","tag-poslovna-moda","tag-poslovna-odjeca-za-zena"],"_links":{"self":[{"href":"https:\/\/moda.covermagazin.com\/index.php?rest_route=\/wp\/v2\/posts\/50156","targetHints":{"allow":["GET"]}}],"collection":[{"href":"https:\/\/moda.covermagazin.com\/index.php?rest_route=\/wp\/v2\/posts"}],"about":[{"href":"https:\/\/moda.covermagazin.com\/index.php?rest_route=\/wp\/v2\/types\/post"}],"author":[{"embeddable":true,"href":"https:\/\/moda.covermagazin.com\/index.php?rest_route=\/wp\/v2\/users\/3"}],"replies":[{"embeddable":true,"href":"https:\/\/moda.covermagazin.com\/index.php?rest_route=%2Fwp%2Fv2%2Fcomments&post=50156"}],"version-history":[{"count":5,"href":"https:\/\/moda.covermagazin.com\/index.php?rest_route=\/wp\/v2\/posts\/50156\/revisions"}],"predecessor-version":[{"id":54059,"href":"https:\/\/moda.covermagazin.com\/index.php?rest_route=\/wp\/v2\/posts\/50156\/revisions\/54059"}],"wp:featuredmedia":[{"embeddable":true,"href":"https:\/\/moda.covermagazin.com\/index.php?rest_route=\/wp\/v2\/media\/54058"}],"wp:attachment":[{"href":"https:\/\/moda.covermagazin.com\/index.php?rest_route=%2Fwp%2Fv2%2Fmedia&parent=50156"}],"wp:term":[{"taxonomy":"category","embeddable":true,"href":"https:\/\/moda.covermagazin.com\/index.php?rest_route=%2Fwp%2Fv2%2Fcategories&post=50156"},{"taxonomy":"post_tag","embeddable":true,"href":"https:\/\/moda.covermagazin.com\/index.php?rest_route=%2Fwp%2Fv2%2Ftags&post=50156"}],"curies":[{"name":"wp","href":"https:\/\/api.w.org\/{rel}","templated":true}]}}