{"id":50000,"date":"2024-10-06T13:08:19","date_gmt":"2024-10-06T11:08:19","guid":{"rendered":"https:\/\/moda.covermagazin.com\/?p=50000"},"modified":"2024-10-09T14:34:26","modified_gmt":"2024-10-09T12:34:26","slug":"kratki-mantili-odlicne-ideje-za-jesen","status":"publish","type":"post","link":"https:\/\/moda.covermagazin.com\/?p=50000","title":{"rendered":"Kratki mantili &#8211; odli\u010dne ideje za jesen"},"content":{"rendered":"\n<figure class=\"wp-block-image size-full\"><img decoding=\"async\" src=\"https:\/\/moda.covermagazin.com\/wp-content\/uploads\/2024\/10\/Kratki-baloneri-0.jpg\" alt=\"\" class=\"wp-image-50010\"\/><\/figure>\n\n\n\n<h2 class=\"wp-block-heading\">Kratki mantili &#8211; odli\u010dne ideje za jesen<\/h2>\n\n\n\n<p>Nakon nekoliko sezona dominacije dugih balonera, ove sezone su popularni i oni kra\u0107i baloneri. Kratki baloneri \u0107e biti dobar izbor za one koji vole prakti\u010dnost. Kao i na dugim balonerima, tako i na kratkim moderne su verzije s remenom i bez remena. Remen \u0107e naglasiti liniju, a onima koji \u017eele izgledati mr\u0161avije, tako\u0111er remen mo\u017ee biti dobar dodatak. Baloneri kao pelerina su ove sezone tako\u0111er moderni, oni su odli\u010dan izbor za one koji \u017eele dodati posebnost svome looku, ne vole standarde i \u017eele ne\u0161to druga\u010dije od klasi\u010dnog balonera.<\/p>\n\n\n\n<p>Kratki baloneri se mogu odjenuti na sve kombinacije, od traperica, uskih i \u0161irokih hla\u010da, do \u017eenskih odijela, pletenih ili cvjetnih haljina. Uz kratki baloner odli\u010dno ide ravna obu\u0107a, tenisice, balerinke, mokasinke&#8230; A za poseban efekt pobrinut \u0107e se kombinacija tajica ili uskih hla\u010da i visokih \u010dizama.<\/p>\n\n\n\n<p><strong>Moderni kratki mantili<\/strong><\/p>\n\n\n\n<figure class=\"wp-block-gallery has-nested-images columns-2 is-cropped wp-block-gallery-1 is-layout-flex wp-block-gallery-is-layout-flex\">\n<figure class=\"wp-block-image size-large\"><img decoding=\"async\" data-id=\"50001\" src=\"https:\/\/moda.covermagazin.com\/wp-content\/uploads\/2024\/10\/Kratki-baloneri-Burberry.jpg\" alt=\"\" class=\"wp-image-50001\"\/><figcaption class=\"wp-element-caption\">Burberry mantili<\/figcaption><\/figure>\n\n\n\n<figure class=\"wp-block-image size-large\"><img decoding=\"async\" data-id=\"50002\" src=\"https:\/\/moda.covermagazin.com\/wp-content\/uploads\/2024\/10\/Kratki-baloneri-HM-1.jpg\" alt=\"\" class=\"wp-image-50002\"\/><figcaption class=\"wp-element-caption\">H&amp;M mantili<\/figcaption><\/figure>\n\n\n\n<figure class=\"wp-block-image size-large\"><img decoding=\"async\" data-id=\"50005\" src=\"https:\/\/moda.covermagazin.com\/wp-content\/uploads\/2024\/10\/Kratki-baloneri-Mango-1.jpg\" alt=\"\" class=\"wp-image-50005\"\/><figcaption class=\"wp-element-caption\">Mango mantili<\/figcaption><\/figure>\n\n\n\n<figure class=\"wp-block-image size-large\"><img decoding=\"async\" data-id=\"50003\" src=\"https:\/\/moda.covermagazin.com\/wp-content\/uploads\/2024\/10\/Kratki-baloneri-HM-2.jpg\" alt=\"\" class=\"wp-image-50003\"\/><figcaption class=\"wp-element-caption\">H&amp;M mantili<\/figcaption><\/figure>\n\n\n\n<figure class=\"wp-block-image size-large\"><img decoding=\"async\" data-id=\"50004\" src=\"https:\/\/moda.covermagazin.com\/wp-content\/uploads\/2024\/10\/Kratki-baloneri-HM-3.jpg\" alt=\"\" class=\"wp-image-50004\"\/><figcaption class=\"wp-element-caption\">H&amp;M mantili<\/figcaption><\/figure>\n\n\n\n<figure class=\"wp-block-image size-large\"><img decoding=\"async\" data-id=\"50006\" src=\"https:\/\/moda.covermagazin.com\/wp-content\/uploads\/2024\/10\/Kratki-baloneri-Zara-1.jpg\" alt=\"\" class=\"wp-image-50006\"\/><figcaption class=\"wp-element-caption\">Zara mantili<\/figcaption><\/figure>\n\n\n\n<figure class=\"wp-block-image size-large\"><img decoding=\"async\" data-id=\"50008\" src=\"https:\/\/moda.covermagazin.com\/wp-content\/uploads\/2024\/10\/Kratki-baloneri-Zara-3.jpg\" alt=\"\" class=\"wp-image-50008\"\/><figcaption class=\"wp-element-caption\">Zara mantili<\/figcaption><\/figure>\n\n\n\n<figure class=\"wp-block-image size-large\"><img decoding=\"async\" data-id=\"50007\" src=\"https:\/\/moda.covermagazin.com\/wp-content\/uploads\/2024\/10\/Kratki-baloneri-Zara-2.jpg\" alt=\"\" class=\"wp-image-50007\"\/><figcaption class=\"wp-element-caption\">Zara mantili<\/figcaption><\/figure>\n\n\n\n<figure class=\"wp-block-image size-large\"><img decoding=\"async\" data-id=\"50009\" src=\"https:\/\/moda.covermagazin.com\/wp-content\/uploads\/2024\/10\/Kratki-baloneri-Zara-4.jpg\" alt=\"\" class=\"wp-image-50009\"\/><figcaption class=\"wp-element-caption\">Zara mantili<\/figcaption><\/figure>\n\n\n\n<figure class=\"wp-block-image size-large\"><img decoding=\"async\" data-id=\"50049\" src=\"https:\/\/moda.covermagazin.com\/wp-content\/uploads\/2024\/10\/Kratki-mantili-Prada.jpg\" alt=\"\" class=\"wp-image-50049\"\/><\/figure>\n<\/figure>\n","protected":false},"excerpt":{"rendered":"<p>Kratki mantili &#8211; odli\u010dne ideje za jesen Nakon nekoliko sezona dominacije dugih balonera, ove sezone su popularni i oni kra\u0107i baloneri. Kratki baloneri \u0107e biti dobar izbor za one koji vole prakti\u010dnost. Kao i na dugim balonerima, tako i na kratkim moderne su verzije s remenom i bez remena. Remen \u0107e naglasiti liniju, a onima [&hellip;]<\/p>\n","protected":false},"author":3,"featured_media":0,"comment_status":"open","ping_status":"open","sticky":false,"template":"","format":"standard","meta":{"footnotes":""},"categories":[1043,114,1179],"tags":[1107,1106,1123,1122],"class_list":["post-50000","post","type-post","status-publish","format-standard","hentry","category-moda-2018","category-dizajneri_modne_galerije","category-najnovija-moda","tag-baloneri","tag-mantili","tag-moderni-baloneri","tag-moderni-mantili"],"_links":{"self":[{"href":"https:\/\/moda.covermagazin.com\/index.php?rest_route=\/wp\/v2\/posts\/50000","targetHints":{"allow":["GET"]}}],"collection":[{"href":"https:\/\/moda.covermagazin.com\/index.php?rest_route=\/wp\/v2\/posts"}],"about":[{"href":"https:\/\/moda.covermagazin.com\/index.php?rest_route=\/wp\/v2\/types\/post"}],"author":[{"embeddable":true,"href":"https:\/\/moda.covermagazin.com\/index.php?rest_route=\/wp\/v2\/users\/3"}],"replies":[{"embeddable":true,"href":"https:\/\/moda.covermagazin.com\/index.php?rest_route=%2Fwp%2Fv2%2Fcomments&post=50000"}],"version-history":[{"count":2,"href":"https:\/\/moda.covermagazin.com\/index.php?rest_route=\/wp\/v2\/posts\/50000\/revisions"}],"predecessor-version":[{"id":50050,"href":"https:\/\/moda.covermagazin.com\/index.php?rest_route=\/wp\/v2\/posts\/50000\/revisions\/50050"}],"wp:attachment":[{"href":"https:\/\/moda.covermagazin.com\/index.php?rest_route=%2Fwp%2Fv2%2Fmedia&parent=50000"}],"wp:term":[{"taxonomy":"category","embeddable":true,"href":"https:\/\/moda.covermagazin.com\/index.php?rest_route=%2Fwp%2Fv2%2Fcategories&post=50000"},{"taxonomy":"post_tag","embeddable":true,"href":"https:\/\/moda.covermagazin.com\/index.php?rest_route=%2Fwp%2Fv2%2Ftags&post=50000"}],"curies":[{"name":"wp","href":"https:\/\/api.w.org\/{rel}","templated":true}]}}