{"id":49810,"date":"2024-10-04T18:12:59","date_gmt":"2024-10-04T16:12:59","guid":{"rendered":"https:\/\/moda.covermagazin.com\/?p=49810"},"modified":"2024-10-09T14:34:35","modified_gmt":"2024-10-09T12:34:35","slug":"giorgio-armani-cizme-i-gleznjace-odlicna-kolekcija-za-jesen-i-zimu-2024-25","status":"publish","type":"post","link":"https:\/\/moda.covermagazin.com\/?p=49810","title":{"rendered":"Giorgio Armani \u010dizme i gle\u017enja\u010de \u2013 odli\u010dna kolekcija za jesen i zimu 2024\/25."},"content":{"rendered":"\n<figure class=\"wp-block-image size-full\"><img decoding=\"async\" src=\"https:\/\/moda.covermagazin.com\/wp-content\/uploads\/2024\/10\/Giorgio-Armani-cizme-i-gleznjace-8.jpg\" alt=\"\" class=\"wp-image-49811\"\/><\/figure>\n\n\n\n<h2 class=\"wp-block-heading\">Giorgio Armani \u010dizme i gle\u017enja\u010de \u2013 odli\u010dna kolekcija za jesen i zimu 2024\/25.<\/h2>\n\n\n\n<p>Armani \u010dizme ove sezone obuhva\u0107aju odli\u010dne ravne \u010dizme, ali i one s visokom potpeticom. Crne \u010dizme su najpopularnije, no, be\u017e i druge boje su tako\u0111er prisutne. Prisutne su i ove sezone neizostavne kaubojke, ali i klasi\u010dni modeli. \u010cizme \u0161ire oko noge bit \u0107e odli\u010dan izbor za tajice, u\u017ee hla\u010de i traperice, te \u0107e odli\u010dno upotpuniti svakodnevni stil.<\/p>\n\n\n\n<p>Armani gle\u017enja\u010de ove sezone variraju s visinom potpetice od ranih do visokih, a one sa srednjom petom su u varijanti tanke male pete kao i onih ne\u0161to debljih i stabilnijih peta. \u010cizme i gle\u017enja\u010de su \u010desto s ukrasima, upe\u010datljivim pro\u0161ivima, vezicama&#8230;<\/p>\n\n\n\n<figure class=\"wp-block-gallery has-nested-images columns-1 is-cropped wp-block-gallery-1 is-layout-flex wp-block-gallery-is-layout-flex\">\n<figure class=\"wp-block-image size-large\"><img decoding=\"async\" data-id=\"49820\" src=\"https:\/\/moda.covermagazin.com\/wp-content\/uploads\/2024\/10\/Giorgio-Armani-cizme-i-gleznjace-11.jpg\" alt=\"\" class=\"wp-image-49820\"\/><figcaption class=\"wp-element-caption\">Giorgio Armani <\/figcaption><\/figure>\n\n\n\n<figure class=\"wp-block-image size-large\"><img decoding=\"async\" data-id=\"49819\" src=\"https:\/\/moda.covermagazin.com\/wp-content\/uploads\/2024\/10\/Giorgio-Armani-cizme-i-gleznjace-7.jpg\" alt=\"\" class=\"wp-image-49819\"\/><figcaption class=\"wp-element-caption\">Giorgio Armani <\/figcaption><\/figure>\n\n\n\n<figure class=\"wp-block-image size-large\"><img decoding=\"async\" data-id=\"49816\" src=\"https:\/\/moda.covermagazin.com\/wp-content\/uploads\/2024\/10\/Giorgio-Armani-cizme-i-gleznjace-4.jpg\" alt=\"\" class=\"wp-image-49816\"\/><figcaption class=\"wp-element-caption\">Giorgio Armani <\/figcaption><\/figure>\n\n\n\n<figure class=\"wp-block-image size-large\"><img decoding=\"async\" data-id=\"49813\" src=\"https:\/\/moda.covermagazin.com\/wp-content\/uploads\/2024\/10\/Giorgio-Armani-cizme-i-gleznjace-1.jpg\" alt=\"\" class=\"wp-image-49813\"\/><figcaption class=\"wp-element-caption\">Giorgio Armani <\/figcaption><\/figure>\n\n\n\n<figure class=\"wp-block-image size-large\"><img decoding=\"async\" data-id=\"49812\" src=\"https:\/\/moda.covermagazin.com\/wp-content\/uploads\/2024\/10\/Giorgio-Armani-cizme-i-gleznjace-0.jpg\" alt=\"\" class=\"wp-image-49812\"\/><figcaption class=\"wp-element-caption\">Giorgio Armani <\/figcaption><\/figure>\n\n\n\n<figure class=\"wp-block-image size-large\"><img decoding=\"async\" data-id=\"49815\" src=\"https:\/\/moda.covermagazin.com\/wp-content\/uploads\/2024\/10\/Giorgio-Armani-cizme-i-gleznjace-3.jpg\" alt=\"\" class=\"wp-image-49815\"\/><figcaption class=\"wp-element-caption\">Giorgio Armani <\/figcaption><\/figure>\n\n\n\n<figure class=\"wp-block-image size-large\"><img decoding=\"async\" data-id=\"49818\" src=\"https:\/\/moda.covermagazin.com\/wp-content\/uploads\/2024\/10\/Giorgio-Armani-cizme-i-gleznjace-6.jpg\" alt=\"\" class=\"wp-image-49818\"\/><figcaption class=\"wp-element-caption\">Giorgio Armani <\/figcaption><\/figure>\n\n\n\n<figure class=\"wp-block-image size-large\"><img decoding=\"async\" data-id=\"49817\" src=\"https:\/\/moda.covermagazin.com\/wp-content\/uploads\/2024\/10\/Giorgio-Armani-cizme-i-gleznjace-5.jpg\" alt=\"\" class=\"wp-image-49817\"\/><figcaption class=\"wp-element-caption\">Giorgio Armani <\/figcaption><\/figure>\n<\/figure>\n","protected":false},"excerpt":{"rendered":"<p>Giorgio Armani \u010dizme i gle\u017enja\u010de \u2013 odli\u010dna kolekcija za jesen i zimu 2024\/25. Armani \u010dizme ove sezone obuhva\u0107aju odli\u010dne ravne \u010dizme, ali i one s visokom potpeticom. Crne \u010dizme su najpopularnije, no, be\u017e i druge boje su tako\u0111er prisutne. Prisutne su i ove sezone neizostavne kaubojke, ali i klasi\u010dni modeli. \u010cizme \u0161ire oko noge bit [&hellip;]<\/p>\n","protected":false},"author":3,"featured_media":0,"comment_status":"open","ping_status":"open","sticky":false,"template":"","format":"standard","meta":{"footnotes":""},"categories":[1180,1043,3,1179],"tags":[1095,1164,1098,1103,1165],"class_list":["post-49810","post","type-post","status-publish","format-standard","hentry","category-luksuzna-moda","category-moda-2018","category-modni_trendovi","category-najnovija-moda","tag-cizme-2019","tag-gleznjace","tag-moderne-cizme","tag-cizme","tag-moderne-gleznjace"],"_links":{"self":[{"href":"https:\/\/moda.covermagazin.com\/index.php?rest_route=\/wp\/v2\/posts\/49810","targetHints":{"allow":["GET"]}}],"collection":[{"href":"https:\/\/moda.covermagazin.com\/index.php?rest_route=\/wp\/v2\/posts"}],"about":[{"href":"https:\/\/moda.covermagazin.com\/index.php?rest_route=\/wp\/v2\/types\/post"}],"author":[{"embeddable":true,"href":"https:\/\/moda.covermagazin.com\/index.php?rest_route=\/wp\/v2\/users\/3"}],"replies":[{"embeddable":true,"href":"https:\/\/moda.covermagazin.com\/index.php?rest_route=%2Fwp%2Fv2%2Fcomments&post=49810"}],"version-history":[{"count":1,"href":"https:\/\/moda.covermagazin.com\/index.php?rest_route=\/wp\/v2\/posts\/49810\/revisions"}],"predecessor-version":[{"id":49821,"href":"https:\/\/moda.covermagazin.com\/index.php?rest_route=\/wp\/v2\/posts\/49810\/revisions\/49821"}],"wp:attachment":[{"href":"https:\/\/moda.covermagazin.com\/index.php?rest_route=%2Fwp%2Fv2%2Fmedia&parent=49810"}],"wp:term":[{"taxonomy":"category","embeddable":true,"href":"https:\/\/moda.covermagazin.com\/index.php?rest_route=%2Fwp%2Fv2%2Fcategories&post=49810"},{"taxonomy":"post_tag","embeddable":true,"href":"https:\/\/moda.covermagazin.com\/index.php?rest_route=%2Fwp%2Fv2%2Ftags&post=49810"}],"curies":[{"name":"wp","href":"https:\/\/api.w.org\/{rel}","templated":true}]}}