{"id":48163,"date":"2024-09-29T13:31:52","date_gmt":"2024-09-29T11:31:52","guid":{"rendered":"https:\/\/moda.covermagazin.com\/?p=48163"},"modified":"2024-10-09T14:35:15","modified_gmt":"2024-10-09T12:35:15","slug":"reserved-haljine-pregled-kolekcije-prekrasnih-haljina","status":"publish","type":"post","link":"https:\/\/moda.covermagazin.com\/?p=48163","title":{"rendered":"Reserved haljine &#8211; pregled kolekcije prekrasnih haljina"},"content":{"rendered":"\n<figure class=\"wp-block-image size-full\"><img decoding=\"async\" src=\"https:\/\/moda.covermagazin.com\/wp-content\/uploads\/2024\/09\/Reserved-haljine-26.jpg\" alt=\"Reserved haljine\" class=\"wp-image-48189\"\/><figcaption class=\"wp-element-caption\">Reserved haljine<\/figcaption><\/figure>\n\n\n\n<h2 class=\"wp-block-heading\">Reserved haljine \u2013 pregled kolekcije prekrasnih haljina<\/h2>\n\n\n\n<p>Haljine su di odje\u0107e koji se uz manje prilagodbe mo\u017ee odjenuti u razli\u010ditim sezonama i razli\u010ditim prigodama. Na ljetnu lepr\u0161avu haljinu mo\u017ee se dodati traper ili ko\u017ena jakna, umjesto sandala tenisice ili balerinke, i dobili ste novi look koji je odli\u010dan izbor za jesen ili prolje\u0107e.<\/p>\n\n\n\n<p>Ove sezone moderne su haljine od kratkih do dugih, nema du\u017eine koja nije moderna, tako da mo\u017eete izbor prilagoditi svome raspolo\u017eenju, prigodi i stilu. Kratke haljine mogu biti ne\u0161to u\u017ee, ali i lepr\u0161ave. I jedne i druge se mogu odli\u010dno kombinirati i s ravnom obu\u0107om, tenisicama, kao i s cipelama s potpeticama.<\/p>\n\n\n\n<p>Moderne su cvjetne haljine, haljine apstraktnim uzorkom, kao i haljine s animal printom. Boje variraju od bijele do crne, be\u017e, sme\u0111e i plave, a upe\u010datljive su i zelene kao i bordo haljine.<\/p>\n\n\n\n<h3 class=\"wp-block-heading\">Reserved kratke haljine<\/h3>\n\n\n\n<p>Kratke haljine se mogu odli\u010dno kombinirati s ravnom obu\u0107om, kao i s obu\u0107om na visoku potpeticu. Tenisice \u0107e tako\u0111er biti super izbor. Kratka ko\u017ena ili traper jakna, tako\u0111er je odli\u010dan izbor.<\/p>\n\n\n\n<figure class=\"wp-block-gallery has-nested-images columns-2 is-cropped wp-block-gallery-1 is-layout-flex wp-block-gallery-is-layout-flex\">\n<figure class=\"wp-block-image size-large\"><img decoding=\"async\" data-id=\"48164\" src=\"https:\/\/moda.covermagazin.com\/wp-content\/uploads\/2024\/09\/Reserved-haljine-1.jpg\" alt=\"Reserved haljine\" class=\"wp-image-48164\"\/><figcaption class=\"wp-element-caption\">Reserved haljine<\/figcaption><\/figure>\n\n\n\n<figure class=\"wp-block-image size-large\"><img decoding=\"async\" data-id=\"48165\" src=\"https:\/\/moda.covermagazin.com\/wp-content\/uploads\/2024\/09\/Reserved-haljine-2.jpg\" alt=\"Reserved haljine\" class=\"wp-image-48165\"\/><figcaption class=\"wp-element-caption\">Reserved haljine<\/figcaption><\/figure>\n\n\n\n<figure class=\"wp-block-image size-large\"><img decoding=\"async\" data-id=\"48167\" src=\"https:\/\/moda.covermagazin.com\/wp-content\/uploads\/2024\/09\/Reserved-haljine-4.jpg\" alt=\"Reserved haljine\" class=\"wp-image-48167\"\/><figcaption class=\"wp-element-caption\">Reserved haljine<\/figcaption><\/figure>\n\n\n\n<figure class=\"wp-block-image size-large\"><img decoding=\"async\" data-id=\"48168\" src=\"https:\/\/moda.covermagazin.com\/wp-content\/uploads\/2024\/09\/Reserved-haljine-5.jpg\" alt=\"Reserved haljine\" class=\"wp-image-48168\"\/><figcaption class=\"wp-element-caption\">Reserved haljine<\/figcaption><\/figure>\n\n\n\n<figure class=\"wp-block-image size-large\"><img decoding=\"async\" data-id=\"48166\" src=\"https:\/\/moda.covermagazin.com\/wp-content\/uploads\/2024\/09\/Reserved-haljine-3.jpg\" alt=\"Reserved haljine\" class=\"wp-image-48166\"\/><figcaption class=\"wp-element-caption\">Reserved haljine<\/figcaption><\/figure>\n\n\n\n<figure class=\"wp-block-image size-large\"><img decoding=\"async\" data-id=\"48171\" src=\"https:\/\/moda.covermagazin.com\/wp-content\/uploads\/2024\/09\/Reserved-haljine-8.jpg\" alt=\"Reserved haljine\" class=\"wp-image-48171\"\/><figcaption class=\"wp-element-caption\">Reserved haljine<\/figcaption><\/figure>\n\n\n\n<figure class=\"wp-block-image size-large\"><img decoding=\"async\" data-id=\"48169\" src=\"https:\/\/moda.covermagazin.com\/wp-content\/uploads\/2024\/09\/Reserved-haljine-6.jpg\" alt=\"Reserved haljine\" class=\"wp-image-48169\"\/><\/figure>\n\n\n\n<figure class=\"wp-block-image size-large\"><img decoding=\"async\" data-id=\"48172\" src=\"https:\/\/moda.covermagazin.com\/wp-content\/uploads\/2024\/09\/Reserved-haljine-9.jpg\" alt=\"Reserved haljine\" class=\"wp-image-48172\"\/><figcaption class=\"wp-element-caption\">Reserved haljine<\/figcaption><\/figure>\n<\/figure>\n\n\n\n<h3 class=\"wp-block-heading\">Reserved haljine srednje du\u017eine (midi)<\/h3>\n\n\n\n<p>Haljine srednje du\u017ein ove sezone nisu haljine do koljena, nego haljine ispod koljena, prema sredini listova, te je tanka linija izme\u0111u haljina srednje du\u017eine i onih dugih. Kao i kratke haljine mogu se odli\u010dno kombinirati sa svim tipovima obu\u0107e, od ravnih balerinki ili sandala, visokih \u010dizama, do tenisica.<\/p>\n\n\n\n<figure class=\"wp-block-gallery has-nested-images columns-2 is-cropped wp-block-gallery-2 is-layout-flex wp-block-gallery-is-layout-flex\">\n<figure class=\"wp-block-image size-large\"><img decoding=\"async\" data-id=\"48175\" src=\"https:\/\/moda.covermagazin.com\/wp-content\/uploads\/2024\/09\/Reserved-haljine-12.jpg\" alt=\"Reserved haljine\" class=\"wp-image-48175\"\/><figcaption class=\"wp-element-caption\">Reserved haljine<\/figcaption><\/figure>\n\n\n\n<figure class=\"wp-block-image size-large\"><img decoding=\"async\" data-id=\"48174\" src=\"https:\/\/moda.covermagazin.com\/wp-content\/uploads\/2024\/09\/Reserved-haljine-11.jpg\" alt=\"Reserved haljine\" class=\"wp-image-48174\"\/><figcaption class=\"wp-element-caption\">Reserved haljine<\/figcaption><\/figure>\n\n\n\n<figure class=\"wp-block-image size-large\"><img decoding=\"async\" data-id=\"48173\" src=\"https:\/\/moda.covermagazin.com\/wp-content\/uploads\/2024\/09\/Reserved-haljine-10.jpg\" alt=\"Reserved haljine\" class=\"wp-image-48173\"\/><figcaption class=\"wp-element-caption\">Reserved haljine<\/figcaption><\/figure>\n\n\n\n<figure class=\"wp-block-image size-large\"><img decoding=\"async\" data-id=\"48176\" src=\"https:\/\/moda.covermagazin.com\/wp-content\/uploads\/2024\/09\/Reserved-haljine-13.jpg\" alt=\"Reserved haljine\" class=\"wp-image-48176\"\/><figcaption class=\"wp-element-caption\">Reserved haljine<\/figcaption><\/figure>\n\n\n\n<figure class=\"wp-block-image size-large\"><img decoding=\"async\" data-id=\"48178\" src=\"https:\/\/moda.covermagazin.com\/wp-content\/uploads\/2024\/09\/Reserved-haljine-15.jpg\" alt=\"Reserved haljine\" class=\"wp-image-48178\"\/><figcaption class=\"wp-element-caption\">Reserved haljine<\/figcaption><\/figure>\n\n\n\n<figure class=\"wp-block-image size-large\"><img decoding=\"async\" data-id=\"48179\" src=\"https:\/\/moda.covermagazin.com\/wp-content\/uploads\/2024\/09\/Reserved-haljine-16.jpg\" alt=\"Reserved haljine\" class=\"wp-image-48179\"\/><figcaption class=\"wp-element-caption\">Reserved haljine<\/figcaption><\/figure>\n\n\n\n<figure class=\"wp-block-image size-large\"><img decoding=\"async\" data-id=\"48180\" src=\"https:\/\/moda.covermagazin.com\/wp-content\/uploads\/2024\/09\/Reserved-haljine-17.jpg\" alt=\"Reserved haljine\" class=\"wp-image-48180\"\/><figcaption class=\"wp-element-caption\">Reserved haljine<\/figcaption><\/figure>\n\n\n\n<figure class=\"wp-block-image size-large\"><img decoding=\"async\" data-id=\"48177\" src=\"https:\/\/moda.covermagazin.com\/wp-content\/uploads\/2024\/09\/Reserved-haljine-14.jpg\" alt=\"Reserved haljine\" class=\"wp-image-48177\"\/><figcaption class=\"wp-element-caption\">Reserved haljine<\/figcaption><\/figure>\n<\/figure>\n\n\n\n<h3 class=\"wp-block-heading\">Reserved duge haljine<\/h3>\n\n\n\n<p>Duge haljine ove sezone variraju od uskih do \u0161irokih.<\/p>\n\n\n\n<figure class=\"wp-block-gallery has-nested-images columns-2 is-cropped wp-block-gallery-3 is-layout-flex wp-block-gallery-is-layout-flex\">\n<figure class=\"wp-block-image size-large\"><img decoding=\"async\" data-id=\"48183\" src=\"https:\/\/moda.covermagazin.com\/wp-content\/uploads\/2024\/09\/Reserved-haljine-20.jpg\" alt=\"Reserved haljine\" class=\"wp-image-48183\"\/><figcaption class=\"wp-element-caption\">Reserved haljine<\/figcaption><\/figure>\n\n\n\n<figure class=\"wp-block-image size-large\"><img decoding=\"async\" data-id=\"48182\" src=\"https:\/\/moda.covermagazin.com\/wp-content\/uploads\/2024\/09\/Reserved-haljine-19.jpg\" alt=\"Reserved haljine\" class=\"wp-image-48182\"\/><figcaption class=\"wp-element-caption\">Reserved haljine<\/figcaption><\/figure>\n\n\n\n<figure class=\"wp-block-image size-large\"><img decoding=\"async\" data-id=\"48184\" src=\"https:\/\/moda.covermagazin.com\/wp-content\/uploads\/2024\/09\/Reserved-haljine-21.jpg\" alt=\"Reserved haljine\" class=\"wp-image-48184\"\/><figcaption class=\"wp-element-caption\">Reserved haljine<\/figcaption><\/figure>\n\n\n\n<figure class=\"wp-block-image size-large\"><img decoding=\"async\" data-id=\"48181\" src=\"https:\/\/moda.covermagazin.com\/wp-content\/uploads\/2024\/09\/Reserved-haljine-18.jpg\" alt=\"Reserved haljine\" class=\"wp-image-48181\"\/><figcaption class=\"wp-element-caption\">Reserved haljine<\/figcaption><\/figure>\n\n\n\n<figure class=\"wp-block-image size-large\"><img decoding=\"async\" data-id=\"48185\" src=\"https:\/\/moda.covermagazin.com\/wp-content\/uploads\/2024\/09\/Reserved-haljine-22.jpg\" alt=\"Reserved haljine\" class=\"wp-image-48185\"\/><figcaption class=\"wp-element-caption\">Reserved haljine<\/figcaption><\/figure>\n<\/figure>\n\n\n\n<h3 class=\"wp-block-heading\">Reserved elegantne \/ sve\u010dane haljine<\/h3>\n\n\n\n<p>I dok su neke sve\u010dane haljine zaista sve\u010dane, ukra\u0161ene \u0161ljokicama, perlama, biserima, druge su ne\u0161to jednostavnije, ali i dalje jako elegantne.<\/p>\n\n\n\n<figure class=\"wp-block-gallery has-nested-images columns-2 is-cropped wp-block-gallery-4 is-layout-flex wp-block-gallery-is-layout-flex\">\n<figure class=\"wp-block-image size-large\"><img decoding=\"async\" data-id=\"48190\" src=\"https:\/\/moda.covermagazin.com\/wp-content\/uploads\/2024\/09\/Reserved-haljine-27.jpg\" alt=\"Reserved haljine\" class=\"wp-image-48190\"\/><figcaption class=\"wp-element-caption\">Reserved haljine<\/figcaption><\/figure>\n\n\n\n<figure class=\"wp-block-image size-large\"><img decoding=\"async\" data-id=\"48191\" src=\"https:\/\/moda.covermagazin.com\/wp-content\/uploads\/2024\/09\/Reserved-haljine-28.jpg\" alt=\"Reserved haljine\" class=\"wp-image-48191\"\/><figcaption class=\"wp-element-caption\">Reserved haljine<\/figcaption><\/figure>\n\n\n\n<figure class=\"wp-block-image size-large\"><img decoding=\"async\" data-id=\"48192\" src=\"https:\/\/moda.covermagazin.com\/wp-content\/uploads\/2024\/09\/Reserved-haljine-40.jpg\" alt=\"Reserved haljine\" class=\"wp-image-48192\"\/><figcaption class=\"wp-element-caption\">Reserved haljine<\/figcaption><\/figure>\n\n\n\n<figure class=\"wp-block-image size-large\"><img decoding=\"async\" data-id=\"48188\" src=\"https:\/\/moda.covermagazin.com\/wp-content\/uploads\/2024\/09\/Reserved-haljine-25.jpg\" alt=\"Reserved haljine\" class=\"wp-image-48188\"\/><figcaption class=\"wp-element-caption\">Reserved haljine<\/figcaption><\/figure>\n\n\n\n<figure class=\"wp-block-image size-large\"><img decoding=\"async\" data-id=\"48186\" src=\"https:\/\/moda.covermagazin.com\/wp-content\/uploads\/2024\/09\/Reserved-haljine-23.jpg\" alt=\"Reserved haljine\" class=\"wp-image-48186\"\/><figcaption class=\"wp-element-caption\">Reserved haljine<\/figcaption><\/figure>\n\n\n\n<figure class=\"wp-block-image size-large\"><img decoding=\"async\" data-id=\"48189\" src=\"https:\/\/moda.covermagazin.com\/wp-content\/uploads\/2024\/09\/Reserved-haljine-26.jpg\" alt=\"Reserved haljine\" class=\"wp-image-48189\"\/><figcaption class=\"wp-element-caption\">Reserved haljine<\/figcaption><\/figure>\n\n\n\n<figure class=\"wp-block-image size-large\"><img decoding=\"async\" data-id=\"48187\" src=\"https:\/\/moda.covermagazin.com\/wp-content\/uploads\/2024\/09\/Reserved-haljine-24.jpg\" alt=\"Reserved haljine\" class=\"wp-image-48187\"\/><figcaption class=\"wp-element-caption\">Reserved haljine<\/figcaption><\/figure>\n<\/figure>\n\n\n\n<h2 class=\"wp-block-heading\">Reserved haljine<\/h2>\n\n\n\n<p>Srednje du\u017eine haljine se ina\u010de definiraju kao haljine koje su du\u017eine do koljena, no, ove sezone radi se vi\u0161e o midi varijantama, koje su ispod koljena i prema sredini listova. Ovakve haljine se odli\u010dno kombiniraju na kratke jakne, ali i sa skroz dugim jaknama.<\/p>\n\n\n\n<p>Duge haljine variraju od uskih do lepr\u0161avih \u0161irih haljina, jednobojne su ne\u0161to elegantnije dok \u0107e \u0161iroke cvjetne haljine biti prigodne i za dnevne \u0161etnje i za sve\u010danije prigode.<\/p>\n\n\n\n<p>Ovisno o materijalu, ali i kroju mnoge od ovih haljina se mogu jednostavno pretvoriti u haljine za ured, \u010dak i ako vam treba neki stro\u017ei poslovni look, kombinacija sa sakoom i salonkama, dat \u0107e im potpuno druga\u010diji dojam.<\/p>\n\n\n\n<p>Za koktel party ili za neka slavlja, svadbe ili sli\u010dno, mnoge od ovih haljina se mogu prilagoditi i biti odli\u010dan izbor. Dovoljno je promijeniti obu\u0107u i ostale modne dodatke. S druge strane, dio haljina koje su za sve\u010dane prigode i koktel haljine, ove sezone se isti\u010du, imaju ukrase, \u0161ljokice, perle&#8230; te takve haljine \u0107e biti prvenstveno za posebne prigode i te\u0161ko da se mogu promjenom modnih dodataka iskoristiti za casual look.<\/p>\n\n\n\n<p>Ako tra\u017eite haljinu koja \u0107e biti svestrana, tada birajte neku neutralniju, npr. malu crnu haljinu, koja se mo\u017ee jednostavno transformirati, ovisno o obu\u0107i, nakitu, ali i onome \u0161to smo odjenuli preko, da li je to sako, traper jakna, ili ko\u017ena jakna. Pletene i pamu\u010dne haljine su negdje na pola puta, ali uglavnom \u0107e ono s rebrastim uzorkom biti vi\u0161e za dnevne lookove, dok \u0107e one sa ravnim i glatkim materijalima, biti sklonije preobrazbama.<\/p>\n\n\n\n<p>Op\u0107enito \u0107e jednobojne haljine biti svestranije, dok cvjetne haljine mogu varirati od dnevnih, ali \u017eenstvenih lookova, do onih koje se mogu odjenuti za sve prigode.<\/p>\n\n\n\n<p>Za zimu su pletene haljine posebno popularne, one su udobne i tople, a mogu se odli\u010dno kombinirati i s ravnom obu\u0107om kao i s visokim \u010dizmama na petu. Tenisice i udobna pletena haljina su odli\u010dan izbor za casual look, istovremeno i sportski i \u017eenstven. Kratke ili du\u017ee, s dodatnim gumbima, prorezima, ili okruglim izrezom ili dol\u010devita&#8230; izbor je ogroman.<\/p>\n","protected":false},"excerpt":{"rendered":"<p>Reserved haljine \u2013 pregled kolekcije prekrasnih haljina Haljine su di odje\u0107e koji se uz manje prilagodbe mo\u017ee odjenuti u razli\u010ditim sezonama i razli\u010ditim prigodama. Na ljetnu lepr\u0161avu haljinu mo\u017ee se dodati traper ili ko\u017ena jakna, umjesto sandala tenisice ili balerinke, i dobili ste novi look koji je odli\u010dan izbor za jesen ili prolje\u0107e. Ove sezone [&hellip;]<\/p>\n","protected":false},"author":3,"featured_media":0,"comment_status":"open","ping_status":"open","sticky":false,"template":"","format":"standard","meta":{"footnotes":""},"categories":[1043,3],"tags":[1158,1110,1209,1225,1352,1497,1201,1082],"class_list":["post-48163","post","type-post","status-publish","format-standard","hentry","category-moda-2018","category-modni_trendovi","tag-dnevne-haljine","tag-duge-haljine","tag-haljine","tag-haljine_za_svadbu","tag-haljine-za-svatove","tag-haljine-za-vjencanje","tag-koktel-haljine","tag-moderne-haljine"],"_links":{"self":[{"href":"https:\/\/moda.covermagazin.com\/index.php?rest_route=\/wp\/v2\/posts\/48163","targetHints":{"allow":["GET"]}}],"collection":[{"href":"https:\/\/moda.covermagazin.com\/index.php?rest_route=\/wp\/v2\/posts"}],"about":[{"href":"https:\/\/moda.covermagazin.com\/index.php?rest_route=\/wp\/v2\/types\/post"}],"author":[{"embeddable":true,"href":"https:\/\/moda.covermagazin.com\/index.php?rest_route=\/wp\/v2\/users\/3"}],"replies":[{"embeddable":true,"href":"https:\/\/moda.covermagazin.com\/index.php?rest_route=%2Fwp%2Fv2%2Fcomments&post=48163"}],"version-history":[{"count":2,"href":"https:\/\/moda.covermagazin.com\/index.php?rest_route=\/wp\/v2\/posts\/48163\/revisions"}],"predecessor-version":[{"id":48194,"href":"https:\/\/moda.covermagazin.com\/index.php?rest_route=\/wp\/v2\/posts\/48163\/revisions\/48194"}],"wp:attachment":[{"href":"https:\/\/moda.covermagazin.com\/index.php?rest_route=%2Fwp%2Fv2%2Fmedia&parent=48163"}],"wp:term":[{"taxonomy":"category","embeddable":true,"href":"https:\/\/moda.covermagazin.com\/index.php?rest_route=%2Fwp%2Fv2%2Fcategories&post=48163"},{"taxonomy":"post_tag","embeddable":true,"href":"https:\/\/moda.covermagazin.com\/index.php?rest_route=%2Fwp%2Fv2%2Ftags&post=48163"}],"curies":[{"name":"wp","href":"https:\/\/api.w.org\/{rel}","templated":true}]}}