{"id":45978,"date":"2025-01-04T09:58:55","date_gmt":"2025-01-04T07:58:55","guid":{"rendered":"https:\/\/moda.covermagazin.com\/?p=45978"},"modified":"2025-10-06T12:47:00","modified_gmt":"2025-10-06T10:47:00","slug":"svecane-haljine-peek-cloppenburg-2024","status":"publish","type":"post","link":"https:\/\/moda.covermagazin.com\/?p=45978","title":{"rendered":"Sve\u010dane haljine Peek &amp; Cloppenburg"},"content":{"rendered":"\n<h2 class=\"wp-block-heading\">Sve\u010dane haljine Peek &amp; Cloppenburg<\/h2>\n\n\n\n<p>Ovisno o prilici za koju vam treba sve\u010dana haljina mo\u017eete se odlu\u010diti za dugu, kratku, le\u017eerniju ili elegantniju sve\u010danu haljinu.<\/p>\n\n\n\n<p>Bez obzira da li vam haljina treba da za svadbu, maturalnu ili bilo koju drugu sve\u010danu priliku haljinu prilagodite svome stilu, obliku tijela, a boju tenu i boji kose. Na taj na\u010din \u0107e haljine istaknuti najbolje na vama.<\/p>\n\n\n\n<p><strong>Vezano:<\/strong><\/p>\n\n\n\n<figure class=\"wp-block-embed is-type-wp-embed is-provider-moda wp-block-embed-moda\"><div class=\"wp-block-embed__wrapper\">\n<blockquote class=\"wp-embedded-content\" data-secret=\"xb3KtDWHl1\"><a href=\"https:\/\/moda.covermagazin.com\/?p=41727\">Odli\u010dne maturalne haljine Peek &amp; Cloppenburg za 2024.<\/a><\/blockquote><iframe loading=\"lazy\" class=\"wp-embedded-content\" sandbox=\"allow-scripts\" security=\"restricted\" style=\"position: absolute; clip: rect(1px, 1px, 1px, 1px);\" title=\"&#8220;Odli\u010dne maturalne haljine Peek &amp; Cloppenburg za 2024.&#8221; &#8212; Moda \" src=\"https:\/\/moda.covermagazin.com\/?p=41727&#038;embed=true#?secret=oLgL7rXow3#?secret=xb3KtDWHl1\" data-secret=\"xb3KtDWHl1\" width=\"500\" height=\"282\" frameborder=\"0\" marginwidth=\"0\" marginheight=\"0\" scrolling=\"no\"><\/iframe>\n<\/div><\/figure>\n","protected":false},"excerpt":{"rendered":"<p>Sve\u010dane haljine Peek &amp; Cloppenburg Ovisno o prilici za koju vam treba sve\u010dana haljina mo\u017eete se odlu\u010diti za dugu, kratku, le\u017eerniju ili elegantniju sve\u010danu haljinu. Bez obzira da li vam haljina treba da za svadbu, maturalnu ili bilo koju drugu sve\u010danu priliku haljinu prilagodite svome stilu, obliku tijela, a boju tenu i boji kose. Na [&hellip;]<\/p>\n","protected":false},"author":3,"featured_media":0,"comment_status":"open","ping_status":"open","sticky":false,"template":"","format":"standard","meta":{"footnotes":""},"categories":[1043,114,3],"tags":[1194,1349,1209,1214,1225,1347,1497,1506,1092,1204,1505],"class_list":["post-45978","post","type-post","status-publish","format-standard","hentry","category-moda-2018","category-dizajneri_modne_galerije","category-modni_trendovi","tag-elegantne-haljine","tag-elegantne-haljine-za-svadbu","tag-haljine","tag-haljine-za-maturalnu-vecer","tag-haljine_za_svadbu","tag-svecane-haljine-za-svadbu","tag-haljine-za-vjencanje","tag-svecana-moda","tag-svecane-haljine","tag-svecane-haljine-2019","tag-vecernja-moda"],"_links":{"self":[{"href":"https:\/\/moda.covermagazin.com\/index.php?rest_route=\/wp\/v2\/posts\/45978","targetHints":{"allow":["GET"]}}],"collection":[{"href":"https:\/\/moda.covermagazin.com\/index.php?rest_route=\/wp\/v2\/posts"}],"about":[{"href":"https:\/\/moda.covermagazin.com\/index.php?rest_route=\/wp\/v2\/types\/post"}],"author":[{"embeddable":true,"href":"https:\/\/moda.covermagazin.com\/index.php?rest_route=\/wp\/v2\/users\/3"}],"replies":[{"embeddable":true,"href":"https:\/\/moda.covermagazin.com\/index.php?rest_route=%2Fwp%2Fv2%2Fcomments&post=45978"}],"version-history":[{"count":3,"href":"https:\/\/moda.covermagazin.com\/index.php?rest_route=\/wp\/v2\/posts\/45978\/revisions"}],"predecessor-version":[{"id":54011,"href":"https:\/\/moda.covermagazin.com\/index.php?rest_route=\/wp\/v2\/posts\/45978\/revisions\/54011"}],"wp:attachment":[{"href":"https:\/\/moda.covermagazin.com\/index.php?rest_route=%2Fwp%2Fv2%2Fmedia&parent=45978"}],"wp:term":[{"taxonomy":"category","embeddable":true,"href":"https:\/\/moda.covermagazin.com\/index.php?rest_route=%2Fwp%2Fv2%2Fcategories&post=45978"},{"taxonomy":"post_tag","embeddable":true,"href":"https:\/\/moda.covermagazin.com\/index.php?rest_route=%2Fwp%2Fv2%2Ftags&post=45978"}],"curies":[{"name":"wp","href":"https:\/\/api.w.org\/{rel}","templated":true}]}}