{"id":45607,"date":"2024-01-04T10:29:18","date_gmt":"2024-01-04T08:29:18","guid":{"rendered":"https:\/\/moda.covermagazin.com\/?p=45607"},"modified":"2024-12-05T10:47:43","modified_gmt":"2024-12-05T08:47:43","slug":"procitajte-ove-najbolje-savjete-za-nosenje-zenskih-gumenih-cizama","status":"publish","type":"post","link":"https:\/\/moda.covermagazin.com\/?p=45607","title":{"rendered":"Pro\u010ditajte ove najbolje savjete za no\u0161enje \u017eenskih gumenih \u010dizama"},"content":{"rendered":"\n<figure class=\"wp-block-image size-full\"><img loading=\"lazy\" decoding=\"async\" width=\"600\" height=\"399\" src=\"https:\/\/moda.covermagazin.com\/wp-content\/uploads\/2024\/01\/Procitajte-ove-najbolje-savjete-za-nosenje-zenskih-gumenih-cizama.jpg\" alt=\"\" class=\"wp-image-45608\" srcset=\"https:\/\/moda.covermagazin.com\/wp-content\/uploads\/2024\/01\/Procitajte-ove-najbolje-savjete-za-nosenje-zenskih-gumenih-cizama.jpg 600w, https:\/\/moda.covermagazin.com\/wp-content\/uploads\/2024\/01\/Procitajte-ove-najbolje-savjete-za-nosenje-zenskih-gumenih-cizama-300x200.jpg 300w\" sizes=\"auto, (max-width: 600px) 100vw, 600px\" \/><\/figure>\n\n\n\n<h2 class=\"wp-block-heading\">Obojajte sivilo sezone vlastitim pe\u010datom<\/h2>\n\n\n\n<p>Sivi dani ne moraju zna\u010diti sivu odje\u0107u! Unesite boju u svoj ormar odabirom \u017eenskih gumenih \u010dizama u omiljenoj boji. Na <a href=\"https:\/\/modivo.hr\/c\/zenske-gumene-cizme\">https:\/\/modivo.hr\/c\/zenske-gumene-cizme<\/a> prona\u0111ite \u0161iroku paletu boja koje \u0107e o\u017eivjeti i najtmurnije dane.<\/p>\n\n\n\n<p>Birajte \u010dizme s uzorcima, zakovicama ili drugim detaljima koji odra\u017eavaju Va\u0161u individualnost. Kombinirajte ih s trapericama i omiljenim pletenim puloverom za dozu sofisticiranosti; \u010dak i ako \u0107e plju\u0161titi oko Vas, osje\u0107at \u0107ete se sigurno, za\u0161ti\u0107eno i \u0161to je najva\u017enije &#8211; suho!<\/p>\n\n\n\n<p>No, dolaskom sve hladnijeg vremena, gumene \u010dizme va\u017eno je upariti s slojevitom odje\u0107om, a slojevito odijevanje je umjetnost, u kojem su jakne klju\u010dni element. Zbog toga, provjerite <a href=\"https:\/\/modivo.hr\/c\/muskarci\/sport\/sportska-odjeca\/jakne\/brand:the_north_face\">the North Face jakne na Modivo.hr<\/a> kako biste dodali funkcionalnost i stil. Stvaranje vlastitog stila je poput umjetni\u010dkog izraza, a kombinacija gumenih \u010dizmi i jakni \u010dini savr\u0161en canvas.<\/p>\n\n\n\n<figure class=\"wp-block-image size-full\"><img loading=\"lazy\" decoding=\"async\" width=\"600\" height=\"400\" src=\"https:\/\/moda.covermagazin.com\/wp-content\/uploads\/2024\/01\/Procitajte-ove-najbolje-savjete-za-nosenje-zenskih-gumenih-cizama-2.jpg\" alt=\"\" class=\"wp-image-45609\" srcset=\"https:\/\/moda.covermagazin.com\/wp-content\/uploads\/2024\/01\/Procitajte-ove-najbolje-savjete-za-nosenje-zenskih-gumenih-cizama-2.jpg 600w, https:\/\/moda.covermagazin.com\/wp-content\/uploads\/2024\/01\/Procitajte-ove-najbolje-savjete-za-nosenje-zenskih-gumenih-cizama-2-300x200.jpg 300w\" sizes=\"auto, (max-width: 600px) 100vw, 600px\" \/><\/figure>\n\n\n\n<h2 class=\"wp-block-heading\">Kako i s \u010dim kombinirati \u017eenske gumene \u010dizme<\/h2>\n\n\n\n<p>Za sve koji obo\u017eavaju sportski \u0161ik, \u017eenske gumene \u010dizme mogu se spojiti s trapericama i sportskom jaknom za opu\u0161teni gradski izgled dok ki\u0161i, no zapamtite, ovaj opu\u0161teni, a opet stilizirani izgled nije rezerviran samo za ki\u0161ne dane.<\/p>\n\n\n\n<p>Nije tajna da \u017eenske gumene \u010dizme i haljine mogu stvoriti iznena\u0111uju\u0107e elegantnu kombinaciju. Ovakva nekonvencionalna kombinacija dopu\u0161ta izraz Va\u0161e kreativnosti i isticanje u gomili, \u010dak i tijekom ki\u0161nih i hladnih dana.<\/p>\n\n\n\n<p>Ako ne \u017eelite kompromise, te podjednako cijenite toplinu i nepromo\u010divost, imate sre\u0107u; mnogobrojni modeli \u017eenskih guumenih \u010dizama podstavljeni su s udobnim i toplim krznom, koje garantira toplinu \u010dak i ako je temperatura ispod nule!<\/p>\n\n\n\n<h2 class=\"wp-block-heading\">U\u017eivajte u modi na svoj na\u010din, \u010dak i kad ki\u0161a lije ili snijeg pada!<\/h2>\n\n\n\n<p>Za ljubitelje retro stila, kombinirajte \u017eenske gumene \u010dizme s komadima s <em>vintage<\/em> vibrom. Dodajte traperice visokog struka i ko\u017enu jaknu s <em>retro<\/em> krojem. Ovaj izgled \u0107e odjekivati pro\u0161lim vremenima, ali uz va\u0161 osobni pe\u010dat.<\/p>\n\n\n\n<p>Zima ne zna\u010di da morate odustati od stila radi topline. Kombinirajte gumene \u010dizme s pletenim kaputem ili duga\u010dkom vestom. Ovaj slojeviti izgled \u0107e Vas odr\u017eati toplima, a istovremeno pru\u017eiti sofisticiranost.<\/p>\n\n\n\n<p>Ako \u017eelite da gumene \u010dizme budu glavna zvijezda <em>outfita<\/em>, nosite ih uz jednostavnu odje\u0107u, a dodajte <em>statement<\/em> nau\u0161nice ili ogrlicu za dodatni sjaj. Za hrabre modne avanturiste, kombinirajte gumene \u010dizme s prugastim ili cvjetnim uzorcima.<\/p>\n\n\n\n<p>Zaklju\u010dno, \u017eenske gumene \u010dizme su Va\u0161a prilika da poka\u017eete svijetu svoj jedinstveni stil. Posjetite Modivo.hr kako biste prona\u0161li savr\u0161en par i inspirirali se za kreiranje vlastitih modnih kombinacija.<\/p>\n\n\n\n<p>Bez obzira na vremenske uvjete, hodajte samouvjereno i hrabro, gaze\u0107i kroz najdublje lokve, zahvaljuju\u0107i Va\u0161im novim gumenim \u010dizmama. Naru\u010dite ih danas i oprostite se od mokrih stopala zimi!<\/p>\n\n\n\n<p class=\"has-small-font-size\">Sponzorirani \u010dlanak<\/p>\n","protected":false},"excerpt":{"rendered":"<p>Obojajte sivilo sezone vlastitim pe\u010datom Sivi dani ne moraju zna\u010diti sivu odje\u0107u! Unesite boju u svoj ormar odabirom \u017eenskih gumenih \u010dizama u omiljenoj boji. Na https:\/\/modivo.hr\/c\/zenske-gumene-cizme prona\u0111ite \u0161iroku paletu boja koje \u0107e o\u017eivjeti i najtmurnije dane. Birajte \u010dizme s uzorcima, zakovicama ili drugim detaljima koji odra\u017eavaju Va\u0161u individualnost. Kombinirajte ih s trapericama i omiljenim pletenim [&hellip;]<\/p>\n","protected":false},"author":1,"featured_media":45608,"comment_status":"open","ping_status":"open","sticky":false,"template":"","format":"standard","meta":{"footnotes":""},"categories":[1043],"tags":[1095,1510,1098],"class_list":["post-45607","post","type-post","status-publish","format-standard","has-post-thumbnail","hentry","category-moda-2018","tag-cizme-2019","tag-garderoba","tag-moderne-cizme"],"_links":{"self":[{"href":"https:\/\/moda.covermagazin.com\/index.php?rest_route=\/wp\/v2\/posts\/45607","targetHints":{"allow":["GET"]}}],"collection":[{"href":"https:\/\/moda.covermagazin.com\/index.php?rest_route=\/wp\/v2\/posts"}],"about":[{"href":"https:\/\/moda.covermagazin.com\/index.php?rest_route=\/wp\/v2\/types\/post"}],"author":[{"embeddable":true,"href":"https:\/\/moda.covermagazin.com\/index.php?rest_route=\/wp\/v2\/users\/1"}],"replies":[{"embeddable":true,"href":"https:\/\/moda.covermagazin.com\/index.php?rest_route=%2Fwp%2Fv2%2Fcomments&post=45607"}],"version-history":[{"count":3,"href":"https:\/\/moda.covermagazin.com\/index.php?rest_route=\/wp\/v2\/posts\/45607\/revisions"}],"predecessor-version":[{"id":48370,"href":"https:\/\/moda.covermagazin.com\/index.php?rest_route=\/wp\/v2\/posts\/45607\/revisions\/48370"}],"wp:featuredmedia":[{"embeddable":true,"href":"https:\/\/moda.covermagazin.com\/index.php?rest_route=\/wp\/v2\/media\/45608"}],"wp:attachment":[{"href":"https:\/\/moda.covermagazin.com\/index.php?rest_route=%2Fwp%2Fv2%2Fmedia&parent=45607"}],"wp:term":[{"taxonomy":"category","embeddable":true,"href":"https:\/\/moda.covermagazin.com\/index.php?rest_route=%2Fwp%2Fv2%2Fcategories&post=45607"},{"taxonomy":"post_tag","embeddable":true,"href":"https:\/\/moda.covermagazin.com\/index.php?rest_route=%2Fwp%2Fv2%2Ftags&post=45607"}],"curies":[{"name":"wp","href":"https:\/\/api.w.org\/{rel}","templated":true}]}}