{"id":45225,"date":"2023-10-06T12:24:49","date_gmt":"2023-10-06T10:24:49","guid":{"rendered":"https:\/\/moda.covermagazin.com\/?p=45225"},"modified":"2024-10-09T14:36:22","modified_gmt":"2024-10-09T12:36:22","slug":"deichmann-otkriva-ekskluzivnu-kolekciju-za-jesen-i-zimu-2023-2024","status":"publish","type":"post","link":"https:\/\/moda.covermagazin.com\/?p=45225","title":{"rendered":"Deichmann otkriva ekskluzivnu kolekciju za jesen i zimu 2023.\/2024."},"content":{"rendered":"\n<figure class=\"wp-block-image size-full\"><img decoding=\"async\" src=\"https:\/\/moda.covermagazin.com\/wp-content\/uploads\/2023\/10\/Deichmann-obuca-2024-cover.jpg\" alt=\"\" class=\"wp-image-45226\"\/><\/figure>\n\n\n\n<h2 class=\"wp-block-heading\">Deichmann otkriva ekskluzivnu kolekciju za jesen i zimu 2023.\/2024.<\/h2>\n\n\n\n<p><strong>Dolaze nam metalik boje, svjetlucavi kamen\u010di\u0107i, kaubojke i stil 70-ih<\/strong><\/p>\n\n\n\n<p>Deichmann ponovno slavi osobnost i jedinstvenost novom kolekcijom za jesen i zimu 2023.\/2024. koja je predstavljena u zagreba\u010dkom Muzeju iluzija. U osebujnom okru\u017eenju Muzeja iluzija izlo\u017eeni su i predstavljeni novi modeli obu\u0107e i modnih dodataka za cijelu obitelj koji objedinjuju trendove koji nas \u010dekaju u nadolaze\u0107oj sezoni.<\/p>\n\n\n\n<figure class=\"wp-block-gallery has-nested-images columns-default is-cropped wp-block-gallery-1 is-layout-flex wp-block-gallery-is-layout-flex\">\n<figure class=\"wp-block-image size-large\"><img decoding=\"async\" data-id=\"45227\" src=\"https:\/\/moda.covermagazin.com\/wp-content\/uploads\/2023\/10\/Deichmann-kolekcija-jesen-zima-2023-2024-2.jpg\" alt=\"\" class=\"wp-image-45227\"\/><\/figure>\n\n\n\n<figure class=\"wp-block-image size-large\"><img decoding=\"async\" data-id=\"45228\" src=\"https:\/\/moda.covermagazin.com\/wp-content\/uploads\/2023\/10\/Deichmann-kolekcija-jesen-zima-2023-2024-3.jpg\" alt=\"\" class=\"wp-image-45228\"\/><\/figure>\n\n\n\n<figure class=\"wp-block-image size-large\"><img decoding=\"async\" data-id=\"45233\" src=\"https:\/\/moda.covermagazin.com\/wp-content\/uploads\/2023\/10\/Deichmann-kolekcija-jesen-zima-2023-2024-4.jpg\" alt=\"\" class=\"wp-image-45233\"\/><\/figure>\n\n\n\n<figure class=\"wp-block-image size-large\"><img decoding=\"async\" data-id=\"45237\" src=\"https:\/\/moda.covermagazin.com\/wp-content\/uploads\/2023\/10\/Deichmann-kolekcija-jesen-zima-2023-2024-5.jpg\" alt=\"\" class=\"wp-image-45237\"\/><\/figure>\n\n\n\n<figure class=\"wp-block-image size-large\"><img decoding=\"async\" data-id=\"45236\" src=\"https:\/\/moda.covermagazin.com\/wp-content\/uploads\/2023\/10\/Deichmann-kolekcija-jesen-zima-2023-2024-6.jpg\" alt=\"\" class=\"wp-image-45236\"\/><\/figure>\n\n\n\n<figure class=\"wp-block-image size-large\"><img decoding=\"async\" data-id=\"45234\" src=\"https:\/\/moda.covermagazin.com\/wp-content\/uploads\/2023\/10\/Deichmann-kolekcija-jesen-zima-2023-2024-7.jpg\" alt=\"\" class=\"wp-image-45234\"\/><\/figure>\n\n\n\n<figure class=\"wp-block-image size-large\"><img decoding=\"async\" data-id=\"45230\" src=\"https:\/\/moda.covermagazin.com\/wp-content\/uploads\/2023\/10\/Deichmann-kolekcija-jesen-zima-2023-2024-8.jpg\" alt=\"\" class=\"wp-image-45230\"\/><\/figure>\n\n\n\n<figure class=\"wp-block-image size-large\"><img decoding=\"async\" data-id=\"45231\" src=\"https:\/\/moda.covermagazin.com\/wp-content\/uploads\/2023\/10\/Deichmann-kolekcija-jesen-zima-2023-2024-9.jpg\" alt=\"\" class=\"wp-image-45231\"\/><\/figure>\n\n\n\n<figure class=\"wp-block-image size-large\"><img decoding=\"async\" data-id=\"45229\" src=\"https:\/\/moda.covermagazin.com\/wp-content\/uploads\/2023\/10\/Deichmann-kolekcija-jesen-zima-2023-2024-10.jpg\" alt=\"\" class=\"wp-image-45229\"\/><\/figure>\n\n\n\n<figure class=\"wp-block-image size-large\"><img decoding=\"async\" data-id=\"45232\" src=\"https:\/\/moda.covermagazin.com\/wp-content\/uploads\/2023\/10\/Deichmann-kolekcija-jesen-zima-2023-2024-11.jpg\" alt=\"\" class=\"wp-image-45232\"\/><\/figure>\n\n\n\n<figure class=\"wp-block-image size-large\"><img decoding=\"async\" data-id=\"45235\" src=\"https:\/\/moda.covermagazin.com\/wp-content\/uploads\/2023\/10\/Deichmann-kolekcija-jesen-zima-2023-2024-12.jpg\" alt=\"\" class=\"wp-image-45235\"\/><\/figure>\n<\/figure>\n\n\n\n<figure class=\"wp-block-gallery has-nested-images columns-default is-cropped wp-block-gallery-2 is-layout-flex wp-block-gallery-is-layout-flex\">\n<figure class=\"wp-block-image size-large\"><img decoding=\"async\" data-id=\"45238\" src=\"https:\/\/moda.covermagazin.com\/wp-content\/uploads\/2023\/10\/Deichmann-kolekcija-jesen-zima-2023-2024-13.jpg\" alt=\"\" class=\"wp-image-45238\"\/><\/figure>\n\n\n\n<figure class=\"wp-block-image size-large\"><img decoding=\"async\" data-id=\"45240\" src=\"https:\/\/moda.covermagazin.com\/wp-content\/uploads\/2023\/10\/Deichmann-kolekcija-jesen-zima-2023-2024-14.jpg\" alt=\"\" class=\"wp-image-45240\"\/><\/figure>\n\n\n\n<figure class=\"wp-block-image size-large\"><img decoding=\"async\" data-id=\"45242\" src=\"https:\/\/moda.covermagazin.com\/wp-content\/uploads\/2023\/10\/Deichmann-kolekcija-jesen-zima-2023-2024-15.jpg\" alt=\"\" class=\"wp-image-45242\"\/><\/figure>\n\n\n\n<figure class=\"wp-block-image size-large\"><img decoding=\"async\" data-id=\"45239\" src=\"https:\/\/moda.covermagazin.com\/wp-content\/uploads\/2023\/10\/Deichmann-kolekcija-jesen-zima-2023-2024-16.jpg\" alt=\"\" class=\"wp-image-45239\"\/><\/figure>\n\n\n\n<figure class=\"wp-block-image size-large\"><img decoding=\"async\" data-id=\"45243\" src=\"https:\/\/moda.covermagazin.com\/wp-content\/uploads\/2023\/10\/Deichmann-kolekcija-jesen-zima-2023-2024-17.jpg\" alt=\"\" class=\"wp-image-45243\"\/><\/figure>\n\n\n\n<figure class=\"wp-block-image size-large\"><img decoding=\"async\" data-id=\"45241\" src=\"https:\/\/moda.covermagazin.com\/wp-content\/uploads\/2023\/10\/Deichmann-kolekcija-jesen-zima-2023-2024-18.jpg\" alt=\"\" class=\"wp-image-45241\"\/><\/figure>\n\n\n\n<figure class=\"wp-block-image size-large\"><img decoding=\"async\" data-id=\"45246\" src=\"https:\/\/moda.covermagazin.com\/wp-content\/uploads\/2023\/10\/Deichmann-kolekcija-jesen-zima-2023-2024-19.jpg\" alt=\"\" class=\"wp-image-45246\"\/><\/figure>\n\n\n\n<figure class=\"wp-block-image size-large\"><img decoding=\"async\" data-id=\"45245\" src=\"https:\/\/moda.covermagazin.com\/wp-content\/uploads\/2023\/10\/Deichmann-kolekcija-jesen-zima-2023-2024-20.jpg\" alt=\"\" class=\"wp-image-45245\"\/><\/figure>\n\n\n\n<figure class=\"wp-block-image size-large\"><img decoding=\"async\" data-id=\"45248\" src=\"https:\/\/moda.covermagazin.com\/wp-content\/uploads\/2023\/10\/Deichmann-kolekcija-jesen-zima-2023-2024-21.jpg\" alt=\"\" class=\"wp-image-45248\"\/><\/figure>\n\n\n\n<figure class=\"wp-block-image size-large\"><img decoding=\"async\" data-id=\"45247\" src=\"https:\/\/moda.covermagazin.com\/wp-content\/uploads\/2023\/10\/Deichmann-kolekcija-jesen-zima-2023-2024-22.jpg\" alt=\"\" class=\"wp-image-45247\"\/><\/figure>\n\n\n\n<figure class=\"wp-block-image size-large\"><img decoding=\"async\" data-id=\"45244\" src=\"https:\/\/moda.covermagazin.com\/wp-content\/uploads\/2023\/10\/Deichmann-kolekcija-jesen-zima-2023-2024-23.jpg\" alt=\"\" class=\"wp-image-45244\"\/><\/figure>\n<\/figure>\n\n\n\n<figure class=\"wp-block-gallery has-nested-images columns-default is-cropped wp-block-gallery-3 is-layout-flex wp-block-gallery-is-layout-flex\">\n<figure class=\"wp-block-image size-large\"><img decoding=\"async\" data-id=\"45253\" src=\"https:\/\/moda.covermagazin.com\/wp-content\/uploads\/2023\/10\/Deichmann-kolekcija-jesen-zima-2023-2024-24.jpg\" alt=\"\" class=\"wp-image-45253\"\/><\/figure>\n\n\n\n<figure class=\"wp-block-image size-large\"><img decoding=\"async\" data-id=\"45254\" src=\"https:\/\/moda.covermagazin.com\/wp-content\/uploads\/2023\/10\/Deichmann-kolekcija-jesen-zima-2023-2024-25.jpg\" alt=\"\" class=\"wp-image-45254\"\/><\/figure>\n\n\n\n<figure class=\"wp-block-image size-large\"><img decoding=\"async\" data-id=\"45249\" src=\"https:\/\/moda.covermagazin.com\/wp-content\/uploads\/2023\/10\/Deichmann-kolekcija-jesen-zima-2023-2024-26.jpg\" alt=\"\" class=\"wp-image-45249\"\/><\/figure>\n\n\n\n<figure class=\"wp-block-image size-large\"><img decoding=\"async\" data-id=\"45250\" src=\"https:\/\/moda.covermagazin.com\/wp-content\/uploads\/2023\/10\/Deichmann-kolekcija-jesen-zima-2023-2024-27.jpg\" alt=\"\" class=\"wp-image-45250\"\/><\/figure>\n\n\n\n<figure class=\"wp-block-image size-large\"><img decoding=\"async\" data-id=\"45251\" src=\"https:\/\/moda.covermagazin.com\/wp-content\/uploads\/2023\/10\/Deichmann-kolekcija-jesen-zima-2023-2024-28.jpg\" alt=\"\" class=\"wp-image-45251\"\/><\/figure>\n\n\n\n<figure class=\"wp-block-image size-large\"><img decoding=\"async\" data-id=\"45252\" src=\"https:\/\/moda.covermagazin.com\/wp-content\/uploads\/2023\/10\/Deichmann-kolekcija-jesen-zima-2023-2024-29.jpg\" alt=\"\" class=\"wp-image-45252\"\/><\/figure>\n\n\n\n<figure class=\"wp-block-image size-large\"><img decoding=\"async\" data-id=\"45255\" src=\"https:\/\/moda.covermagazin.com\/wp-content\/uploads\/2023\/10\/Deichmann-kolekcija-jesen-zima-2023-2024-31.jpg\" alt=\"\" class=\"wp-image-45255\"\/><\/figure>\n\n\n\n<figure class=\"wp-block-image size-large\"><img decoding=\"async\" data-id=\"45256\" src=\"https:\/\/moda.covermagazin.com\/wp-content\/uploads\/2023\/10\/Deichmann-kolekcija-jesen-zima-2023-2024-32-1024x683.jpg\" alt=\"\" class=\"wp-image-45256\"\/><\/figure>\n<\/figure>\n\n\n\n<p>Biti \u017eena sa sobom nosi mnogo strana, a sve ih mo\u017eemo naglasiti modom. Deichmann ima modele za svaku va\u0161u osobnost \u2013 od mame lavice, neovisne avanturistice, neustra\u0161ive karijeristice ili dog mum na puno radno vrijeme. Cipele i modni dodaci iz nove Deichmann kolekcije posebno izra\u017eavaju svaku va\u0161u osobnost.<\/p>\n\n\n\n<p><strong>Nje\u017eni zimski tonovi<\/strong><\/p>\n\n\n\n<p>Nakon \u0161arenih ljetnih modela sada boje postaju ne\u0161to mirnije. U kolekciji jesen\/zima fokus je na tamnozelenoj boji, zagasitoj magenti, ljubi\u010dastoj, boji tamnog bar\u0161una ili boji lavande. Modeli hladne bijele, sive ili kaki boje odra\u017eavaju boje zime. Loaferice, gle\u017enja\u010de, \u010dizme ili salonke odjevnoj kombinaciji daruju ekstravagantnu notu.<\/p>\n\n\n\n<p><strong>Metalik izgled i svjetlucavi kamen\u010di\u0107i<\/strong><\/p>\n\n\n\n<p>\u010cizmice sa svjetlucavim detaljima privla\u010de poglede, dok su tenisice i salonke metalik boje ili s kristali\u0107ima okosnica svakog outfita.<br>Glavna zvijezda kolekcije ovog su puta \u010dizme u western stilu i \u010dizme u stilu sedamdesetih godina koje krasi debela peta u kombinaciji s nje\u017enim bojama kao \u0161to su krem tonovi, tamnozelena, ljubi\u010dasta ili sjajna crvena.<\/p>\n\n\n\n<p>Sti\u017eu nam i pufaste \u010dizmice u kombinaciji s detaljima od najlona koje daju uzbudljivu notu.<\/p>\n\n\n\n<p>\u010cizme koje se navla\u010de u svim bojama i oblicima tako\u0111er ne nedostaju \u2013 obavezna je i kombinacija s kristali\u0107ima i platforma potplatima!<\/p>\n\n\n\n<p><strong>Teddy stil<\/strong><\/p>\n\n\n\n<p>Osim mekanih dodataka poput kapa, \u0161alova ili torbica u sjajnim kombinacijama boja, teddy look daje poseban zimski \u0161tih i \u010dizmama, i tenisicama. Lijepi dodatak uz teddy modele su torbice od samta u jesenskoj crvenoj ili be\u017e boji.<\/p>\n\n\n\n<p><strong>Modne novosti za mu\u0161karce<\/strong><\/p>\n\n\n\n<p>Deichmann donosi nove modele klasi\u010dnih bijelih i crnih tenisica za mu\u0161karce (niske ili povi\u0161ene), tako\u0111er tenisice u raznim tonovima sive i krem boje ili boje konjaka. Zima je pred vratima, a s njom se napokon vra\u0107aju elegantne radni\u010dke i outdoor \u010dizme. Modeli u otmjenoj sme\u0111oj, kaki, crnoj ili be\u017e boji pretvaraju jesen\/zimu u modni vrhunac.<\/p>\n","protected":false},"excerpt":{"rendered":"<p>Deichmann otkriva ekskluzivnu kolekciju za jesen i zimu 2023.\/2024. Dolaze nam metalik boje, svjetlucavi kamen\u010di\u0107i, kaubojke i stil 70-ih Deichmann ponovno slavi osobnost i jedinstvenost novom kolekcijom za jesen i zimu 2023.\/2024. koja je predstavljena u zagreba\u010dkom Muzeju iluzija. U osebujnom okru\u017eenju Muzeja iluzija izlo\u017eeni su i predstavljeni novi modeli obu\u0107e i modnih dodataka za [&hellip;]<\/p>\n","protected":false},"author":1,"featured_media":0,"comment_status":"open","ping_status":"open","sticky":false,"template":"","format":"standard","meta":{"footnotes":""},"categories":[1043,3],"tags":[],"class_list":["post-45225","post","type-post","status-publish","format-standard","hentry","category-moda-2018","category-modni_trendovi"],"_links":{"self":[{"href":"https:\/\/moda.covermagazin.com\/index.php?rest_route=\/wp\/v2\/posts\/45225","targetHints":{"allow":["GET"]}}],"collection":[{"href":"https:\/\/moda.covermagazin.com\/index.php?rest_route=\/wp\/v2\/posts"}],"about":[{"href":"https:\/\/moda.covermagazin.com\/index.php?rest_route=\/wp\/v2\/types\/post"}],"author":[{"embeddable":true,"href":"https:\/\/moda.covermagazin.com\/index.php?rest_route=\/wp\/v2\/users\/1"}],"replies":[{"embeddable":true,"href":"https:\/\/moda.covermagazin.com\/index.php?rest_route=%2Fwp%2Fv2%2Fcomments&post=45225"}],"version-history":[{"count":2,"href":"https:\/\/moda.covermagazin.com\/index.php?rest_route=\/wp\/v2\/posts\/45225\/revisions"}],"predecessor-version":[{"id":48383,"href":"https:\/\/moda.covermagazin.com\/index.php?rest_route=\/wp\/v2\/posts\/45225\/revisions\/48383"}],"wp:attachment":[{"href":"https:\/\/moda.covermagazin.com\/index.php?rest_route=%2Fwp%2Fv2%2Fmedia&parent=45225"}],"wp:term":[{"taxonomy":"category","embeddable":true,"href":"https:\/\/moda.covermagazin.com\/index.php?rest_route=%2Fwp%2Fv2%2Fcategories&post=45225"},{"taxonomy":"post_tag","embeddable":true,"href":"https:\/\/moda.covermagazin.com\/index.php?rest_route=%2Fwp%2Fv2%2Ftags&post=45225"}],"curies":[{"name":"wp","href":"https:\/\/api.w.org\/{rel}","templated":true}]}}