{"id":44428,"date":"2024-11-14T16:00:07","date_gmt":"2024-11-14T14:00:07","guid":{"rendered":"https:\/\/moda.covermagazin.com\/?p=44428"},"modified":"2024-11-14T16:00:08","modified_gmt":"2024-11-14T14:00:08","slug":"moderna-frizura-katherine-heigl-kao-inspiracija-za-kratku-kosu","status":"publish","type":"post","link":"https:\/\/moda.covermagazin.com\/?p=44428","title":{"rendered":"Moderna frizura Katherine Heigl kao inspiracija za kratku kosu"},"content":{"rendered":"\n<figure class=\"wp-block-image size-full\"><img decoding=\"async\" src=\"https:\/\/moda.covermagazin.com\/wp-content\/uploads\/2023\/05\/kratka-kosa-2024-f.jpg\" alt=\"\" class=\"wp-image-50599\"\/><\/figure>\n\n\n\n<p>Glumica Katherine Heigl, 45-godi\u0161nja glumica, odlu\u010dila se ove sezone na kratku kosu u nekoliko varijanti. Dok je kratku frizuru nosila i posljednjih nekoliko sezona, ove jeseni se pribli\u017eila bob frizuri, ali i dalje se radi o kratkoj kosi i frizuri koju biraju \u017eene kada tra\u017ee inspiraciju za kratku kosu i moderne frizure. <\/p>\n\n\n\n<p>Ukoliko tra\u017eite inspiraciju za modernu frizuru koju \u0107ete mo\u0107i nositi na nekoliko razli\u010ditih na\u010dina i s potpunom razli\u010ditim dojmom, mo\u017eete u njenoj frizuri potra\u017eiti inspiraciju.<\/p>\n\n\n\n<figure class=\"wp-block-image size-full\"><img decoding=\"async\" src=\"https:\/\/moda.covermagazin.com\/wp-content\/uploads\/2023\/05\/kratka-kosa-2024-1.jpg\" alt=\"\" class=\"wp-image-50601\"\/><\/figure>\n\n\n\n<figure class=\"wp-block-image size-full\"><img decoding=\"async\" src=\"https:\/\/moda.covermagazin.com\/wp-content\/uploads\/2023\/05\/kratka-kosa-2024-2.jpg\" alt=\"\" class=\"wp-image-50602\"\/><\/figure>\n\n\n\n<p>Vezano:<\/p>\n\n\n\n<p><a href=\"https:\/\/moda.covermagazin.com\/?p=25337\">Moderne KRATKE FRIZURE (za 2024.)+ 50 ideja za frizure za \u017eene srednjih godina <\/a><\/p>\n\n\n\n<figure class=\"wp-block-embed is-type-wp-embed is-provider-moda wp-block-embed-moda\"><div class=\"wp-block-embed__wrapper\">\n<blockquote class=\"wp-embedded-content\" data-secret=\"57jyAqmyjf\"><a href=\"https:\/\/moda.covermagazin.com\/?p=25337\">Moderne KRATKE FRIZURE (za 2024.) + 50 ideja za frizure za \u017eene srednjih godina<\/a><\/blockquote><iframe loading=\"lazy\" class=\"wp-embedded-content\" sandbox=\"allow-scripts\" security=\"restricted\" style=\"position: absolute; visibility: hidden;\" title=\"&#8220;Moderne KRATKE FRIZURE (za 2024.) + 50 ideja za frizure za \u017eene srednjih godina&#8221; &#8212; Moda\" src=\"https:\/\/moda.covermagazin.com\/?p=25337&#038;embed=true#?secret=lxLWJCqRJp#?secret=57jyAqmyjf\" data-secret=\"57jyAqmyjf\" width=\"500\" height=\"282\" frameborder=\"0\" marginwidth=\"0\" marginheight=\"0\" scrolling=\"no\"><\/iframe>\n<\/div><\/figure>\n","protected":false},"excerpt":{"rendered":"<p>Glumica Katherine Heigl, 45-godi\u0161nja glumica, odlu\u010dila se ove sezone na kratku kosu u nekoliko varijanti. Dok je kratku frizuru nosila i posljednjih nekoliko sezona, ove jeseni se pribli\u017eila bob frizuri, ali i dalje se radi o kratkoj kosi i frizuri koju biraju \u017eene kada tra\u017ee inspiraciju za kratku kosu i moderne frizure. Ukoliko tra\u017eite inspiraciju [&hellip;]<\/p>\n","protected":false},"author":1,"featured_media":0,"comment_status":"open","ping_status":"open","sticky":false,"template":"","format":"standard","meta":{"footnotes":""},"categories":[4],"tags":[1213],"class_list":["post-44428","post","type-post","status-publish","format-standard","hentry","category-frizure_poznatih","tag-kratke-frizure"],"_links":{"self":[{"href":"https:\/\/moda.covermagazin.com\/index.php?rest_route=\/wp\/v2\/posts\/44428","targetHints":{"allow":["GET"]}}],"collection":[{"href":"https:\/\/moda.covermagazin.com\/index.php?rest_route=\/wp\/v2\/posts"}],"about":[{"href":"https:\/\/moda.covermagazin.com\/index.php?rest_route=\/wp\/v2\/types\/post"}],"author":[{"embeddable":true,"href":"https:\/\/moda.covermagazin.com\/index.php?rest_route=\/wp\/v2\/users\/1"}],"replies":[{"embeddable":true,"href":"https:\/\/moda.covermagazin.com\/index.php?rest_route=%2Fwp%2Fv2%2Fcomments&post=44428"}],"version-history":[{"count":3,"href":"https:\/\/moda.covermagazin.com\/index.php?rest_route=\/wp\/v2\/posts\/44428\/revisions"}],"predecessor-version":[{"id":50603,"href":"https:\/\/moda.covermagazin.com\/index.php?rest_route=\/wp\/v2\/posts\/44428\/revisions\/50603"}],"wp:attachment":[{"href":"https:\/\/moda.covermagazin.com\/index.php?rest_route=%2Fwp%2Fv2%2Fmedia&parent=44428"}],"wp:term":[{"taxonomy":"category","embeddable":true,"href":"https:\/\/moda.covermagazin.com\/index.php?rest_route=%2Fwp%2Fv2%2Fcategories&post=44428"},{"taxonomy":"post_tag","embeddable":true,"href":"https:\/\/moda.covermagazin.com\/index.php?rest_route=%2Fwp%2Fv2%2Ftags&post=44428"}],"curies":[{"name":"wp","href":"https:\/\/api.w.org\/{rel}","templated":true}]}}