{"id":42487,"date":"2024-09-01T11:32:00","date_gmt":"2024-09-01T09:32:00","guid":{"rendered":"https:\/\/moda.covermagazin.com\/?p=42487"},"modified":"2024-10-09T14:35:49","modified_gmt":"2024-10-09T12:35:49","slug":"traper-minice-postaju-hit-pripremite-noge-za-pokazivanje","status":"publish","type":"post","link":"https:\/\/moda.covermagazin.com\/?p=42487","title":{"rendered":"Minice postaju hit &#8211; pripremite noge za pokazivanje"},"content":{"rendered":"\n<figure class=\"wp-block-image size-full\"><img decoding=\"async\" src=\"https:\/\/moda.covermagazin.com\/wp-content\/uploads\/2024\/09\/2-Moderne-suknje-jesen-zima-Liu-Jo-6.jpg\" alt=\"Moderne suknje jesen-zima\" class=\"wp-image-47036\"\/><figcaption class=\"wp-element-caption\">Liu Jo<\/figcaption><\/figure>\n\n\n\n<h2 class=\"wp-block-heading\">Minice postaju hit &#8211; pripremite noge za pokazivanje<\/h2>\n\n\n\n<p>Suknje su u modi ve\u0107 nekoliko sezona, a ovo ljeto nije iznimka. Pravi hit kratke traper minice, ko\u017ene minice, od buklea i tvida&#8230;<\/p>\n\n\n\n<p>Kada se radi o trenovima za ovu sezonu op\u0107enito su mini suknje jako popularne, tako da su mini suknje jedan od najmodernijih odabira, a me\u0111u njima su se na\u0161le i mini suknje od trapera. Mini suknje od trapera kao i ko\u017ene suknje mo\u017eete nositi u sportskim izdanjima na tenisice, u le\u017eernim kombinacijama na ravne cipele, ali i na sve\u010dane topove i elegantne visoke sandale za ve\u010dernje izlaska.<\/p>\n\n\n\n<figure class=\"wp-block-gallery has-nested-images columns-1 is-cropped wp-block-gallery-1 is-layout-flex wp-block-gallery-is-layout-flex\">\n<figure class=\"wp-block-image size-large\"><img decoding=\"async\" data-id=\"47586\" src=\"https:\/\/moda.covermagazin.com\/wp-content\/uploads\/2024\/09\/4-Suknje-prema-obliku-tijela-Kobi-Halperin.jpg\" alt=\"Izbor suknje prema tipu tijela\" class=\"wp-image-47586\"\/><figcaption class=\"wp-element-caption\">Kobi Halperin<\/figcaption><\/figure>\n\n\n\n<figure class=\"wp-block-image size-large\"><img decoding=\"async\" data-id=\"47040\" src=\"https:\/\/moda.covermagazin.com\/wp-content\/uploads\/2024\/09\/4-Moderne-suknje-jesen-zima-Liu-Jo-7.jpg\" alt=\"Moderne suknje jesen-zima\" class=\"wp-image-47040\"\/><figcaption class=\"wp-element-caption\">Liu Jo<\/figcaption><\/figure>\n\n\n\n<figure class=\"wp-block-image size-large\"><img decoding=\"async\" data-id=\"47035\" src=\"https:\/\/moda.covermagazin.com\/wp-content\/uploads\/2024\/09\/2-Moderne-suknje-jesen-zima-Liu-Jo-5.jpg\" alt=\"Moderne suknje jesen-zima\" class=\"wp-image-47035\"\/><figcaption class=\"wp-element-caption\">Liu Jo<\/figcaption><\/figure>\n\n\n\n<figure class=\"wp-block-image size-large\"><img decoding=\"async\" data-id=\"47036\" src=\"https:\/\/moda.covermagazin.com\/wp-content\/uploads\/2024\/09\/2-Moderne-suknje-jesen-zima-Liu-Jo-6.jpg\" alt=\"Moderne suknje jesen-zima\" class=\"wp-image-47036\"\/><figcaption class=\"wp-element-caption\">Liu Jo<\/figcaption><\/figure>\n\n\n\n<figure class=\"wp-block-image size-large\"><img decoding=\"async\" data-id=\"47037\" src=\"https:\/\/moda.covermagazin.com\/wp-content\/uploads\/2024\/09\/2-Moderne-suknje-jesen-zima-Liu-Jo-8.jpg\" alt=\"Moderne suknje jesen-zima\" class=\"wp-image-47037\"\/><figcaption class=\"wp-element-caption\">Liu Jo<\/figcaption><\/figure>\n\n\n\n<figure class=\"wp-block-image size-large\"><img decoding=\"async\" data-id=\"46828\" src=\"https:\/\/moda.covermagazin.com\/wp-content\/uploads\/2024\/09\/Moderne-suknje-Coach-2.jpg\" alt=\"Moderne suknje\" class=\"wp-image-46828\"\/><figcaption class=\"wp-element-caption\">Coach<\/figcaption><\/figure>\n\n\n\n<figure class=\"wp-block-image size-large\"><img decoding=\"async\" data-id=\"46829\" src=\"https:\/\/moda.covermagazin.com\/wp-content\/uploads\/2024\/09\/Moderne-suknje-Coach-3.jpg\" alt=\"Moderne suknje\" class=\"wp-image-46829\"\/><figcaption class=\"wp-element-caption\">Coach<\/figcaption><\/figure>\n<\/figure>\n\n\n\n<p><strong>Ako su mini suknje moderne jesu li maxi i midi suknje iza\u0161le iz mode?<\/strong><\/p>\n\n\n\n<p>Iako je ovo sezona minica, midi i maxi suknje tako\u0111er su moderne. Maxi suknje oduvijek su ljetni hit, midi suknje istina je jesu u drugom planu, ali ve\u0107 na pred kraj ljeta i u jesenskoj modi o\u010dekujte veliki povratak.<\/p>\n","protected":false},"excerpt":{"rendered":"<p>Minice postaju hit &#8211; pripremite noge za pokazivanje Suknje su u modi ve\u0107 nekoliko sezona, a ovo ljeto nije iznimka. Pravi hit kratke traper minice, ko\u017ene minice, od buklea i tvida&#8230; Kada se radi o trenovima za ovu sezonu op\u0107enito su mini suknje jako popularne, tako da su mini suknje jedan od najmodernijih odabira, a [&hellip;]<\/p>\n","protected":false},"author":1,"featured_media":0,"comment_status":"open","ping_status":"open","sticky":false,"template":"","format":"standard","meta":{"footnotes":""},"categories":[1043,3],"tags":[1145,1101],"class_list":["post-42487","post","type-post","status-publish","format-standard","hentry","category-moda-2018","category-modni_trendovi","tag-moderne-suknje","tag-suknje"],"_links":{"self":[{"href":"https:\/\/moda.covermagazin.com\/index.php?rest_route=\/wp\/v2\/posts\/42487","targetHints":{"allow":["GET"]}}],"collection":[{"href":"https:\/\/moda.covermagazin.com\/index.php?rest_route=\/wp\/v2\/posts"}],"about":[{"href":"https:\/\/moda.covermagazin.com\/index.php?rest_route=\/wp\/v2\/types\/post"}],"author":[{"embeddable":true,"href":"https:\/\/moda.covermagazin.com\/index.php?rest_route=\/wp\/v2\/users\/1"}],"replies":[{"embeddable":true,"href":"https:\/\/moda.covermagazin.com\/index.php?rest_route=%2Fwp%2Fv2%2Fcomments&post=42487"}],"version-history":[{"count":6,"href":"https:\/\/moda.covermagazin.com\/index.php?rest_route=\/wp\/v2\/posts\/42487\/revisions"}],"predecessor-version":[{"id":49438,"href":"https:\/\/moda.covermagazin.com\/index.php?rest_route=\/wp\/v2\/posts\/42487\/revisions\/49438"}],"wp:attachment":[{"href":"https:\/\/moda.covermagazin.com\/index.php?rest_route=%2Fwp%2Fv2%2Fmedia&parent=42487"}],"wp:term":[{"taxonomy":"category","embeddable":true,"href":"https:\/\/moda.covermagazin.com\/index.php?rest_route=%2Fwp%2Fv2%2Fcategories&post=42487"},{"taxonomy":"post_tag","embeddable":true,"href":"https:\/\/moda.covermagazin.com\/index.php?rest_route=%2Fwp%2Fv2%2Ftags&post=42487"}],"curies":[{"name":"wp","href":"https:\/\/api.w.org\/{rel}","templated":true}]}}