{"id":42369,"date":"2025-04-29T10:50:09","date_gmt":"2025-04-29T08:50:09","guid":{"rendered":"https:\/\/moda.covermagazin.com\/?p=42369"},"modified":"2025-04-30T09:05:00","modified_gmt":"2025-04-30T07:05:00","slug":"jesu-li-vibrantni-pink-plavi-crveni-pramenovi-u-kosi-moderni-u-2022","status":"publish","type":"post","link":"https:\/\/moda.covermagazin.com\/?p=42369","title":{"rendered":"Jesu li vibrantni i ru\u017ei\u010dasti pramenovi u kosi jo\u0161 moderni"},"content":{"rendered":"\n<figure class=\"wp-block-image size-full\"><img decoding=\"async\" src=\"https:\/\/moda.covermagazin.com\/wp-content\/uploads\/2024\/12\/boja-kose-cover.jpg\" alt=\"\" class=\"wp-image-52949\"\/><\/figure>\n\n\n\n<h2 class=\"wp-block-heading\">Jesu li vibrantni  i  ru\u017ei\u010dasti pramenovi u kosi jo\u0161 moderni<\/h2>\n\n\n\n<p><strong>Vibrantni pramenovi, odnosno boja kose <\/strong>i dalje je moderna i osvje\u017eava svaku <a href=\"https:\/\/moda.covermagazin.com\/?p=25337\">frizuru<\/a> i izgled<strong>. <\/strong>Pomalo ekstremna, vrlo dinami\u010dna, a ipak ova boja kose pristaje ve\u0107ini \u017eena. Od modnih pista do poznatih osoba i infulencerica na Instagramu vibrantna boja kose ne izlazi iz trenda, a milijun je na\u010dina kako obojiti kosu u neku vibrantnu nijansu. Jedan od njih su i pramenovi.<\/p>\n\n\n\n<p>Uz ru\u017ei\u010dastu, ljubi\u010dastu i modru, najnoviji trend su \u017euti pramenovi.<\/p>\n\n\n\n<figure class=\"wp-block-gallery has-nested-images columns-default is-cropped wp-block-gallery-1 is-layout-flex wp-block-gallery-is-layout-flex\">\n<figure class=\"wp-block-image size-large\"><img decoding=\"async\" data-id=\"52951\" src=\"https:\/\/moda.covermagazin.com\/wp-content\/uploads\/2024\/12\/boja-kose-2.jpg\" alt=\"\" class=\"wp-image-52951\"\/><\/figure>\n\n\n\n<figure class=\"wp-block-image size-large\"><img decoding=\"async\" data-id=\"52952\" src=\"https:\/\/moda.covermagazin.com\/wp-content\/uploads\/2024\/12\/boja-kose.jpg\" alt=\"\" class=\"wp-image-52952\"\/><\/figure>\n<figcaption class=\"blocks-gallery-caption wp-element-caption\">Avril Lavigne, travanj 2025. <\/figcaption><\/figure>\n\n\n\n<p>Moderne su sve vibrantne boje, posebno  uz navedene iznad i crvena. Iako stilisti najavljuju trend zdravije kose, \u0161to zna\u010di da se izbjegavaju tehnike bojenja, poput na primjer balayage pramenova, gdje se kosa boji u nekoliko slojeva, pramenovi u vibrantnim bojama ipak su se zadr\u017eali u modi i \u010dini se kako ostaju tu jo\u0161 neko vrijeme.<\/p>\n\n\n\n<figure class=\"wp-block-image size-full\"><img decoding=\"async\" src=\"https:\/\/moda.covermagazin.com\/wp-content\/uploads\/2024\/03\/ruzicasti-pramenovi-u-kosi-jos-moderni-2.jpg\" alt=\"\" class=\"wp-image-51004\"\/><figcaption class=\"wp-element-caption\">Barbara Contini,  <\/figcaption><\/figure>\n\n\n\n<figure class=\"wp-block-image size-full\"><img decoding=\"async\" src=\"https:\/\/moda.covermagazin.com\/wp-content\/uploads\/2024\/03\/ruzicasti-pramenovi-u-kosi-jos-moderni-1.jpg\" alt=\"\" class=\"wp-image-51003\"\/><figcaption class=\"wp-element-caption\">Antonella Arpa <\/figcaption><\/figure>\n\n\n\n<figure class=\"wp-block-image size-full\"><img decoding=\"async\" src=\"https:\/\/moda.covermagazin.com\/wp-content\/uploads\/2024\/12\/pink-boja-3.jpg\" alt=\"\" class=\"wp-image-51032\"\/><figcaption class=\"wp-element-caption\">Caroline D\u2019Amore,  <\/figcaption><\/figure>\n\n\n\n<figure class=\"wp-block-image size-full\"><img decoding=\"async\" src=\"https:\/\/moda.covermagazin.com\/wp-content\/uploads\/2024\/12\/plavi-pramenovi.jpg\" alt=\"\" class=\"wp-image-51034\"\/><figcaption class=\"wp-element-caption\">Charley<\/figcaption><\/figure>\n\n\n\n<figure class=\"wp-block-image size-full\"><img decoding=\"async\" src=\"https:\/\/moda.covermagazin.com\/wp-content\/uploads\/2024\/03\/pink-boja-kose.jpg\" alt=\"\" class=\"wp-image-45713\"\/><figcaption class=\"wp-element-caption\">Megan Fox ,  <\/figcaption><\/figure>\n\n\n\n<figure class=\"wp-block-image size-full\"><img decoding=\"async\" src=\"https:\/\/moda.covermagazin.com\/wp-content\/uploads\/2024\/03\/megan-fox.jpg\" alt=\"\" class=\"wp-image-51002\"\/><figcaption class=\"wp-element-caption\">Megan Fox ,  <\/figcaption><\/figure>\n\n\n\n<p>Ispod prona\u0111ite ideje za moderne frizure:<\/p>\n\n\n\n<p><a href=\"https:\/\/moda.covermagazin.com\/?p=25337\">Moderne frizure za 2025. i 100 ideja za frizure za \u017eene srednjih godina <\/a><\/p>\n\n\n\n<figure class=\"wp-block-embed is-type-wp-embed is-provider-moda wp-block-embed-moda\"><div class=\"wp-block-embed__wrapper\">\n<blockquote class=\"wp-embedded-content\" data-secret=\"PKFXiig1Q6\"><a href=\"https:\/\/moda.covermagazin.com\/?p=25337\">Moderne frizure za 2025. i 100 ideja za frizure za \u017eene srednjih godina<\/a><\/blockquote><iframe loading=\"lazy\" class=\"wp-embedded-content\" sandbox=\"allow-scripts\" security=\"restricted\" style=\"position: absolute; visibility: hidden;\" title=\"&#8220;Moderne frizure za 2025. i 100 ideja za frizure za \u017eene srednjih godina&#8221; &#8212; Moda\" src=\"https:\/\/moda.covermagazin.com\/?p=25337&#038;embed=true#?secret=fmfg2RYFMj#?secret=PKFXiig1Q6\" data-secret=\"PKFXiig1Q6\" width=\"500\" height=\"282\" frameborder=\"0\" marginwidth=\"0\" marginheight=\"0\" scrolling=\"no\"><\/iframe>\n<\/div><\/figure>\n","protected":false},"excerpt":{"rendered":"<p>Jesu li vibrantni i ru\u017ei\u010dasti pramenovi u kosi jo\u0161 moderni Vibrantni pramenovi, odnosno boja kose i dalje je moderna i osvje\u017eava svaku frizuru i izgled. Pomalo ekstremna, vrlo dinami\u010dna, a ipak ova boja kose pristaje ve\u0107ini \u017eena. Od modnih pista do poznatih osoba i infulencerica na Instagramu vibrantna boja kose ne izlazi iz trenda, a [&hellip;]<\/p>\n","protected":false},"author":1,"featured_media":0,"comment_status":"open","ping_status":"open","sticky":false,"template":"","format":"standard","meta":{"footnotes":""},"categories":[4,1043],"tags":[1240,1355],"class_list":["post-42369","post","type-post","status-publish","format-standard","hentry","category-frizure_poznatih","category-moda-2018","tag-moderne-boje-kose","tag-pramenovi"],"_links":{"self":[{"href":"https:\/\/moda.covermagazin.com\/index.php?rest_route=\/wp\/v2\/posts\/42369","targetHints":{"allow":["GET"]}}],"collection":[{"href":"https:\/\/moda.covermagazin.com\/index.php?rest_route=\/wp\/v2\/posts"}],"about":[{"href":"https:\/\/moda.covermagazin.com\/index.php?rest_route=\/wp\/v2\/types\/post"}],"author":[{"embeddable":true,"href":"https:\/\/moda.covermagazin.com\/index.php?rest_route=\/wp\/v2\/users\/1"}],"replies":[{"embeddable":true,"href":"https:\/\/moda.covermagazin.com\/index.php?rest_route=%2Fwp%2Fv2%2Fcomments&post=42369"}],"version-history":[{"count":9,"href":"https:\/\/moda.covermagazin.com\/index.php?rest_route=\/wp\/v2\/posts\/42369\/revisions"}],"predecessor-version":[{"id":52955,"href":"https:\/\/moda.covermagazin.com\/index.php?rest_route=\/wp\/v2\/posts\/42369\/revisions\/52955"}],"wp:attachment":[{"href":"https:\/\/moda.covermagazin.com\/index.php?rest_route=%2Fwp%2Fv2%2Fmedia&parent=42369"}],"wp:term":[{"taxonomy":"category","embeddable":true,"href":"https:\/\/moda.covermagazin.com\/index.php?rest_route=%2Fwp%2Fv2%2Fcategories&post=42369"},{"taxonomy":"post_tag","embeddable":true,"href":"https:\/\/moda.covermagazin.com\/index.php?rest_route=%2Fwp%2Fv2%2Ftags&post=42369"}],"curies":[{"name":"wp","href":"https:\/\/api.w.org\/{rel}","templated":true}]}}