{"id":41392,"date":"2025-03-18T11:53:12","date_gmt":"2025-03-18T09:53:12","guid":{"rendered":"https:\/\/moda.covermagazin.com\/?p=41392"},"modified":"2025-03-18T11:53:12","modified_gmt":"2025-03-18T09:53:12","slug":"prekrasne-patrizia-pepe-svecane-haljine-2022","status":"publish","type":"post","link":"https:\/\/moda.covermagazin.com\/?p=41392","title":{"rendered":"Odli\u010dne Patrizia Pepe sve\u010dane haljine 2025."},"content":{"rendered":"\n<figure class=\"wp-block-image size-full\"><img decoding=\"async\" src=\"https:\/\/moda.covermagazin.com\/wp-content\/uploads\/2022\/04\/Patrizia-Pepe-svecane-haljine-1.jpg\" alt=\"Patrizia Pepe sve\u010dane haljine\" class=\"wp-image-52299\"\/><figcaption class=\"wp-element-caption\">Patrizia Pepe sve\u010dane haljine<\/figcaption><\/figure>\n\n\n\n<h2 class=\"wp-block-heading\">Odli\u010dne Patrizia Pepe sve\u010dane haljine<\/h2>\n\n\n\n<p>U Patrizia Pepe kolekciji sve\u010danih haljina dominiraju jednobojne te cvjetne haljine. Upe\u010datljive plave haljine raznih nijansi jedan su od glavnih trendova sezone.<\/p>\n\n\n\n<p>Moderne Patrizia Pepe sve\u010dane haljine su razli\u010ditih duljina, kratke, midi, kao i duge. Cvjetna duga haljina mo\u017ee biti odli\u010dan izbor za brojne prilike budu\u0107i da nije pretjerano sve\u010dana, a istovremeno ima dozu elegancije koju sa sobom nose duge haljine.<\/p>\n\n\n\n<p>Ovakve haljine se mogu odjenuti kada ste pozvani na razne prigode te odgovaraju gostima na vjen\u010danju, na krizmama, pri\u010destima, ali i za domjenke, kao i koktel zabave.<\/p>\n\n\n\n<p>Mnoge od haljina se mogu prilagoditi situaciji te \u0107e uz sve\u010danije modne dodatke, te cipele s visokom potpeticom djelovati elegantnije, ali se mnoge mogu kombinirati i sa tenisicama za neke opu\u0161tenije lookove. Upravo u tome se krije dodatna \u010dar ovakvih stilova budu\u0107i da se mogu prilagoditi razli\u010ditim stilovima, te odjenuti vi\u0161e puta. Dodavanje remena, tako\u0111er mo\u017ee biti jedan od na\u010dina kako haljinu prilagoditi sve\u010danosti na koju idete.<\/p>\n\n\n\n<p><strong>Prekrasne Patrizia Pepe sve\u010dane haljine<\/strong><\/p>\n\n\n\n<figure class=\"wp-block-gallery has-nested-images columns-2 is-cropped wp-block-gallery-1 is-layout-flex wp-block-gallery-is-layout-flex\">\n<figure class=\"wp-block-image size-large\"><img decoding=\"async\" data-id=\"52300\" src=\"https:\/\/moda.covermagazin.com\/wp-content\/uploads\/2022\/04\/Patrizia-Pepe-svecane-haljine-1-1.jpg\" alt=\"Patrizia Pepe sve\u010dane haljine\" class=\"wp-image-52300\"\/><figcaption class=\"wp-element-caption\">Patrizia Pepe sve\u010dane haljine<\/figcaption><\/figure>\n\n\n\n<figure class=\"wp-block-image size-large\"><img decoding=\"async\" data-id=\"52301\" src=\"https:\/\/moda.covermagazin.com\/wp-content\/uploads\/2022\/04\/Patrizia-Pepe-svecane-haljine-2.jpg\" alt=\"Patrizia Pepe sve\u010dane haljine\" class=\"wp-image-52301\"\/><figcaption class=\"wp-element-caption\">Patrizia Pepe sve\u010dane haljine<\/figcaption><\/figure>\n\n\n\n<figure class=\"wp-block-image size-large\"><img decoding=\"async\" data-id=\"52302\" src=\"https:\/\/moda.covermagazin.com\/wp-content\/uploads\/2022\/04\/Patrizia-Pepe-svecane-haljine-3.jpg\" alt=\"Patrizia Pepe sve\u010dane haljine\" class=\"wp-image-52302\"\/><figcaption class=\"wp-element-caption\">Patrizia Pepe sve\u010dane haljine<\/figcaption><\/figure>\n\n\n\n<figure class=\"wp-block-image size-large\"><img decoding=\"async\" data-id=\"52303\" src=\"https:\/\/moda.covermagazin.com\/wp-content\/uploads\/2022\/04\/Patrizia-Pepe-svecane-haljine-4.jpg\" alt=\"Patrizia Pepe sve\u010dane haljine\" class=\"wp-image-52303\"\/><figcaption class=\"wp-element-caption\">Patrizia Pepe sve\u010dane haljine<\/figcaption><\/figure>\n\n\n\n<figure class=\"wp-block-image size-large\"><img decoding=\"async\" data-id=\"52304\" src=\"https:\/\/moda.covermagazin.com\/wp-content\/uploads\/2022\/04\/Patrizia-Pepe-svecane-haljine-5.jpg\" alt=\"Patrizia Pepe sve\u010dane haljine\" class=\"wp-image-52304\"\/><figcaption class=\"wp-element-caption\">Patrizia Pepe sve\u010dane haljine<\/figcaption><\/figure>\n\n\n\n<figure class=\"wp-block-image size-large\"><img decoding=\"async\" data-id=\"52305\" src=\"https:\/\/moda.covermagazin.com\/wp-content\/uploads\/2022\/04\/Patrizia-Pepe-svecane-haljine-6.jpg\" alt=\"Patrizia Pepe sve\u010dane haljine\" class=\"wp-image-52305\"\/><figcaption class=\"wp-element-caption\">Patrizia Pepe sve\u010dane haljine<\/figcaption><\/figure>\n\n\n\n<figure class=\"wp-block-image size-large\"><img decoding=\"async\" data-id=\"52306\" src=\"https:\/\/moda.covermagazin.com\/wp-content\/uploads\/2022\/04\/Patrizia-Pepe-svecane-haljine-7.jpg\" alt=\"Patrizia Pepe sve\u010dane haljine\" class=\"wp-image-52306\"\/><figcaption class=\"wp-element-caption\">Patrizia Pepe sve\u010dane haljine<\/figcaption><\/figure>\n<\/figure>\n\n\n\n<p>Vezano:<\/p>\n\n\n\n<figure class=\"wp-block-embed is-type-wp-embed is-provider-moda wp-block-embed-moda\"><div class=\"wp-block-embed__wrapper\">\n<blockquote class=\"wp-embedded-content\" data-secret=\"XrYzSz46sE\"><a href=\"https:\/\/moda.covermagazin.com\/?p=37449\">Sve\u010dane haljine &#8211; najnoviji trendovi<\/a><\/blockquote><iframe loading=\"lazy\" class=\"wp-embedded-content\" sandbox=\"allow-scripts\" security=\"restricted\" style=\"position: absolute; visibility: hidden;\" title=\"&#8220;Sve\u010dane haljine &#8211; najnoviji trendovi&#8221; &#8212; Moda\" src=\"https:\/\/moda.covermagazin.com\/?p=37449&#038;embed=true#?secret=mZ0UT7GLwb#?secret=XrYzSz46sE\" data-secret=\"XrYzSz46sE\" width=\"500\" height=\"282\" frameborder=\"0\" marginwidth=\"0\" marginheight=\"0\" scrolling=\"no\"><\/iframe>\n<\/div><\/figure>\n\n\n\n<figure class=\"wp-block-embed is-type-wp-embed is-provider-moda wp-block-embed-moda\"><div class=\"wp-block-embed__wrapper\">\n<blockquote class=\"wp-embedded-content\" data-secret=\"xTpm4dIsFQ\"><a href=\"https:\/\/moda.covermagazin.com\/?p=37460\">Moderne duge sve\u010dane haljine za 2025.<\/a><\/blockquote><iframe loading=\"lazy\" class=\"wp-embedded-content\" sandbox=\"allow-scripts\" security=\"restricted\" style=\"position: absolute; visibility: hidden;\" title=\"&#8220;Moderne duge sve\u010dane haljine za 2025.&#8221; &#8212; Moda\" src=\"https:\/\/moda.covermagazin.com\/?p=37460&#038;embed=true#?secret=6C4IJNiTDe#?secret=xTpm4dIsFQ\" data-secret=\"xTpm4dIsFQ\" width=\"500\" height=\"282\" frameborder=\"0\" marginwidth=\"0\" marginheight=\"0\" scrolling=\"no\"><\/iframe>\n<\/div><\/figure>\n\n\n\n<figure class=\"wp-block-embed is-type-wp-embed is-provider-moda wp-block-embed-moda\"><div class=\"wp-block-embed__wrapper\">\n<blockquote class=\"wp-embedded-content\" data-secret=\"OyG4ieCPXb\"><a href=\"https:\/\/moda.covermagazin.com\/?p=26981\">30 sve\u010danih haljina popularnih marki, H&amp;M, C&amp;A i Zara za 2025.<\/a><\/blockquote><iframe loading=\"lazy\" class=\"wp-embedded-content\" sandbox=\"allow-scripts\" security=\"restricted\" style=\"position: absolute; visibility: hidden;\" title=\"&#8220;30 sve\u010danih haljina popularnih marki, H&amp;M, C&amp;A i Zara za 2025.&#8221; &#8212; Moda\" src=\"https:\/\/moda.covermagazin.com\/?p=26981&#038;embed=true#?secret=Gl0Es7f7GA#?secret=OyG4ieCPXb\" data-secret=\"OyG4ieCPXb\" width=\"500\" height=\"282\" frameborder=\"0\" marginwidth=\"0\" marginheight=\"0\" scrolling=\"no\"><\/iframe>\n<\/div><\/figure>\n\n\n\n<figure class=\"wp-block-embed is-type-wp-embed is-provider-moda wp-block-embed-moda\"><div class=\"wp-block-embed__wrapper\">\n<blockquote class=\"wp-embedded-content\" data-secret=\"tfaDjuTB8w\"><a href=\"https:\/\/moda.covermagazin.com\/?p=28937\">Haljina prema tipu tijela: kako prekriti nedostatke<\/a><\/blockquote><iframe loading=\"lazy\" class=\"wp-embedded-content\" sandbox=\"allow-scripts\" security=\"restricted\" style=\"position: absolute; visibility: hidden;\" title=\"&#8220;Haljina prema tipu tijela: kako prekriti nedostatke&#8221; &#8212; Moda\" src=\"https:\/\/moda.covermagazin.com\/?p=28937&#038;embed=true#?secret=pNjT8s8Wvs#?secret=tfaDjuTB8w\" data-secret=\"tfaDjuTB8w\" width=\"500\" height=\"282\" frameborder=\"0\" marginwidth=\"0\" marginheight=\"0\" scrolling=\"no\"><\/iframe>\n<\/div><\/figure>\n","protected":false},"excerpt":{"rendered":"<p>Odli\u010dne Patrizia Pepe sve\u010dane haljine U Patrizia Pepe kolekciji sve\u010danih haljina dominiraju jednobojne te cvjetne haljine. Upe\u010datljive plave haljine raznih nijansi jedan su od glavnih trendova sezone. Moderne Patrizia Pepe sve\u010dane haljine su razli\u010ditih duljina, kratke, midi, kao i duge. Cvjetna duga haljina mo\u017ee biti odli\u010dan izbor za brojne prilike budu\u0107i da nije pretjerano sve\u010dana, [&hellip;]<\/p>\n","protected":false},"author":3,"featured_media":0,"comment_status":"open","ping_status":"open","sticky":false,"template":"","format":"standard","meta":{"footnotes":""},"categories":[114],"tags":[1194,1209,1225,1347,1497,1506,1092,1204,1505],"class_list":["post-41392","post","type-post","status-publish","format-standard","hentry","category-dizajneri_modne_galerije","tag-elegantne-haljine","tag-haljine","tag-haljine_za_svadbu","tag-svecane-haljine-za-svadbu","tag-haljine-za-vjencanje","tag-svecana-moda","tag-svecane-haljine","tag-svecane-haljine-2019","tag-vecernja-moda"],"_links":{"self":[{"href":"https:\/\/moda.covermagazin.com\/index.php?rest_route=\/wp\/v2\/posts\/41392","targetHints":{"allow":["GET"]}}],"collection":[{"href":"https:\/\/moda.covermagazin.com\/index.php?rest_route=\/wp\/v2\/posts"}],"about":[{"href":"https:\/\/moda.covermagazin.com\/index.php?rest_route=\/wp\/v2\/types\/post"}],"author":[{"embeddable":true,"href":"https:\/\/moda.covermagazin.com\/index.php?rest_route=\/wp\/v2\/users\/3"}],"replies":[{"embeddable":true,"href":"https:\/\/moda.covermagazin.com\/index.php?rest_route=%2Fwp%2Fv2%2Fcomments&post=41392"}],"version-history":[{"count":4,"href":"https:\/\/moda.covermagazin.com\/index.php?rest_route=\/wp\/v2\/posts\/41392\/revisions"}],"predecessor-version":[{"id":52307,"href":"https:\/\/moda.covermagazin.com\/index.php?rest_route=\/wp\/v2\/posts\/41392\/revisions\/52307"}],"wp:attachment":[{"href":"https:\/\/moda.covermagazin.com\/index.php?rest_route=%2Fwp%2Fv2%2Fmedia&parent=41392"}],"wp:term":[{"taxonomy":"category","embeddable":true,"href":"https:\/\/moda.covermagazin.com\/index.php?rest_route=%2Fwp%2Fv2%2Fcategories&post=41392"},{"taxonomy":"post_tag","embeddable":true,"href":"https:\/\/moda.covermagazin.com\/index.php?rest_route=%2Fwp%2Fv2%2Ftags&post=41392"}],"curies":[{"name":"wp","href":"https:\/\/api.w.org\/{rel}","templated":true}]}}