{"id":406,"date":"2009-08-10T15:35:15","date_gmt":"2009-08-10T13:35:15","guid":{"rendered":"http:\/\/moda.covermagazin.com\/?p=406"},"modified":"2009-08-18T15:23:14","modified_gmt":"2009-08-18T13:23:14","slug":"obame-na-vrhu-ljestvice-najbolje-odjevenih","status":"publish","type":"post","link":"https:\/\/moda.covermagazin.com\/?p=406","title":{"rendered":"Obame na vrhu ljestvice najbolje odjevenih"},"content":{"rendered":"<h3><a href=\"http:\/\/moda.covermagazin.com\/wp-content\/uploads\/2009\/08\/obama.JPG\"><img loading=\"lazy\" decoding=\"async\" class=\"aligncenter size-full wp-image-407\" title=\"obama\" src=\"http:\/\/moda.covermagazin.com\/wp-content\/uploads\/2009\/08\/obama.JPG\" alt=\"obama\" width=\"300\" height=\"387\" \/><\/a><\/h3>\n<h3>Obame na vrhu ljestvice najbolje odjevenih<\/h3>\n<p>\u010cesto \u010ditamo o stilu Michelle Obama. Ona se spominje me\u0111u najbolje odjevenim \u017eenama na svijetu, me\u0111utim na listi najbolje odjevenih mu\u0161karaca u posljednjem izdanju \u010dasopisa Vanity Fair na\u0161ao se Barack Obama.<\/p>\n<p>Predsjednik SAD-a ka\u017ee kako je sve do prije nekoliko godina imao samo par odjela, te kako ga je Michelle nau\u010dila svemu vezano uz stil.<\/p>\n<p>Michelle Obama na\u0161la se u kategoriji najbolje odjevenih prvih dama uz neizostavnu Carlu Bruni-Sarkozy<\/p>\n","protected":false},"excerpt":{"rendered":"<p>\u010cesto \u010ditamo o stilu Michelle Obama. Ona se spominje me\u0111u najbolje odjevenim \u017eenama na svijetu&#8230;<\/p>\n","protected":false},"author":1,"featured_media":0,"comment_status":"open","ping_status":"open","sticky":false,"template":"","format":"standard","meta":{"footnotes":""},"categories":[5],"tags":[],"class_list":["post-406","post","type-post","status-publish","format-standard","hentry","category-style_news"],"_links":{"self":[{"href":"https:\/\/moda.covermagazin.com\/index.php?rest_route=\/wp\/v2\/posts\/406","targetHints":{"allow":["GET"]}}],"collection":[{"href":"https:\/\/moda.covermagazin.com\/index.php?rest_route=\/wp\/v2\/posts"}],"about":[{"href":"https:\/\/moda.covermagazin.com\/index.php?rest_route=\/wp\/v2\/types\/post"}],"author":[{"embeddable":true,"href":"https:\/\/moda.covermagazin.com\/index.php?rest_route=\/wp\/v2\/users\/1"}],"replies":[{"embeddable":true,"href":"https:\/\/moda.covermagazin.com\/index.php?rest_route=%2Fwp%2Fv2%2Fcomments&post=406"}],"version-history":[{"count":3,"href":"https:\/\/moda.covermagazin.com\/index.php?rest_route=\/wp\/v2\/posts\/406\/revisions"}],"predecessor-version":[{"id":460,"href":"https:\/\/moda.covermagazin.com\/index.php?rest_route=\/wp\/v2\/posts\/406\/revisions\/460"}],"wp:attachment":[{"href":"https:\/\/moda.covermagazin.com\/index.php?rest_route=%2Fwp%2Fv2%2Fmedia&parent=406"}],"wp:term":[{"taxonomy":"category","embeddable":true,"href":"https:\/\/moda.covermagazin.com\/index.php?rest_route=%2Fwp%2Fv2%2Fcategories&post=406"},{"taxonomy":"post_tag","embeddable":true,"href":"https:\/\/moda.covermagazin.com\/index.php?rest_route=%2Fwp%2Fv2%2Ftags&post=406"}],"curies":[{"name":"wp","href":"https:\/\/api.w.org\/{rel}","templated":true}]}}