{"id":39502,"date":"2024-09-01T11:13:00","date_gmt":"2024-09-01T09:13:00","guid":{"rendered":"https:\/\/moda.covermagazin.com\/?p=39502"},"modified":"2024-10-09T14:35:49","modified_gmt":"2024-10-09T12:35:49","slug":"moderne-cizme-za-snijeg-i-hladne-dane","status":"publish","type":"post","link":"https:\/\/moda.covermagazin.com\/?p=39502","title":{"rendered":"Moderne \u010dizme za snijeg i hladne dane"},"content":{"rendered":"\n<figure class=\"wp-block-image size-full\"><img decoding=\"async\" src=\"https:\/\/moda.covermagazin.com\/wp-content\/uploads\/2022\/11\/Zimske-cizme.jpg\" alt=\"\" class=\"wp-image-49133\"\/><\/figure>\n\n\n\n<h2 class=\"wp-block-heading\">Moderne \u010dizme za snijeg i hladne dane<\/h2>\n\n\n\n<p>Ove sezone \u010dizme za snijeg nose se ne samo na skijali\u0161ta, nego i po gradu, pa je va\u017enije nego ikad odabrati dobre i kvalitetne \u010dizme za snijeg, jer \u0107ete u njima ove sezone vjerojatno provesti vi\u0161e vremena nego i u jednim \u010dizmama za snijeg do sada.<\/p>\n\n\n\n<p>\u010cizme za snijeg s vezicama su posebno popularne, kao i \u010dizme s dodacima krzna ili obrnutim krznenim ulo\u0161cima.<\/p>\n\n\n\n<p>Top trendovi modernih \u010dizma za zimu i snijeg u sezoni zima<\/p>\n\n\n\n<figure class=\"wp-block-gallery has-nested-images columns-default is-cropped wp-block-gallery-1 is-layout-flex wp-block-gallery-is-layout-flex\">\n<figure class=\"wp-block-image size-large\"><img decoding=\"async\" data-id=\"43380\" src=\"https:\/\/moda.covermagazin.com\/wp-content\/uploads\/2022\/11\/Cizme-2022-5.jpg\" alt=\"\" class=\"wp-image-43380\"\/><\/figure>\n\n\n\n<figure class=\"wp-block-image size-large\"><img decoding=\"async\" data-id=\"43384\" src=\"https:\/\/moda.covermagazin.com\/wp-content\/uploads\/2022\/11\/Cizme-2022-1.jpg\" alt=\"\" class=\"wp-image-43384\"\/><\/figure>\n\n\n\n<figure class=\"wp-block-image size-large\"><img decoding=\"async\" data-id=\"43382\" src=\"https:\/\/moda.covermagazin.com\/wp-content\/uploads\/2022\/11\/Cizme-2022-3.jpg\" alt=\"\" class=\"wp-image-43382\"\/><\/figure>\n\n\n\n<figure class=\"wp-block-image size-large\"><img decoding=\"async\" data-id=\"43381\" src=\"https:\/\/moda.covermagazin.com\/wp-content\/uploads\/2022\/11\/Cizme-2022-4.jpg\" alt=\"\" class=\"wp-image-43381\"\/><\/figure>\n\n\n\n<figure class=\"wp-block-image size-large\"><img decoding=\"async\" data-id=\"43383\" src=\"https:\/\/moda.covermagazin.com\/wp-content\/uploads\/2022\/11\/Cizme-2022-2.jpg\" alt=\"\" class=\"wp-image-43383\"\/><\/figure>\n<\/figure>\n\n\n\n<p>\u010cizme za snijeg iz novijih kolekcija poznatih dizajnera, a koje su moderne u sezoni zima 2022 \/2023. <\/p>\n\n\n\n<figure class=\"wp-block-gallery has-nested-images columns-2 is-cropped wp-block-gallery-2 is-layout-flex wp-block-gallery-is-layout-flex\">\n<figure class=\"wp-block-image size-large\"><img decoding=\"async\" data-id=\"39504\" src=\"https:\/\/moda.covermagazin.com\/wp-content\/uploads\/2021\/12\/cizme-za-sniejg-9.jpg\" alt=\"\" class=\"wp-image-39504\"\/><figcaption class=\"wp-element-caption\">Valentino<\/figcaption><\/figure>\n\n\n\n<figure class=\"wp-block-image size-large\"><img decoding=\"async\" data-id=\"39505\" src=\"https:\/\/moda.covermagazin.com\/wp-content\/uploads\/2021\/12\/cizme-za-sniejg-8.jpg\" alt=\"\" class=\"wp-image-39505\"\/><figcaption class=\"wp-element-caption\">Dolce&amp;Gabbana<\/figcaption><\/figure>\n\n\n\n<figure class=\"wp-block-image size-large\"><img decoding=\"async\" data-id=\"39506\" src=\"https:\/\/moda.covermagazin.com\/wp-content\/uploads\/2021\/12\/cizme-za-sniejg-7.jpg\" alt=\"\" class=\"wp-image-39506\"\/><figcaption class=\"wp-element-caption\">Prada<\/figcaption><\/figure>\n\n\n\n<figure class=\"wp-block-image size-large\"><img decoding=\"async\" data-id=\"39508\" src=\"https:\/\/moda.covermagazin.com\/wp-content\/uploads\/2021\/12\/cizme-za-sniejg-6.jpg\" alt=\"\" class=\"wp-image-39508\"\/><figcaption class=\"wp-element-caption\">Sorel<\/figcaption><\/figure>\n\n\n\n<figure class=\"wp-block-image size-large\"><img decoding=\"async\" data-id=\"39509\" src=\"https:\/\/moda.covermagazin.com\/wp-content\/uploads\/2021\/12\/cizme-za-sniejg-5.jpg\" alt=\"\" class=\"wp-image-39509\"\/><figcaption class=\"wp-element-caption\">UGG<\/figcaption><\/figure>\n\n\n\n<figure class=\"wp-block-image size-large\"><img decoding=\"async\" data-id=\"39510\" src=\"https:\/\/moda.covermagazin.com\/wp-content\/uploads\/2021\/12\/cizme-za-sniejg-4.jpg\" alt=\"\" class=\"wp-image-39510\"\/><figcaption class=\"wp-element-caption\">Cougar<\/figcaption><\/figure>\n\n\n\n<figure class=\"wp-block-image size-large\"><img decoding=\"async\" data-id=\"39511\" src=\"https:\/\/moda.covermagazin.com\/wp-content\/uploads\/2021\/12\/cizme-za-sniejg-3.jpg\" alt=\"\" class=\"wp-image-39511\"\/><figcaption class=\"wp-element-caption\">Inuikii<\/figcaption><\/figure>\n\n\n\n<figure class=\"wp-block-image size-large\"><img decoding=\"async\" data-id=\"39512\" src=\"https:\/\/moda.covermagazin.com\/wp-content\/uploads\/2021\/12\/cizme-za-sniejg-2.jpg\" alt=\"\" class=\"wp-image-39512\"\/><figcaption class=\"wp-element-caption\">Moon Boot<\/figcaption><\/figure>\n\n\n\n<figure class=\"wp-block-image size-large\"><img decoding=\"async\" data-id=\"39513\" src=\"https:\/\/moda.covermagazin.com\/wp-content\/uploads\/2021\/12\/cizme-za-sniejg-1.jpg\" alt=\"\" class=\"wp-image-39513\"\/><figcaption class=\"wp-element-caption\">Moon Boot<\/figcaption><\/figure>\n<\/figure>\n\n\n\n<p><a href=\"https:\/\/moda.covermagazin.com\/?p=26651\">Op\u0161irnije o modernim \u010dizmama za zimu<\/a> <\/p>\n\n\n\n<figure class=\"wp-block-embed is-type-wp-embed is-provider-moda wp-block-embed-moda\"><div class=\"wp-block-embed__wrapper\">\n<blockquote class=\"wp-embedded-content\" data-secret=\"PQfqj2qNXh\"><a href=\"https:\/\/moda.covermagazin.com\/?p=26651\">Kompletan vodi\u010d za kupovinu &#8211;  \u010dizme za jesen &#8211; zimu 2024 \/ 2025.<\/a><\/blockquote><iframe loading=\"lazy\" class=\"wp-embedded-content\" sandbox=\"allow-scripts\" security=\"restricted\" style=\"position: absolute; visibility: hidden;\" title=\"&#8220;Kompletan vodi\u010d za kupovinu &#8211;  \u010dizme za jesen &#8211; zimu 2024 \/ 2025.&#8221; &#8212; Moda \" src=\"https:\/\/moda.covermagazin.com\/?p=26651&#038;embed=true#?secret=UqGR7iXCT7#?secret=PQfqj2qNXh\" data-secret=\"PQfqj2qNXh\" width=\"500\" height=\"282\" frameborder=\"0\" marginwidth=\"0\" marginheight=\"0\" scrolling=\"no\"><\/iframe>\n<\/div><\/figure>\n","protected":false},"excerpt":{"rendered":"<p>Moderne \u010dizme za snijeg i hladne dane Ove sezone \u010dizme za snijeg nose se ne samo na skijali\u0161ta, nego i po gradu, pa je va\u017enije nego ikad odabrati dobre i kvalitetne \u010dizme za snijeg, jer \u0107ete u njima ove sezone vjerojatno provesti vi\u0161e vremena nego i u jednim \u010dizmama za snijeg do sada. \u010cizme za [&hellip;]<\/p>\n","protected":false},"author":1,"featured_media":0,"comment_status":"open","ping_status":"open","sticky":false,"template":"","format":"standard","meta":{"footnotes":""},"categories":[1043],"tags":[1095,1331,1098,1103],"class_list":["post-39502","post","type-post","status-publish","format-standard","hentry","category-moda-2018","tag-cizme-2019","tag-moda-zima","tag-moderne-cizme","tag-cizme"],"_links":{"self":[{"href":"https:\/\/moda.covermagazin.com\/index.php?rest_route=\/wp\/v2\/posts\/39502","targetHints":{"allow":["GET"]}}],"collection":[{"href":"https:\/\/moda.covermagazin.com\/index.php?rest_route=\/wp\/v2\/posts"}],"about":[{"href":"https:\/\/moda.covermagazin.com\/index.php?rest_route=\/wp\/v2\/types\/post"}],"author":[{"embeddable":true,"href":"https:\/\/moda.covermagazin.com\/index.php?rest_route=\/wp\/v2\/users\/1"}],"replies":[{"embeddable":true,"href":"https:\/\/moda.covermagazin.com\/index.php?rest_route=%2Fwp%2Fv2%2Fcomments&post=39502"}],"version-history":[{"count":6,"href":"https:\/\/moda.covermagazin.com\/index.php?rest_route=\/wp\/v2\/posts\/39502\/revisions"}],"predecessor-version":[{"id":49134,"href":"https:\/\/moda.covermagazin.com\/index.php?rest_route=\/wp\/v2\/posts\/39502\/revisions\/49134"}],"wp:attachment":[{"href":"https:\/\/moda.covermagazin.com\/index.php?rest_route=%2Fwp%2Fv2%2Fmedia&parent=39502"}],"wp:term":[{"taxonomy":"category","embeddable":true,"href":"https:\/\/moda.covermagazin.com\/index.php?rest_route=%2Fwp%2Fv2%2Fcategories&post=39502"},{"taxonomy":"post_tag","embeddable":true,"href":"https:\/\/moda.covermagazin.com\/index.php?rest_route=%2Fwp%2Fv2%2Ftags&post=39502"}],"curies":[{"name":"wp","href":"https:\/\/api.w.org\/{rel}","templated":true}]}}