{"id":39026,"date":"2025-01-02T12:57:15","date_gmt":"2025-01-02T10:57:15","guid":{"rendered":"https:\/\/moda.covermagazin.com\/?p=39026"},"modified":"2025-01-08T19:04:45","modified_gmt":"2025-01-08T17:04:45","slug":"najnovije-bob-frizure-poznatih","status":"publish","type":"post","link":"https:\/\/moda.covermagazin.com\/?p=39026","title":{"rendered":"Najnovije bob frizure poznatih"},"content":{"rendered":"\n<figure class=\"wp-block-image size-full\"><img decoding=\"async\" src=\"https:\/\/moda.covermagazin.com\/wp-content\/uploads\/2024\/02\/bob-frizure-3-1.jpg\" alt=\"\" class=\"wp-image-45692\"\/><\/figure>\n\n\n\n<h2 class=\"wp-block-heading\">Najnovije bob frizure poznatih<\/h2>\n\n\n\n<p>Kako je i valovita i ravna bob frizura jednako moderna, \u010dini se kako posljednjih dana sve zvijezde koje preferiraju bob, ravnopravno nose i jedan i drugi stil ovisno o prilici.  Najpopularnija du\u017ena je izme\u0111u brade i ramena, a u jednakoj mjeri nose bob frizuru na stranu ili s razdjeljkom na sredini.<\/p>\n\n\n\n<p><br>Bob frizura \u017eenama koje dugo vremena nose dugu kosu mo\u017ee biti veliki korak, pa inspiracija u frizurama poznatih mo\u017ee biti dobar poticaj. <\/p>\n\n\n\n<p>U svakom slu\u010daju  bob frizura za aktualnu sezonu je vi\u0161e nego popularna, a vra\u0107aju joj se i one zvijezde kod kojih smo navikli na du\u017eu kosu. Bob frizure u ovoj sezoni su pravi hit, a pretpostavljamo da \u0107e kada krene transformacija iz zimskih mjeseci prema proljetnima bob frizure uhvatiti jo\u0161 ve\u0107i zamah.  <\/p>\n\n\n\n<p>Sve fotografije ispod snimljene su posljednjih nekoliko dana, a to samo govori koliko je bob popularan i koliko ga zvijezda nosi. <\/p>\n\n\n\n<h3 class=\"wp-block-heading\">Bob frizure poznatih<\/h3>\n\n\n\n<figure class=\"wp-block-image size-large\"><img decoding=\"async\" src=\"https:\/\/moda.covermagazin.com\/wp-content\/uploads\/2024\/12\/Fenomenalne-bob-frizure-2024-12.jpg\" alt=\"\" class=\"wp-image-50992\"\/><\/figure>\n\n\n\n<figure class=\"wp-block-image size-large\"><img decoding=\"async\" src=\"https:\/\/moda.covermagazin.com\/wp-content\/uploads\/2024\/12\/Fenomenalne-bob-frizure-2024-2.jpg\" alt=\"\" class=\"wp-image-50986\"\/><\/figure>\n\n\n\n<figure class=\"wp-block-image size-large\"><img decoding=\"async\" src=\"https:\/\/moda.covermagazin.com\/wp-content\/uploads\/2024\/12\/Fenomenalne-bob-frizure-2024-10.jpg\" alt=\"\" class=\"wp-image-50993\"\/><\/figure>\n\n\n\n<figure class=\"wp-block-image size-large\"><img decoding=\"async\" src=\"https:\/\/moda.covermagazin.com\/wp-content\/uploads\/2024\/12\/Fenomenalne-bob-frizure-2024-5.jpg\" alt=\"\" class=\"wp-image-50990\"\/><\/figure>\n\n\n\n<figure class=\"wp-block-image size-large\"><img decoding=\"async\" src=\"https:\/\/moda.covermagazin.com\/wp-content\/uploads\/2024\/12\/Fenomenalne-bob-frizure-2024-11.jpg\" alt=\"\" class=\"wp-image-50997\"\/><\/figure>\n\n\n\n<figure class=\"wp-block-image size-large\"><img decoding=\"async\" src=\"https:\/\/moda.covermagazin.com\/wp-content\/uploads\/2024\/12\/Fenomenalne-bob-frizure-2024-9.jpg\" alt=\"\" class=\"wp-image-50988\"\/><\/figure>\n\n\n\n<figure class=\"wp-block-image size-large\"><img decoding=\"async\" src=\"https:\/\/moda.covermagazin.com\/wp-content\/uploads\/2024\/12\/Fenomenalne-bob-frizure-2024-14.jpg\" alt=\"\" class=\"wp-image-50996\"\/><\/figure>\n\n\n\n<figure class=\"wp-block-image size-large\"><img decoding=\"async\" src=\"https:\/\/moda.covermagazin.com\/wp-content\/uploads\/2024\/12\/Fenomenalne-bob-frizure-2024-8.jpg\" alt=\"\" class=\"wp-image-50995\"\/><\/figure>\n\n\n\n<figure class=\"wp-block-image size-large\"><img decoding=\"async\" src=\"https:\/\/moda.covermagazin.com\/wp-content\/uploads\/2024\/12\/Fenomenalne-bob-frizure-2024-4.jpg\" alt=\"\" class=\"wp-image-50987\"\/><\/figure>\n\n\n\n<figure class=\"wp-block-image size-large\"><img decoding=\"async\" src=\"https:\/\/moda.covermagazin.com\/wp-content\/uploads\/2024\/12\/Fenomenalne-bob-frizure-2024-13.jpg\" alt=\"\" class=\"wp-image-50994\"\/><\/figure>\n\n\n\n<figure class=\"wp-block-image size-large\"><img decoding=\"async\" src=\"https:\/\/moda.covermagazin.com\/wp-content\/uploads\/2024\/12\/Fenomenalne-bob-frizure-2024-7.jpg\" alt=\"\" class=\"wp-image-50989\"\/><\/figure>\n\n\n\n<figure class=\"wp-block-image size-large\"><img decoding=\"async\" src=\"https:\/\/moda.covermagazin.com\/wp-content\/uploads\/2024\/12\/Fenomenalne-bob-frizure-2024-6.jpg\" alt=\"\" class=\"wp-image-50991\"\/><\/figure>\n\n\n\n<figure class=\"wp-block-image size-large\"><img decoding=\"async\" src=\"https:\/\/moda.covermagazin.com\/wp-content\/uploads\/2024\/12\/Fenomenalne-bob-frizure-2024-3.jpg\" alt=\"\" class=\"wp-image-50985\"\/><\/figure>\n\n\n\n<figure class=\"wp-block-image size-large\"><img decoding=\"async\" src=\"https:\/\/moda.covermagazin.com\/wp-content\/uploads\/2024\/12\/Fenomenalne-bob-frizure-2024-1.jpg\" alt=\"\" class=\"wp-image-50984\"\/><\/figure>\n\n\n\n<figure class=\"wp-block-image size-large\"><img decoding=\"async\" src=\"https:\/\/moda.covermagazin.com\/wp-content\/uploads\/2024\/10\/Haljine-za-koktel-parti-ili-za-izlaske-u-klubove.jpg\" alt=\"\" class=\"wp-image-50978\"\/><\/figure>\n\n\n\n<figure class=\"wp-block-image size-large\"><img decoding=\"async\" src=\"https:\/\/moda.covermagazin.com\/wp-content\/uploads\/2024\/12\/jakne-za-2025-kakve-jakne-nose-zvijezde-1-1.jpg\" alt=\"\" class=\"wp-image-50931\"\/><\/figure>\n\n\n\n<figure class=\"wp-block-image size-large\"><img decoding=\"async\" src=\"https:\/\/moda.covermagazin.com\/wp-content\/uploads\/2012\/03\/Moderne-frizure-za-proljece-ljeto-2025-cover.jpg\" alt=\"\" class=\"wp-image-50751\"\/><\/figure>\n\n\n\n<figure class=\"wp-block-image size-large\"><img decoding=\"async\" src=\"https:\/\/moda.covermagazin.com\/wp-content\/uploads\/2012\/03\/Moderne-frizure-za-proljece-ljeto-2025-1.jpg\" alt=\"\" class=\"wp-image-50752\"\/><\/figure>\n\n\n\n<figure class=\"wp-block-image size-large\"><img decoding=\"async\" src=\"https:\/\/moda.covermagazin.com\/wp-content\/uploads\/2012\/03\/Proljece-i-ljeto-\u2013Frizure-za-srednje-dugu-kosu-4.jpg\" alt=\"\" class=\"wp-image-50757\"\/><\/figure>\n\n\n\n<figure class=\"wp-block-image size-large\"><img decoding=\"async\" src=\"https:\/\/moda.covermagazin.com\/wp-content\/uploads\/2012\/03\/Proljece-i-ljeto-\u2013Frizure-za-srednje-dugu-kosu-3.jpg\" alt=\"\" class=\"wp-image-50758\"\/><\/figure>\n\n\n\n<figure class=\"wp-block-image size-large\"><img decoding=\"async\" src=\"https:\/\/moda.covermagazin.com\/wp-content\/uploads\/2014\/09\/Moderne-frizure-za-proljece-ljeto-2025-cover.jpg\" alt=\"\" class=\"wp-image-50743\"\/><\/figure>\n\n\n\n<figure class=\"wp-block-image size-large\"><img decoding=\"async\" src=\"https:\/\/moda.covermagazin.com\/wp-content\/uploads\/2014\/09\/Moderne-frizure-za-proljece-ljeto-2025-1.jpg\" alt=\"\" class=\"wp-image-50742\"\/><\/figure>\n\n\n\n<figure class=\"wp-block-image size-large\"><img decoding=\"async\" src=\"https:\/\/moda.covermagazin.com\/wp-content\/uploads\/2021\/02\/srednje-kratke-frizure-bob-i-lob-2.jpg\" alt=\"\" class=\"wp-image-50733\"\/><\/figure>\n\n\n\n<figure class=\"wp-block-image size-large\"><img decoding=\"async\" src=\"https:\/\/moda.covermagazin.com\/wp-content\/uploads\/2022\/03\/aktualne-frizure-14-1.jpg\" alt=\"\" class=\"wp-image-50676\"\/><\/figure>\n\n\n\n<figure class=\"wp-block-image size-large\"><img decoding=\"async\" src=\"https:\/\/moda.covermagazin.com\/wp-content\/uploads\/2022\/03\/aktualne-frizure-11.jpg\" alt=\"\" class=\"wp-image-50671\"\/><\/figure>\n\n\n\n<h4 class=\"wp-block-heading\">Frizure poznatih iz pro\u0161le sezone prolje\u0107e &#8211; ljeto.<\/h4>\n\n\n\n<figure class=\"wp-block-gallery has-nested-images columns-2 is-cropped wp-block-gallery-1 is-layout-flex wp-block-gallery-is-layout-flex\">\n<figure class=\"wp-block-image size-large\"><img loading=\"lazy\" decoding=\"async\" width=\"1024\" height=\"683\" data-id=\"45686\" src=\"https:\/\/moda.covermagazin.com\/wp-content\/uploads\/2024\/02\/cover-moda-2-1024x683.jpg\" alt=\"\" class=\"wp-image-45686\" srcset=\"https:\/\/moda.covermagazin.com\/wp-content\/uploads\/2024\/02\/cover-moda-2-1024x683.jpg 1024w, https:\/\/moda.covermagazin.com\/wp-content\/uploads\/2024\/02\/cover-moda-2-300x200.jpg 300w, https:\/\/moda.covermagazin.com\/wp-content\/uploads\/2024\/02\/cover-moda-2-768x512.jpg 768w, https:\/\/moda.covermagazin.com\/wp-content\/uploads\/2024\/02\/cover-moda-2.jpg 1279w\" sizes=\"auto, (max-width: 1024px) 100vw, 1024px\" \/><\/figure>\n\n\n\n<figure class=\"wp-block-image size-large\"><img decoding=\"async\" data-id=\"45688\" src=\"https:\/\/moda.covermagazin.com\/wp-content\/uploads\/2024\/02\/bob-frizure-3.jpg\" alt=\"\" class=\"wp-image-45688\"\/><\/figure>\n\n\n\n<figure class=\"wp-block-image size-large\"><img loading=\"lazy\" decoding=\"async\" width=\"600\" height=\"400\" data-id=\"45687\" src=\"https:\/\/moda.covermagazin.com\/wp-content\/uploads\/2024\/02\/bob-frizure-2.jpg\" alt=\"\" class=\"wp-image-45687\" srcset=\"https:\/\/moda.covermagazin.com\/wp-content\/uploads\/2024\/02\/bob-frizure-2.jpg 600w, https:\/\/moda.covermagazin.com\/wp-content\/uploads\/2024\/02\/bob-frizure-2-300x200.jpg 300w\" sizes=\"auto, (max-width: 600px) 100vw, 600px\" \/><\/figure>\n\n\n\n<figure class=\"wp-block-image size-large\"><img decoding=\"async\" data-id=\"45689\" src=\"https:\/\/moda.covermagazin.com\/wp-content\/uploads\/2024\/02\/bob-frizure-4.jpg\" alt=\"\" class=\"wp-image-45689\"\/><\/figure>\n<\/figure>\n\n\n\n<h4 class=\"wp-block-heading\">Frizure iz pro\u0161le sezone jesen &#8211; zima <\/h4>\n\n\n\n<figure class=\"wp-block-gallery has-nested-images columns-2 is-cropped wp-block-gallery-2 is-layout-flex wp-block-gallery-is-layout-flex\">\n<figure class=\"wp-block-image size-large\"><img decoding=\"async\" data-id=\"45506\" src=\"https:\/\/moda.covermagazin.com\/wp-content\/uploads\/2023\/12\/bob-frizure-5.jpg\" alt=\"\" class=\"wp-image-45506\"\/><figcaption class=\"wp-element-caption\">Naomi Watts<\/figcaption><\/figure>\n\n\n\n<figure class=\"wp-block-image size-large\"><img decoding=\"async\" data-id=\"45508\" src=\"https:\/\/moda.covermagazin.com\/wp-content\/uploads\/2023\/12\/bob-frizure-3.jpg\" alt=\"\" class=\"wp-image-45508\"\/><figcaption class=\"wp-element-caption\">Carey Mulligan<\/figcaption><\/figure>\n\n\n\n<figure class=\"wp-block-image size-large\"><img decoding=\"async\" data-id=\"45510\" src=\"https:\/\/moda.covermagazin.com\/wp-content\/uploads\/2023\/12\/bob-frizure-2.jpg\" alt=\"\" class=\"wp-image-45510\"\/><figcaption class=\"wp-element-caption\">Charlotte Hawkins<\/figcaption><\/figure>\n\n\n\n<figure class=\"wp-block-image size-large\"><img decoding=\"async\" data-id=\"45509\" src=\"https:\/\/moda.covermagazin.com\/wp-content\/uploads\/2023\/12\/bob-frizure-1-1.jpg\" alt=\"\" class=\"wp-image-45509\"\/><figcaption class=\"wp-element-caption\">Hailey Rhode Bieber<\/figcaption><\/figure>\n\n\n\n<figure class=\"wp-block-image size-large\"><img decoding=\"async\" data-id=\"45507\" src=\"https:\/\/moda.covermagazin.com\/wp-content\/uploads\/2023\/12\/bob-frizure-4.jpg\" alt=\"\" class=\"wp-image-45507\"\/><figcaption class=\"wp-element-caption\">Myleene Klass<\/figcaption><\/figure>\n<\/figure>\n\n\n\n<h4 class=\"wp-block-heading\"><strong>Bob frizure snimljene na poznatima par sezona ranije:<\/strong><\/h4>\n\n\n\n<figure class=\"wp-block-image size-large\"><img decoding=\"async\" src=\"https:\/\/moda.covermagazin.com\/wp-content\/uploads\/2021\/10\/Najnovije-bob-frizure-poznatih-6.jpg\" alt=\"\" class=\"wp-image-39028\"\/><figcaption class=\"wp-element-caption\">Penelope Cruz<\/figcaption><\/figure>\n\n\n\n<figure class=\"wp-block-image size-large\"><img decoding=\"async\" src=\"https:\/\/moda.covermagazin.com\/wp-content\/uploads\/2021\/10\/Najnovije-bob-frizure-poznatih-5.jpg\" alt=\"\" class=\"wp-image-39029\"\/><figcaption class=\"wp-element-caption\">Claire Danes<\/figcaption><\/figure>\n\n\n\n<figure class=\"wp-block-image size-large\"><img decoding=\"async\" src=\"https:\/\/moda.covermagazin.com\/wp-content\/uploads\/2021\/10\/Najnovije-bob-frizure-poznatih-4.jpg\" alt=\"\" class=\"wp-image-39030\"\/><figcaption class=\"wp-element-caption\">Lela Loren<\/figcaption><\/figure>\n\n\n\n<figure class=\"wp-block-image size-large\"><img decoding=\"async\" src=\"https:\/\/moda.covermagazin.com\/wp-content\/uploads\/2021\/10\/Najnovije-bob-frizure-poznatih-3.jpg\" alt=\"\" class=\"wp-image-39031\"\/><figcaption class=\"wp-element-caption\">Charlotte Hawkins<\/figcaption><\/figure>\n\n\n\n<figure class=\"wp-block-image size-large\"><img decoding=\"async\" src=\"https:\/\/moda.covermagazin.com\/wp-content\/uploads\/2021\/10\/Najnovije-bob-frizure-poznatih-2.jpg\" alt=\"\" class=\"wp-image-39032\"\/><figcaption class=\"wp-element-caption\">Sonja Morgan<\/figcaption><\/figure>\n\n\n\n<figure class=\"wp-block-image size-large\"><img decoding=\"async\" src=\"https:\/\/moda.covermagazin.com\/wp-content\/uploads\/2021\/10\/Najnovije-bob-frizure-poznatih-1.jpg\" alt=\"\" class=\"wp-image-39033\"\/><figcaption class=\"wp-element-caption\">Melissa Benoist<\/figcaption><\/figure>\n\n\n\n<p>Vezano:<\/p>\n\n\n\n<p><a href=\"https:\/\/moda.covermagazin.com\/?p=14798\">Bob frizure<\/a><\/p>\n\n\n\n<figure class=\"wp-block-embed is-type-wp-embed is-provider-moda wp-block-embed-moda\"><div class=\"wp-block-embed__wrapper\">\n<blockquote class=\"wp-embedded-content\" data-secret=\"DB5beXgFE3\"><a href=\"https:\/\/moda.covermagazin.com\/?p=14798\">100 ideja za najnovije BOB FRIZURE 2024.<\/a><\/blockquote><iframe loading=\"lazy\" class=\"wp-embedded-content\" sandbox=\"allow-scripts\" security=\"restricted\" style=\"position: absolute; visibility: hidden;\" title=\"&#8220;100 ideja za najnovije BOB FRIZURE 2024.&#8221; &#8212; Moda\" src=\"https:\/\/moda.covermagazin.com\/?p=14798&#038;embed=true#?secret=ofw19puuNl#?secret=DB5beXgFE3\" data-secret=\"DB5beXgFE3\" width=\"500\" height=\"282\" frameborder=\"0\" marginwidth=\"0\" marginheight=\"0\" scrolling=\"no\"><\/iframe>\n<\/div><\/figure>\n\n\n\n<p><\/p>\n","protected":false},"excerpt":{"rendered":"<p>Najnovije bob frizure poznatih Kako je i valovita i ravna bob frizura jednako moderna, \u010dini se kako posljednjih dana sve zvijezde koje preferiraju bob, ravnopravno nose i jedan i drugi stil ovisno o prilici. Najpopularnija du\u017ena je izme\u0111u brade i ramena, a u jednakoj mjeri nose bob frizuru na stranu ili s razdjeljkom na sredini. [&hellip;]<\/p>\n","protected":false},"author":1,"featured_media":0,"comment_status":"open","ping_status":"open","sticky":false,"template":"","format":"standard","meta":{"footnotes":""},"categories":[1043,3],"tags":[1228,1198,1330,1319,1081,1328],"class_list":["post-39026","post","type-post","status-publish","format-standard","hentry","category-moda-2018","category-modni_trendovi","tag-bob-frizura","tag-moderne-frizure-za-poludugu-kosu","tag-moda-jesen","tag-bob-frizure","tag-moderne-frizure","tag-najmodernija-frizura-2021"],"_links":{"self":[{"href":"https:\/\/moda.covermagazin.com\/index.php?rest_route=\/wp\/v2\/posts\/39026","targetHints":{"allow":["GET"]}}],"collection":[{"href":"https:\/\/moda.covermagazin.com\/index.php?rest_route=\/wp\/v2\/posts"}],"about":[{"href":"https:\/\/moda.covermagazin.com\/index.php?rest_route=\/wp\/v2\/types\/post"}],"author":[{"embeddable":true,"href":"https:\/\/moda.covermagazin.com\/index.php?rest_route=\/wp\/v2\/users\/1"}],"replies":[{"embeddable":true,"href":"https:\/\/moda.covermagazin.com\/index.php?rest_route=%2Fwp%2Fv2%2Fcomments&post=39026"}],"version-history":[{"count":6,"href":"https:\/\/moda.covermagazin.com\/index.php?rest_route=\/wp\/v2\/posts\/39026\/revisions"}],"predecessor-version":[{"id":51172,"href":"https:\/\/moda.covermagazin.com\/index.php?rest_route=\/wp\/v2\/posts\/39026\/revisions\/51172"}],"wp:attachment":[{"href":"https:\/\/moda.covermagazin.com\/index.php?rest_route=%2Fwp%2Fv2%2Fmedia&parent=39026"}],"wp:term":[{"taxonomy":"category","embeddable":true,"href":"https:\/\/moda.covermagazin.com\/index.php?rest_route=%2Fwp%2Fv2%2Fcategories&post=39026"},{"taxonomy":"post_tag","embeddable":true,"href":"https:\/\/moda.covermagazin.com\/index.php?rest_route=%2Fwp%2Fv2%2Ftags&post=39026"}],"curies":[{"name":"wp","href":"https:\/\/api.w.org\/{rel}","templated":true}]}}