{"id":38929,"date":"2024-11-14T05:17:45","date_gmt":"2024-11-14T03:17:45","guid":{"rendered":"https:\/\/moda.covermagazin.com\/?p=38929"},"modified":"2025-01-08T19:06:06","modified_gmt":"2025-01-08T17:06:06","slug":"moderna-frizura-za-kratku-kosu","status":"publish","type":"post","link":"https:\/\/moda.covermagazin.com\/?p=38929","title":{"rendered":"Moderna frizura za kratku kosu"},"content":{"rendered":"\n<figure class=\"wp-block-image size-full\"><img decoding=\"async\" src=\"https:\/\/moda.covermagazin.com\/wp-content\/uploads\/2023\/05\/kratka-kosa-2024-f.jpg\" alt=\"\" class=\"wp-image-50599\"\/><\/figure>\n\n\n\n<h2 class=\"wp-block-heading\">Moderna frizura za kratku kosu<\/h2>\n\n\n\n<p>Iako se trenutno najpopularnijom frizurom za \u017eene i dalje smatra duga kosa budu\u0107i da joj mnoge \u017eene koje nisu sklone, za one koje ipak vole kra\u0107u kosu moderna ravnopravna zamjena je nova frizura Katherine Heigl.<\/p>\n\n\n\n<p>Katherine Heigl posljednjih desetak dana napravila je nekoliko pojavljivanja u javnosti i  gdje je pokazala raznolike mogu\u0107nosti no\u0161enja svoje kratke kose.<\/p>\n\n\n\n<figure class=\"wp-block-gallery has-nested-images columns-default is-cropped wp-block-gallery-1 is-layout-flex wp-block-gallery-is-layout-flex\">\n<figure class=\"wp-block-image size-large\"><img decoding=\"async\" data-id=\"50599\" src=\"https:\/\/moda.covermagazin.com\/wp-content\/uploads\/2023\/05\/kratka-kosa-2024-f.jpg\" alt=\"\" class=\"wp-image-50599\"\/><\/figure>\n\n\n\n<figure class=\"wp-block-image size-large\"><img decoding=\"async\" data-id=\"50602\" src=\"https:\/\/moda.covermagazin.com\/wp-content\/uploads\/2023\/05\/kratka-kosa-2024-2.jpg\" alt=\"\" class=\"wp-image-50602\"\/><\/figure>\n<\/figure>\n","protected":false},"excerpt":{"rendered":"<p>Moderna frizura za kratku kosu Iako se trenutno najpopularnijom frizurom za \u017eene i dalje smatra duga kosa budu\u0107i da joj mnoge \u017eene koje nisu sklone, za one koje ipak vole kra\u0107u kosu moderna ravnopravna zamjena je nova frizura Katherine Heigl. Katherine Heigl posljednjih desetak dana napravila je nekoliko pojavljivanja u javnosti i gdje je pokazala [&hellip;]<\/p>\n","protected":false},"author":1,"featured_media":0,"comment_status":"open","ping_status":"open","sticky":false,"template":"","format":"standard","meta":{"footnotes":""},"categories":[4],"tags":[1192,1213,1331,1196,1328],"class_list":["post-38929","post","type-post","status-publish","format-standard","hentry","category-frizure_poznatih","tag-kratka-kosa","tag-kratke-frizure","tag-moda-zima","tag-moderne-kratke-frizure","tag-najmodernija-frizura-2021"],"_links":{"self":[{"href":"https:\/\/moda.covermagazin.com\/index.php?rest_route=\/wp\/v2\/posts\/38929","targetHints":{"allow":["GET"]}}],"collection":[{"href":"https:\/\/moda.covermagazin.com\/index.php?rest_route=\/wp\/v2\/posts"}],"about":[{"href":"https:\/\/moda.covermagazin.com\/index.php?rest_route=\/wp\/v2\/types\/post"}],"author":[{"embeddable":true,"href":"https:\/\/moda.covermagazin.com\/index.php?rest_route=\/wp\/v2\/users\/1"}],"replies":[{"embeddable":true,"href":"https:\/\/moda.covermagazin.com\/index.php?rest_route=%2Fwp%2Fv2%2Fcomments&post=38929"}],"version-history":[{"count":3,"href":"https:\/\/moda.covermagazin.com\/index.php?rest_route=\/wp\/v2\/posts\/38929\/revisions"}],"predecessor-version":[{"id":50628,"href":"https:\/\/moda.covermagazin.com\/index.php?rest_route=\/wp\/v2\/posts\/38929\/revisions\/50628"}],"wp:attachment":[{"href":"https:\/\/moda.covermagazin.com\/index.php?rest_route=%2Fwp%2Fv2%2Fmedia&parent=38929"}],"wp:term":[{"taxonomy":"category","embeddable":true,"href":"https:\/\/moda.covermagazin.com\/index.php?rest_route=%2Fwp%2Fv2%2Fcategories&post=38929"},{"taxonomy":"post_tag","embeddable":true,"href":"https:\/\/moda.covermagazin.com\/index.php?rest_route=%2Fwp%2Fv2%2Ftags&post=38929"}],"curies":[{"name":"wp","href":"https:\/\/api.w.org\/{rel}","templated":true}]}}