{"id":37449,"date":"2023-02-07T12:53:48","date_gmt":"2023-02-07T10:53:48","guid":{"rendered":"https:\/\/moda.covermagazin.com\/?p=37449"},"modified":"2024-10-09T11:53:26","modified_gmt":"2024-10-09T09:53:26","slug":"svecane-haljine-najnoviji-trendovi-za-2021","status":"publish","type":"post","link":"https:\/\/moda.covermagazin.com\/?p=37449","title":{"rendered":"Sve\u010dane haljine &#8211; najnoviji trendovi"},"content":{"rendered":"\n<figure class=\"wp-block-image size-full\"><img decoding=\"async\" src=\"https:\/\/moda.covermagazin.com\/wp-content\/uploads\/2023\/02\/svecane-haljien-2023-trendovi-cover.jpg\" alt=\"\" class=\"wp-image-43782\"\/><\/figure>\n\n\n\n<h2 class=\"wp-block-heading\">Sve\u010dane haljine &#8211; najnoviji trendovi<\/h2>\n\n\n\n<p>Ako tra\u017eite inspiraciju za sve\u010danu haljinu, bilo da ste gost na vjen\u010danju ili imate maturalnu zabavu donosimo odli\u010dne ideje. Moderne sve\u010dane haljine ove sezone variraju od kratkih do dugih haljina, no ako se treba izdvojiti jedna du\u017eina, tada bi to ove sezone bila midi du\u017eina haljina. Ona se isti\u010de u mnogim kolekcijama kao naj\u010de\u0161\u0107a. Prednost ove du\u017eine je \u0161to je dovoljno sve\u010dana, a istovremeno nije elegantna poput duge haljine. Moderne sve\u010dane haljine ove sezone, elegantne haljine za svadbu, haljine za maturalnu, kao i druge haljine su \u010dipkaste, satenske, ali i od lepr\u0161avih materijala. Posebno su moderne haljine od \u0161ljoki\u010dastih materijala i haljine s perlicama. <\/p>\n\n\n\n<p>Ove sezone \u010dak i jednostavne haljine, odnosno sve\u010dane haljine jednostavnog kroja ne djeluju jednostavno. Haljine su dojmljive, posebne. I dok je u nekim sezonama trend pribli\u017eavanja ve\u010dernjih i sve\u010danih haljina prema dnevnim haljinama, ove sezone to nije slu\u010daj. Iako se neke haljine uz promjenu dodataka mogu iskoristiti i u drugim prilikama, sve\u010dane haljine posebno one elegantnije ove sezone su zaista sve\u010dane. <\/p>\n\n\n\n<p>S obzirom sve\u010dane haljine obuhva\u0107aju \u0161iri spektar elegancije, te izbor treba prilagoditi prigodi za koju se bira haljina, tako su prezentirani trendovi razli\u010ditih stilova sve\u010danih haljina. <\/p>\n\n\n\n<p>Kao najnoviji trendovi izdvajaju se haljine s resama, haljine koje djeluju kao da su u dvije du\u017eine ili imaju hla\u010de ispod.<\/p>\n\n\n\n<figure class=\"wp-block-gallery has-nested-images columns-default is-cropped wp-block-gallery-1 is-layout-flex wp-block-gallery-is-layout-flex\">\n<figure class=\"wp-block-image size-large\"><img decoding=\"async\" data-id=\"43760\" src=\"https:\/\/moda.covermagazin.com\/wp-content\/uploads\/2023\/02\/svecane-haljien-2023-a3-1.jpg\" alt=\"\" class=\"wp-image-43760\"\/><\/figure>\n\n\n\n<figure class=\"wp-block-image size-large\"><img decoding=\"async\" data-id=\"43761\" src=\"https:\/\/moda.covermagazin.com\/wp-content\/uploads\/2023\/02\/svecane-haljien-2023-a2-1.jpg\" alt=\"\" class=\"wp-image-43761\"\/><\/figure>\n<\/figure>\n\n\n\n<figure class=\"wp-block-image size-full\"><img decoding=\"async\" src=\"https:\/\/moda.covermagazin.com\/wp-content\/uploads\/2023\/02\/moderni-kombinezoni-za-2023-d5-1.jpg\" alt=\"\" class=\"wp-image-43762\"\/><\/figure>\n\n\n\n<figure class=\"wp-block-gallery has-nested-images columns-default is-cropped wp-block-gallery-2 is-layout-flex wp-block-gallery-is-layout-flex\">\n<figure class=\"wp-block-image size-large\"><img decoding=\"async\" data-id=\"43763\" src=\"https:\/\/moda.covermagazin.com\/wp-content\/uploads\/2023\/02\/moderni-kombinezoni-za-2023-g3-1.jpg\" alt=\"\" class=\"wp-image-43763\"\/><\/figure>\n<\/figure>\n\n\n\n<p>Boje ove sezone variraju od neutralnih, svijetlih i pastelnih nijansi do zaigranih i jakih boja poput ru\u017ei\u010daste, \u017eute i crvene. Neizostavne su i klasi\u010dna tamno plava i crna boja. \u010cesto su sve\u010dane haljine jednobojne, no ove sezone moderne su i i sve\u010dane haljine s uzorcima, posebno je prisutan cvjetni uzorak. Iako su ove sezone ne\u0161to modernije haljine s volanima i \u0161ire haljine, uske haljine su tako\u0111er moderne. Kod izbora kroja haljine uzmite u obzir i svoju gra\u0111u te <a href=\"https:\/\/moda.covermagazin.com\/?p=28937\">izbor haljine prilagodite obliku tijela<\/a>.<\/p>\n\n\n\n<figure class=\"wp-block-gallery has-nested-images columns-2 is-cropped wp-block-gallery-3 is-layout-flex wp-block-gallery-is-layout-flex\">\n<figure class=\"wp-block-image size-large\"><img decoding=\"async\" data-id=\"43772\" src=\"https:\/\/moda.covermagazin.com\/wp-content\/uploads\/2023\/02\/svecane-haljien-2023-trendovi-9.jpg\" alt=\"\" class=\"wp-image-43772\"\/><figcaption class=\"wp-element-caption\">SAINT LAURENT<\/figcaption><\/figure>\n\n\n\n<figure class=\"wp-block-image size-large\"><img decoding=\"async\" data-id=\"43775\" src=\"https:\/\/moda.covermagazin.com\/wp-content\/uploads\/2023\/02\/svecane-haljien-2023-trendovi-8-1.jpg\" alt=\"\" class=\"wp-image-43775\"\/><figcaption class=\"wp-element-caption\">NAEEM KHAN<\/figcaption><\/figure>\n\n\n\n<figure class=\"wp-block-image size-large\"><img decoding=\"async\" data-id=\"43773\" src=\"https:\/\/moda.covermagazin.com\/wp-content\/uploads\/2023\/02\/svecane-haljien-2023-trendovi-7-1.jpg\" alt=\"\" class=\"wp-image-43773\"\/><figcaption class=\"wp-element-caption\">TALBOT RUNHOF<\/figcaption><\/figure>\n\n\n\n<figure class=\"wp-block-image size-large\"><img decoding=\"async\" data-id=\"43774\" src=\"https:\/\/moda.covermagazin.com\/wp-content\/uploads\/2023\/02\/svecane-haljien-2023-trendovi-6-1.jpg\" alt=\"\" class=\"wp-image-43774\"\/><figcaption class=\"wp-element-caption\">CAROLINA HERRERA<\/figcaption><\/figure>\n\n\n\n<figure class=\"wp-block-image size-large\"><img decoding=\"async\" data-id=\"43776\" src=\"https:\/\/moda.covermagazin.com\/wp-content\/uploads\/2023\/02\/svecane-haljien-2023-trendovi-5-1.jpg\" alt=\"\" class=\"wp-image-43776\"\/><figcaption class=\"wp-element-caption\">TALBOT RUNHOF<\/figcaption><\/figure>\n\n\n\n<figure class=\"wp-block-image size-large\"><img decoding=\"async\" data-id=\"43777\" src=\"https:\/\/moda.covermagazin.com\/wp-content\/uploads\/2023\/02\/svecane-haljien-2023-trendovi-4-1.jpg\" alt=\"\" class=\"wp-image-43777\"\/><figcaption class=\"wp-element-caption\">OSCAR DE LA RENTA<\/figcaption><\/figure>\n\n\n\n<figure class=\"wp-block-image size-large\"><img decoding=\"async\" data-id=\"43778\" src=\"https:\/\/moda.covermagazin.com\/wp-content\/uploads\/2023\/02\/svecane-haljien-2023-trendovi-3-1.jpg\" alt=\"\" class=\"wp-image-43778\"\/><figcaption class=\"wp-element-caption\">AKRIS<\/figcaption><\/figure>\n\n\n\n<figure class=\"wp-block-image size-large\"><img decoding=\"async\" data-id=\"43780\" src=\"https:\/\/moda.covermagazin.com\/wp-content\/uploads\/2023\/02\/svecane-haljien-2023-trendovi-2-1.jpg\" alt=\"\" class=\"wp-image-43780\"\/><figcaption class=\"wp-element-caption\">TALBOT RUNHOF<\/figcaption><\/figure>\n\n\n\n<figure class=\"wp-block-image size-large\"><img decoding=\"async\" data-id=\"43779\" src=\"https:\/\/moda.covermagazin.com\/wp-content\/uploads\/2023\/02\/svecane-haljien-2023-trendovi-1-1.jpg\" alt=\"\" class=\"wp-image-43779\"\/><figcaption class=\"wp-element-caption\">BACH MAI<\/figcaption><\/figure>\n<\/figure>\n\n\n\n<p>Moderne su haljine na jedno rame, kao i sve\u010dane haljine bez naramenica. Haljine bez naramenica su klasi\u010dan trend u sve\u010danoj modi, no ove sezone se nagla\u0161ava da ih nema, dodani su ukrasi, a haljine nisu jednostavne i obi\u010dne nego posebne i upe\u010datljiv.<\/p>\n\n\n\n<figure class=\"wp-block-gallery has-nested-images columns-default is-cropped wp-block-gallery-4 is-layout-flex wp-block-gallery-is-layout-flex\">\n<figure class=\"wp-block-image size-large\"><img decoding=\"async\" data-id=\"40493\" src=\"https:\/\/moda.covermagazin.com\/wp-content\/uploads\/2022\/03\/Svecane-haljine_1_Saint-Laurent.jpg\" alt=\"Sve\u010dane haljine\" class=\"wp-image-40493\"\/><figcaption class=\"wp-element-caption\">Saint Laurent<\/figcaption><\/figure>\n\n\n\n<figure class=\"wp-block-image size-large\"><img decoding=\"async\" data-id=\"40494\" src=\"https:\/\/moda.covermagazin.com\/wp-content\/uploads\/2022\/03\/Svecane-haljine_1_Theia.jpg\" alt=\"Sve\u010dane haljine\" class=\"wp-image-40494\"\/><figcaption class=\"wp-element-caption\">Theia<\/figcaption><\/figure>\n\n\n\n<figure class=\"wp-block-image size-large\"><img decoding=\"async\" data-id=\"40492\" src=\"https:\/\/moda.covermagazin.com\/wp-content\/uploads\/2022\/03\/Svecane-haljine_1_Mac-Duggal.jpg\" alt=\"Sve\u010dane haljine\" class=\"wp-image-40492\"\/><figcaption class=\"wp-element-caption\">Mac Duggal<\/figcaption><\/figure>\n\n\n\n<figure class=\"wp-block-image size-large\"><img decoding=\"async\" data-id=\"40491\" src=\"https:\/\/moda.covermagazin.com\/wp-content\/uploads\/2022\/03\/Svecane-haljine_1_Lela-Rose.jpg\" alt=\"Sve\u010dane haljine\" class=\"wp-image-40491\"\/><figcaption class=\"wp-element-caption\">Lela Rose<\/figcaption><\/figure>\n\n\n\n<figure class=\"wp-block-image size-large\"><img decoding=\"async\" data-id=\"40490\" src=\"https:\/\/moda.covermagazin.com\/wp-content\/uploads\/2022\/03\/Svecane-haljine_1_Cinq-a-Sept.jpg\" alt=\"Sve\u010dane haljine\" class=\"wp-image-40490\"\/><figcaption class=\"wp-element-caption\">Cinq a Sept<\/figcaption><\/figure>\n<\/figure>\n\n\n\n<p>Iako su plisirane haljine ve\u0107 nekoliko sezona popularne, njihov trend se nastavlja tako da se i ove sezone mo\u017eete odlu\u010diti za neku plisiranu haljinu. Novost ove sezone su povratak satenskih haljina, posebno klasi\u010dnih satenskih haljina midi du\u017eine A kroja s tankim naramenicama.    Klasi\u010dne sve\u010dane haljine od \u010dipke i dalje su moderne. <\/p>\n\n\n\n<h3 class=\"wp-block-heading\">Plave sve\u010dane haljine<\/h3>\n\n\n\n<p>Plave sve\u010dane haljine su posebno popularne budu\u0107i da je plava sofisticirana, elegantna, donekle sli\u010dna crnoj, a istovremeno svje\u017eija. Plave sve\u010dane haljine kako duge tako i kratke su veliki hit budu\u0107i da \u010dak i s jednostavnijom haljinom u plavoj boji ukupan dojam mo\u017ee biti sve\u010daniji. Budu\u0107i da plava ima veliki raspon nijansi s njom je lako prona\u0107i adekvatnu boju koja odgovara prigodi za koju trebate sve\u010danu haljinu. Plava boja sve\u010danih haljina dobar je izbor za kra\u0107e, ali i za duge sve\u010dane haljine. Za moderan look dobar izbor ove sezone su satenske plave haljine dok \u0107e \u010dipkaste haljine biti odli\u010dan izbor za klasi\u010dan, a istovremeno moderan dojam. Tamno plave nijanse na kratkim haljinama isti\u010du figuru, dobro idu uz preplanuli ten, poput crne mogu prekriti nedostatke, a istovremeno naglasiti figuru.<\/p>\n\n\n\n<figure class=\"wp-block-gallery has-nested-images columns-2 is-cropped wp-block-gallery-5 is-layout-flex wp-block-gallery-is-layout-flex\">\n<figure class=\"wp-block-image size-large\"><img decoding=\"async\" data-id=\"43751\" src=\"https:\/\/moda.covermagazin.com\/wp-content\/uploads\/2023\/02\/svecane-haljien-2023-blue-9.jpg\" alt=\"\" class=\"wp-image-43751\"\/><figcaption class=\"wp-element-caption\">ZIMMERMANN<\/figcaption><\/figure>\n\n\n\n<figure class=\"wp-block-image size-large\"><img decoding=\"async\" data-id=\"43752\" src=\"https:\/\/moda.covermagazin.com\/wp-content\/uploads\/2023\/02\/svecane-haljien-2023-blue-8.jpg\" alt=\"\" class=\"wp-image-43752\"\/><figcaption class=\"wp-element-caption\">STELLA MCCARTNEY<\/figcaption><\/figure>\n\n\n\n<figure class=\"wp-block-image size-large\"><img decoding=\"async\" data-id=\"43753\" src=\"https:\/\/moda.covermagazin.com\/wp-content\/uploads\/2023\/02\/svecane-haljien-2023-blue-7.jpg\" alt=\"\" class=\"wp-image-43753\"\/><figcaption class=\"wp-element-caption\">STELLA MCCARTNEY<\/figcaption><\/figure>\n\n\n\n<figure class=\"wp-block-image size-large\"><img decoding=\"async\" data-id=\"43754\" src=\"https:\/\/moda.covermagazin.com\/wp-content\/uploads\/2023\/02\/svecane-haljien-2023-blue-6.jpg\" alt=\"\" class=\"wp-image-43754\"\/><figcaption class=\"wp-element-caption\">CHIARA BONI LA PETITE ROBE<\/figcaption><\/figure>\n\n\n\n<figure class=\"wp-block-image size-large\"><img decoding=\"async\" data-id=\"43755\" src=\"https:\/\/moda.covermagazin.com\/wp-content\/uploads\/2023\/02\/svecane-haljien-2023-blue-5.jpg\" alt=\"\" class=\"wp-image-43755\"\/><figcaption class=\"wp-element-caption\">CHIARA BONI LA PETITE ROBE<\/figcaption><\/figure>\n\n\n\n<figure class=\"wp-block-image size-large\"><img decoding=\"async\" data-id=\"43758\" src=\"https:\/\/moda.covermagazin.com\/wp-content\/uploads\/2023\/02\/svecane-haljien-2023-blue-4.jpg\" alt=\"\" class=\"wp-image-43758\"\/><figcaption class=\"wp-element-caption\">RENE RUIZ COLLECTION<\/figcaption><\/figure>\n\n\n\n<figure class=\"wp-block-image size-large\"><img decoding=\"async\" data-id=\"43757\" src=\"https:\/\/moda.covermagazin.com\/wp-content\/uploads\/2023\/02\/svecane-haljien-2023-blue-3.jpg\" alt=\"\" class=\"wp-image-43757\"\/><figcaption class=\"wp-element-caption\">LIV FOSTER<\/figcaption><\/figure>\n\n\n\n<figure class=\"wp-block-image size-large\"><img decoding=\"async\" data-id=\"43759\" src=\"https:\/\/moda.covermagazin.com\/wp-content\/uploads\/2023\/02\/svecane-haljien-2023-blue-2.jpg\" alt=\"\" class=\"wp-image-43759\"\/><figcaption class=\"wp-element-caption\">BADGLEY MISCHKA<\/figcaption><\/figure>\n\n\n\n<figure class=\"wp-block-image size-large\"><img decoding=\"async\" data-id=\"43756\" src=\"https:\/\/moda.covermagazin.com\/wp-content\/uploads\/2023\/02\/svecane-haljien-2023-blue-1.jpg\" alt=\"\" class=\"wp-image-43756\"\/><figcaption class=\"wp-element-caption\">RICKIE FREEMAN FOR TERI JON<\/figcaption><\/figure>\n<\/figure>\n\n\n\n<h3 class=\"wp-block-heading\">Guess sve\u010dane haljine<\/h3>\n\n\n\n<p>Guess sve\u010dane haljine su zanimljivih boja, elegantne i zavodljive. Boje se kre\u0107u od neutralnih pastelnih nijansi, svijetlo plave, svijetlo zelene do ru\u017ei\u010daste, crvene, ali i cvjetnih uzoraka. Du\u017eine variraju od mini haljina do midi i dugih haljina, a sli\u010dno je i s krojevima haljina. Moderne su uske haljine koje nagla\u0161avaju liniju tijela, ali i lepr\u0161ave \u0161iroke haljine. <\/p>\n\n\n\n<figure class=\"wp-block-gallery has-nested-images columns-2 is-cropped wp-block-gallery-6 is-layout-flex wp-block-gallery-is-layout-flex\">\n<figure class=\"wp-block-image size-large\"><img decoding=\"async\" data-id=\"43716\" src=\"https:\/\/moda.covermagazin.com\/wp-content\/uploads\/2023\/02\/svecane-haljien-2023-a11.jpg\" alt=\"\" class=\"wp-image-43716\"\/><\/figure>\n\n\n\n<figure class=\"wp-block-image size-large\"><img decoding=\"async\" data-id=\"43717\" src=\"https:\/\/moda.covermagazin.com\/wp-content\/uploads\/2023\/02\/svecane-haljien-2023-a10.jpg\" alt=\"\" class=\"wp-image-43717\"\/><\/figure>\n\n\n\n<figure class=\"wp-block-image size-large\"><img decoding=\"async\" data-id=\"43718\" src=\"https:\/\/moda.covermagazin.com\/wp-content\/uploads\/2023\/02\/svecane-haljien-2023-a9.jpg\" alt=\"\" class=\"wp-image-43718\"\/><\/figure>\n\n\n\n<figure class=\"wp-block-image size-large\"><img decoding=\"async\" data-id=\"43722\" src=\"https:\/\/moda.covermagazin.com\/wp-content\/uploads\/2023\/02\/svecane-haljien-2023-a8.jpg\" alt=\"\" class=\"wp-image-43722\"\/><\/figure>\n\n\n\n<figure class=\"wp-block-image size-large\"><img decoding=\"async\" data-id=\"43723\" src=\"https:\/\/moda.covermagazin.com\/wp-content\/uploads\/2023\/02\/svecane-haljien-2023-a7.jpg\" alt=\"\" class=\"wp-image-43723\"\/><\/figure>\n\n\n\n<figure class=\"wp-block-image size-large\"><img decoding=\"async\" data-id=\"43719\" src=\"https:\/\/moda.covermagazin.com\/wp-content\/uploads\/2023\/02\/svecane-haljien-2023-a6.jpg\" alt=\"\" class=\"wp-image-43719\"\/><\/figure>\n\n\n\n<figure class=\"wp-block-image size-large\"><img decoding=\"async\" data-id=\"43720\" src=\"https:\/\/moda.covermagazin.com\/wp-content\/uploads\/2023\/02\/svecane-haljien-2023-a5.jpg\" alt=\"\" class=\"wp-image-43720\"\/><\/figure>\n\n\n\n<figure class=\"wp-block-image size-large\"><img decoding=\"async\" data-id=\"43721\" src=\"https:\/\/moda.covermagazin.com\/wp-content\/uploads\/2023\/02\/svecane-haljien-2023-a4.jpg\" alt=\"\" class=\"wp-image-43721\"\/><\/figure>\n\n\n\n<figure class=\"wp-block-image size-large\"><img decoding=\"async\" data-id=\"43726\" src=\"https:\/\/moda.covermagazin.com\/wp-content\/uploads\/2023\/02\/svecane-haljien-2023-a3.jpg\" alt=\"\" class=\"wp-image-43726\"\/><\/figure>\n\n\n\n<figure class=\"wp-block-image size-large\"><img decoding=\"async\" data-id=\"43725\" src=\"https:\/\/moda.covermagazin.com\/wp-content\/uploads\/2023\/02\/svecane-haljien-2023-a2.jpg\" alt=\"\" class=\"wp-image-43725\"\/><\/figure>\n\n\n\n<figure class=\"wp-block-image size-large\"><img decoding=\"async\" data-id=\"43724\" src=\"https:\/\/moda.covermagazin.com\/wp-content\/uploads\/2023\/02\/svecane-haljien-2023-a1.jpg\" alt=\"\" class=\"wp-image-43724\"\/><\/figure>\n<\/figure>\n\n\n\n<h3 class=\"wp-block-heading\">Peek &amp; Cloppenburg sve\u010dane haljine<\/h3>\n\n\n\n<figure class=\"wp-block-gallery has-nested-images columns-2 is-cropped wp-block-gallery-7 is-layout-flex wp-block-gallery-is-layout-flex\">\n<figure class=\"wp-block-image size-large\"><img decoding=\"async\" data-id=\"43740\" src=\"https:\/\/moda.covermagazin.com\/wp-content\/uploads\/2023\/02\/svecane-haljien-2023-p11.jpg\" alt=\"\" class=\"wp-image-43740\"\/><figcaption class=\"wp-element-caption\">Jake*s Cocktail<\/figcaption><\/figure>\n\n\n\n<figure class=\"wp-block-image size-large\"><img decoding=\"async\" data-id=\"43741\" src=\"https:\/\/moda.covermagazin.com\/wp-content\/uploads\/2023\/02\/svecane-haljien-2023-p10.jpg\" alt=\"\" class=\"wp-image-43741\"\/><figcaption class=\"wp-element-caption\">Christian Berg<\/figcaption><\/figure>\n\n\n\n<figure class=\"wp-block-image size-large\"><img decoding=\"async\" data-id=\"43742\" src=\"https:\/\/moda.covermagazin.com\/wp-content\/uploads\/2023\/02\/svecane-haljien-2023-p9.jpg\" alt=\"\" class=\"wp-image-43742\"\/><figcaption class=\"wp-element-caption\">Barbour International\u2122<\/figcaption><\/figure>\n\n\n\n<figure class=\"wp-block-image size-large\"><img decoding=\"async\" data-id=\"43743\" src=\"https:\/\/moda.covermagazin.com\/wp-content\/uploads\/2023\/02\/svecane-haljien-2023-p8.jpg\" alt=\"\" class=\"wp-image-43743\"\/><figcaption class=\"wp-element-caption\">TROYDEN COLLECTION<\/figcaption><\/figure>\n\n\n\n<figure class=\"wp-block-image size-large\"><img decoding=\"async\" data-id=\"43745\" src=\"https:\/\/moda.covermagazin.com\/wp-content\/uploads\/2023\/02\/svecane-haljien-2023-p7.jpg\" alt=\"\" class=\"wp-image-43745\"\/><figcaption class=\"wp-element-caption\">V.M.<\/figcaption><\/figure>\n\n\n\n<figure class=\"wp-block-image size-large\"><img decoding=\"async\" data-id=\"43746\" src=\"https:\/\/moda.covermagazin.com\/wp-content\/uploads\/2023\/02\/svecane-haljien-2023-p6.jpg\" alt=\"\" class=\"wp-image-43746\"\/><figcaption class=\"wp-element-caption\">Patrizia Pepe<\/figcaption><\/figure>\n\n\n\n<figure class=\"wp-block-image size-large\"><img decoding=\"async\" data-id=\"43750\" src=\"https:\/\/moda.covermagazin.com\/wp-content\/uploads\/2023\/02\/svecane-haljien-2023-p5.jpg\" alt=\"\" class=\"wp-image-43750\"\/><figcaption class=\"wp-element-caption\">Versace Jeans Couture<\/figcaption><\/figure>\n\n\n\n<figure class=\"wp-block-image size-large\"><img decoding=\"async\" data-id=\"43748\" src=\"https:\/\/moda.covermagazin.com\/wp-content\/uploads\/2023\/02\/svecane-haljien-2023-p4.jpg\" alt=\"\" class=\"wp-image-43748\"\/><figcaption class=\"wp-element-caption\">Swing<\/figcaption><\/figure>\n\n\n\n<figure class=\"wp-block-image size-large\"><img decoding=\"async\" data-id=\"43749\" src=\"https:\/\/moda.covermagazin.com\/wp-content\/uploads\/2023\/02\/svecane-haljien-2023-p3.jpg\" alt=\"\" class=\"wp-image-43749\"\/><figcaption class=\"wp-element-caption\">Mascara<\/figcaption><\/figure>\n\n\n\n<figure class=\"wp-block-image size-large\"><img decoding=\"async\" data-id=\"43744\" src=\"https:\/\/moda.covermagazin.com\/wp-content\/uploads\/2023\/02\/svecane-haljien-2023-p2.jpg\" alt=\"\" class=\"wp-image-43744\"\/><figcaption class=\"wp-element-caption\">NA-KD<\/figcaption><\/figure>\n\n\n\n<figure class=\"wp-block-image size-large\"><img decoding=\"async\" data-id=\"43747\" src=\"https:\/\/moda.covermagazin.com\/wp-content\/uploads\/2023\/02\/svecane-haljien-2023-p1.jpg\" alt=\"\" class=\"wp-image-43747\"\/><figcaption class=\"wp-element-caption\">LACE &amp; BEADS<\/figcaption><\/figure>\n<\/figure>\n\n\n\n<h3 class=\"wp-block-heading\">Badgley Mischka sve\u010dane haljine<\/h3>\n\n\n\n<p>Badgley Mischka je brand koji svake sezone predstavlja prekrasne  sve\u010dane haljine koje mogu biti inspiracije za trendove  i smjer u kojem birati sve\u010dane haljine. <\/p>\n\n\n\n<figure class=\"wp-block-gallery has-nested-images columns-2 is-cropped wp-block-gallery-8 is-layout-flex wp-block-gallery-is-layout-flex\">\n<figure class=\"wp-block-image size-large\"><img decoding=\"async\" data-id=\"43733\" src=\"https:\/\/moda.covermagazin.com\/wp-content\/uploads\/2023\/02\/svecane-haljien-2023-c7.jpg\" alt=\"\" class=\"wp-image-43733\"\/><\/figure>\n\n\n\n<figure class=\"wp-block-image size-large\"><img decoding=\"async\" data-id=\"43734\" src=\"https:\/\/moda.covermagazin.com\/wp-content\/uploads\/2023\/02\/svecane-haljien-2023-c6.jpg\" alt=\"\" class=\"wp-image-43734\"\/><\/figure>\n\n\n\n<figure class=\"wp-block-image size-large\"><img decoding=\"async\" data-id=\"43735\" src=\"https:\/\/moda.covermagazin.com\/wp-content\/uploads\/2023\/02\/svecane-haljien-2023-c5.jpg\" alt=\"\" class=\"wp-image-43735\"\/><\/figure>\n\n\n\n<figure class=\"wp-block-image size-large\"><img decoding=\"async\" data-id=\"43736\" src=\"https:\/\/moda.covermagazin.com\/wp-content\/uploads\/2023\/02\/svecane-haljien-2023-c4.jpg\" alt=\"\" class=\"wp-image-43736\"\/><\/figure>\n\n\n\n<figure class=\"wp-block-image size-large\"><img decoding=\"async\" data-id=\"43739\" src=\"https:\/\/moda.covermagazin.com\/wp-content\/uploads\/2023\/02\/svecane-haljien-2023-c3.jpg\" alt=\"\" class=\"wp-image-43739\"\/><\/figure>\n\n\n\n<figure class=\"wp-block-image size-large\"><img decoding=\"async\" data-id=\"43738\" src=\"https:\/\/moda.covermagazin.com\/wp-content\/uploads\/2023\/02\/svecane-haljien-2023-c2.jpg\" alt=\"\" class=\"wp-image-43738\"\/><\/figure>\n\n\n\n<figure class=\"wp-block-image size-large\"><img decoding=\"async\" data-id=\"43737\" src=\"https:\/\/moda.covermagazin.com\/wp-content\/uploads\/2023\/02\/svecane-haljien-2023-c1.jpg\" alt=\"\" class=\"wp-image-43737\"\/><\/figure>\n<\/figure>\n\n\n\n<h3 class=\"wp-block-heading\">Sve\u010dane haljine Elisabetta Franchi<\/h3>\n\n\n\n<p>Elisabetta Franchi je predstavila kolekciju sve\u010danih haljina u kojima dominira elegancija, te su prisutne pastelne nijanse, be\u017e kao i crna boja. Osim toga cvjetne haljine su ove sezone tako\u0111er trend koji je upe\u010datljiv kod sve\u010danih haljina. Bilo da se radi o dugim ili kratkim haljinama modeli ove sezone odu\u0161evljavaju. Materijali variraju od saten, \u010dipke do perlicama ukra\u0161enih materijala. Za one koji tra\u017ee jednostavne sve\u010dane haljine odli\u010dan izbor su satenske haljine. Ukrasi na haljinama mogu biti razli\u010diti od perli do volana. <\/p>\n\n\n\n<figure class=\"wp-block-gallery has-nested-images columns-2 is-cropped wp-block-gallery-9 is-layout-flex wp-block-gallery-is-layout-flex\">\n<figure class=\"wp-block-image size-large\"><img decoding=\"async\" data-id=\"43727\" src=\"https:\/\/moda.covermagazin.com\/wp-content\/uploads\/2023\/02\/svecane-haljien-2023-b6.jpg\" alt=\"\" class=\"wp-image-43727\"\/><\/figure>\n\n\n\n<figure class=\"wp-block-image size-large\"><img decoding=\"async\" data-id=\"43728\" src=\"https:\/\/moda.covermagazin.com\/wp-content\/uploads\/2023\/02\/svecane-haljien-2023-b5.jpg\" alt=\"\" class=\"wp-image-43728\"\/><\/figure>\n\n\n\n<figure class=\"wp-block-image size-large\"><img decoding=\"async\" data-id=\"43729\" src=\"https:\/\/moda.covermagazin.com\/wp-content\/uploads\/2023\/02\/svecane-haljien-2023-b4.jpg\" alt=\"\" class=\"wp-image-43729\"\/><\/figure>\n\n\n\n<figure class=\"wp-block-image size-large\"><img decoding=\"async\" data-id=\"43730\" src=\"https:\/\/moda.covermagazin.com\/wp-content\/uploads\/2023\/02\/svecane-haljien-2023-b3.jpg\" alt=\"\" class=\"wp-image-43730\"\/><\/figure>\n\n\n\n<figure class=\"wp-block-image size-large\"><img decoding=\"async\" data-id=\"43731\" src=\"https:\/\/moda.covermagazin.com\/wp-content\/uploads\/2023\/02\/svecane-haljien-2023-b2.jpg\" alt=\"\" class=\"wp-image-43731\"\/><\/figure>\n\n\n\n<figure class=\"wp-block-image size-large\"><img decoding=\"async\" data-id=\"43732\" src=\"https:\/\/moda.covermagazin.com\/wp-content\/uploads\/2023\/02\/svecane-haljien-2023-b1.jpg\" alt=\"\" class=\"wp-image-43732\"\/><\/figure>\n<\/figure>\n\n\n\n<p>Vezano:<\/p>\n\n\n\n<figure class=\"wp-block-embed is-type-wp-embed is-provider-moda wp-block-embed-moda\"><div class=\"wp-block-embed__wrapper\">\n<blockquote class=\"wp-embedded-content\" data-secret=\"Q96Ma38zYh\"><a href=\"https:\/\/moda.covermagazin.com\/?p=28937\">Haljina prema tipu tijela \u2013 kako prekriti nedostatke<\/a><\/blockquote><iframe loading=\"lazy\" class=\"wp-embedded-content\" sandbox=\"allow-scripts\" security=\"restricted\" style=\"position: absolute; clip: rect(1px, 1px, 1px, 1px);\" title=\"&#8220;Haljina prema tipu tijela \u2013 kako prekriti nedostatke&#8221; &#8212; Moda \" src=\"https:\/\/moda.covermagazin.com\/?p=28937&#038;embed=true#?secret=N4kTBbsv6x#?secret=Q96Ma38zYh\" data-secret=\"Q96Ma38zYh\" width=\"500\" height=\"282\" frameborder=\"0\" marginwidth=\"0\" marginheight=\"0\" scrolling=\"no\"><\/iframe>\n<\/div><\/figure>\n\n\n\n<figure class=\"wp-block-embed is-type-wp-embed is-provider-moda wp-block-embed-moda\"><div class=\"wp-block-embed__wrapper\">\n<blockquote class=\"wp-embedded-content\" data-secret=\"qYAthQFN9a\"><a href=\"https:\/\/moda.covermagazin.com\/?p=26981\">30 sve\u010danih haljina popularnih marki &#8211; H&#038;M, C&#038;A i Zara<\/a><\/blockquote><iframe loading=\"lazy\" class=\"wp-embedded-content\" sandbox=\"allow-scripts\" security=\"restricted\" style=\"position: absolute; clip: rect(1px, 1px, 1px, 1px);\" title=\"&#8220;30 sve\u010danih haljina popularnih marki &#8211; H&#038;M, C&#038;A i Zara&#8221; &#8212; Moda \" src=\"https:\/\/moda.covermagazin.com\/?p=26981&#038;embed=true#?secret=1QFLERbWMg#?secret=qYAthQFN9a\" data-secret=\"qYAthQFN9a\" width=\"500\" height=\"282\" frameborder=\"0\" marginwidth=\"0\" marginheight=\"0\" scrolling=\"no\"><\/iframe>\n<\/div><\/figure>\n","protected":false},"excerpt":{"rendered":"<p>Sve\u010dane haljine &#8211; najnoviji trendovi Ako tra\u017eite inspiraciju za sve\u010danu haljinu, bilo da ste gost na vjen\u010danju ili imate maturalnu zabavu donosimo odli\u010dne ideje. Moderne sve\u010dane haljine ove sezone variraju od kratkih do dugih haljina, no ako se treba izdvojiti jedna du\u017eina, tada bi to ove sezone bila midi du\u017eina haljina. Ona se isti\u010de u [&hellip;]<\/p>\n","protected":false},"author":3,"featured_media":0,"comment_status":"open","ping_status":"open","sticky":false,"template":"","format":"standard","meta":{"footnotes":""},"categories":[114,3],"tags":[1499,1110,1194,1209,1214,1225,1347,1317,1497,1321,1199,1506,1092,1204,1505],"class_list":["post-37449","post","type-post","status-publish","format-standard","hentry","category-dizajneri_modne_galerije","category-modni_trendovi","tag-crvene-haljine","tag-duge-haljine","tag-elegantne-haljine","tag-haljine","tag-haljine-za-maturalnu-vecer","tag-haljine_za_svadbu","tag-svecane-haljine-za-svadbu","tag-moderne_haljine_za_svadbu","tag-haljine-za-vjencanje","tag-hm-haljine","tag-maturalne-haljine","tag-svecana-moda","tag-svecane-haljine","tag-svecane-haljine-2019","tag-vecernja-moda"],"_links":{"self":[{"href":"https:\/\/moda.covermagazin.com\/index.php?rest_route=\/wp\/v2\/posts\/37449","targetHints":{"allow":["GET"]}}],"collection":[{"href":"https:\/\/moda.covermagazin.com\/index.php?rest_route=\/wp\/v2\/posts"}],"about":[{"href":"https:\/\/moda.covermagazin.com\/index.php?rest_route=\/wp\/v2\/types\/post"}],"author":[{"embeddable":true,"href":"https:\/\/moda.covermagazin.com\/index.php?rest_route=\/wp\/v2\/users\/3"}],"replies":[{"embeddable":true,"href":"https:\/\/moda.covermagazin.com\/index.php?rest_route=%2Fwp%2Fv2%2Fcomments&post=37449"}],"version-history":[{"count":11,"href":"https:\/\/moda.covermagazin.com\/index.php?rest_route=\/wp\/v2\/posts\/37449\/revisions"}],"predecessor-version":[{"id":48291,"href":"https:\/\/moda.covermagazin.com\/index.php?rest_route=\/wp\/v2\/posts\/37449\/revisions\/48291"}],"wp:attachment":[{"href":"https:\/\/moda.covermagazin.com\/index.php?rest_route=%2Fwp%2Fv2%2Fmedia&parent=37449"}],"wp:term":[{"taxonomy":"category","embeddable":true,"href":"https:\/\/moda.covermagazin.com\/index.php?rest_route=%2Fwp%2Fv2%2Fcategories&post=37449"},{"taxonomy":"post_tag","embeddable":true,"href":"https:\/\/moda.covermagazin.com\/index.php?rest_route=%2Fwp%2Fv2%2Ftags&post=37449"}],"curies":[{"name":"wp","href":"https:\/\/api.w.org\/{rel}","templated":true}]}}