{"id":37321,"date":"2024-09-01T13:43:31","date_gmt":"2024-09-01T11:43:31","guid":{"rendered":"https:\/\/moda.covermagazin.com\/?p=37321"},"modified":"2025-01-08T19:49:39","modified_gmt":"2025-01-08T17:49:39","slug":"kako-odabrati-frizuru-za-promociju","status":"publish","type":"post","link":"https:\/\/moda.covermagazin.com\/?p=37321","title":{"rendered":"Kako odabrati frizuru za promociju"},"content":{"rendered":"\n<figure class=\"wp-block-image size-large\"><img decoding=\"async\" src=\"https:\/\/moda.covermagazin.com\/wp-content\/uploads\/2021\/06\/frizure-za-promociju-cover-cover-1.jpg\" alt=\"\" class=\"wp-image-37333\"\/><\/figure>\n\n\n\n<p>Frizure za promociju ne mogu biti obi\u010dne frizure, jer uvijek trebamo uzeti u obzir kako \u0107emo veliki dio vremena imati kapu na glavi, a s druge strane, \u017eelimo da i kada je skinemo frizura i dalje bude odli\u010dna. &nbsp;Izgled za promociju je va\u017ena stavka samog doga\u0111aja. Nema djevojke koja ne \u017eeli ovaj va\u017ean dan ozna\u010diti savr\u0161enim izgledom, odli\u010dnom odjevnom kombinacijom, savr\u0161enom \u0161minkom i fenomenalnom frizurom. Ispod \u0107ete prona\u0107i neke ideje kako da obilje\u017eite svoj veliki dan.<\/p>\n\n\n\n<figure class=\"wp-block-gallery has-nested-images columns-default is-cropped wp-block-gallery-1 is-layout-flex wp-block-gallery-is-layout-flex\">\n<figure class=\"wp-block-image size-large\"><img decoding=\"async\" data-id=\"49225\" src=\"https:\/\/moda.covermagazin.com\/wp-content\/uploads\/2023\/06\/frizure-za-promociju-2-1.jpg\" alt=\"\" class=\"wp-image-49225\"\/><\/figure>\n\n\n\n<figure class=\"wp-block-image size-large\"><img decoding=\"async\" data-id=\"49226\" src=\"https:\/\/moda.covermagazin.com\/wp-content\/uploads\/2023\/06\/frizure-za-promociju-1.jpg\" alt=\"\" class=\"wp-image-49226\"\/><\/figure>\n<\/figure>\n\n\n\n<p>Po pitanju odje\u0107e slijedite vlastiti stil. Mnogo puta ste \u010duli kako ne bi trebalo do\u0107i s velikim dekolteom ili prekratkom minicom na promociju, me\u0111utim, dana\u0161nje vrijeme donosi nova pravila, a od svega je najva\u017enije da odjenete ono \u010dime \u0107ete pokazati \u0161to za vas predstavlja diploma i u kojem smjeru \u017eelite nastavati dalje. \u017delite li izgledati moderno? \u017delite li ovim \u010dinom uploviti u ozbiljniji poslovni svijet? \u017delite li pokazati da ste odrasli? Sve to mo\u017eete pravim odabirom odje\u0107e i frizure za promociju. &nbsp;Ovaj dan ostat \u0107e vam u pam\u0107enju, a neka vam ga obilje\u017ei i odje\u0107a, \u0161minka i naravno frizura.<\/p>\n\n\n\n<figure class=\"wp-block-image size-full\"><img decoding=\"async\" src=\"https:\/\/moda.covermagazin.com\/wp-content\/uploads\/2023\/06\/frizure-za-promociju-5.jpg\" alt=\"\" class=\"wp-image-44583\"\/><\/figure>\n\n\n\n<figure class=\"wp-block-image size-full\"><img decoding=\"async\" src=\"https:\/\/moda.covermagazin.com\/wp-content\/uploads\/2023\/06\/frizure-za-promociju-4.jpg\" alt=\"\" class=\"wp-image-44582\"\/><\/figure>\n\n\n\n<figure class=\"wp-block-image size-full\"><img decoding=\"async\" src=\"https:\/\/moda.covermagazin.com\/wp-content\/uploads\/2023\/06\/frizure-za-promociju-3.jpg\" alt=\"\" class=\"wp-image-44581\"\/><\/figure>\n\n\n\n<figure class=\"wp-block-image size-full\"><img decoding=\"async\" src=\"https:\/\/moda.covermagazin.com\/wp-content\/uploads\/2023\/06\/frizure-za-promociju-2.jpg\" alt=\"\" class=\"wp-image-44580\"\/><\/figure>\n\n\n\n<figure class=\"wp-block-image size-full\"><img decoding=\"async\" src=\"https:\/\/moda.covermagazin.com\/wp-content\/uploads\/2023\/06\/frizure-za-promociju.jpg\" alt=\"\" class=\"wp-image-44579\"\/><\/figure>\n\n\n\n<figure class=\"wp-block-image size-large\"><img decoding=\"async\" src=\"https:\/\/moda.covermagazin.com\/wp-content\/uploads\/2021\/06\/frizure-za-promociju-1.jpg\" alt=\"\" class=\"wp-image-37331\"\/><\/figure>\n\n\n\n<p>Olivia Sanabia imala je promociju i prekrasnu valovitu kosu. Ispod kute odjenula je veselu haljinu ve\u0107eg dekolteta i prili\u010dno kratku, a opet uz kutu je sve izgledalo jako ljupko i pristojno.<\/p>\n\n\n\n<figure class=\"wp-block-gallery has-nested-images columns-default is-cropped wp-block-gallery-2 is-layout-flex wp-block-gallery-is-layout-flex\">\n<figure class=\"wp-block-image size-large\"><img decoding=\"async\" data-id=\"37330\" src=\"https:\/\/moda.covermagazin.com\/wp-content\/uploads\/2021\/06\/frizure-za-promociju-cover.jpg\" alt=\"\" class=\"wp-image-37330\"\/><\/figure>\n\n\n\n<figure class=\"wp-block-image size-large\"><img decoding=\"async\" data-id=\"37329\" src=\"https:\/\/moda.covermagazin.com\/wp-content\/uploads\/2021\/06\/frizure-za-promociju-cover-2.jpg\" alt=\"\" class=\"wp-image-37329\"\/><\/figure>\n<\/figure>\n\n\n\n<h2 class=\"wp-block-heading\">Frizure za promociju<\/h2>\n\n\n\n<figure class=\"wp-block-image size-large\"><img decoding=\"async\" src=\"https:\/\/moda.covermagazin.com\/wp-content\/uploads\/2021\/06\/frizure-za-promociju.jpg\" alt=\"\" class=\"wp-image-37326\"\/><\/figure>\n\n\n\n<p>Valovi su najpopularnija frizura za promocije. Izgledaju vrlo efektno, istovremeno i ozbiljno i razigrano. Ba\u0161 onako kako bi osoba na promociji trebala izgledati. Valovi u kosi odli\u010dan su odabir bez obzira na du\u017einu kose, tako ih mo\u017eete napraviti i ukoliko imate kratku kosu, bob frizuru ili dugu kosu.  Ako imate valove tada kapu mo\u017eete navu\u0107i na \u010delo tako da vam trokut prekriva polovicu \u010dela, \u0161to je standardni na\u010din no\u0161enja kape za promociju. <\/p>\n\n\n\n<figure class=\"wp-block-image size-large\"><img decoding=\"async\" src=\"https:\/\/moda.covermagazin.com\/wp-content\/uploads\/2021\/06\/frizure-za-promociju-4.jpg\" alt=\"\" class=\"wp-image-37322\"\/><\/figure>\n\n\n\n<p>Ukoliko imate kratku kosu i razbaru\u0161enu frizuru ili \u0161i\u0161ke, bez obzir na dugoj ili kratkoj kosi, standardno no\u0161enje kape gdje \u0107e biti navu\u010dena do sredine \u010dela nije mogu\u0107e, ali i dalje mo\u017eete nositi kapu za promociju na vrlo efektan na\u010din. Uzmite u obzir da \u0107ete mo\u017eda imati problema sa spadanjem kape, te razmislite unaprijed o na\u010dinu kako biste je eventualno mogli namjestiti da ne spada ili pomo\u0107i ukosnicama da savr\u0161eno stoji na \u017eeljenoj poziciji. <\/p>\n\n\n\n<figure class=\"wp-block-image size-large\"><img decoding=\"async\" src=\"https:\/\/moda.covermagazin.com\/wp-content\/uploads\/2021\/06\/frizure-za-promociju-f.jpg\" alt=\"\" class=\"wp-image-37325\"\/><\/figure>\n\n\n\n<p>Na frizure sa \u0161i\u0161kama kapa te\u017ee sjeda ali nije nemogu\u0107e imati dobru frizuru i \u0161i\u0161ke. Napravite probu nekoliko dana ranije, da biste znali kako \u0107e se va\u0161e \u0161i\u0161ke pona\u0161ati kada na njih stavite kapu. <\/p>\n\n\n\n<figure class=\"wp-block-image size-large\"><img decoding=\"async\" src=\"https:\/\/moda.covermagazin.com\/wp-content\/uploads\/2021\/06\/frizure-za-promociju-3.jpg\" alt=\"\" class=\"wp-image-37323\"\/><\/figure>\n\n\n\n<p>Glatka fenirana kosa vrlo je jednostavna opcija za frizure za promociju. Ovakvu frizuru ne\u0107e vam pokvariti kapa, a kapa \u0107e mo\u0107i savr\u0161eno sjesti na glavu. Jedino \u0161to trebate obratiti pozornost da nakon skidanja kape pro\u0111ete rukom kroz glavu i provjerite da vam neki pramen kose nije ostao str\u0161iti na glavi. <\/p>\n\n\n\n<figure class=\"wp-block-image size-large\"><img decoding=\"async\" src=\"https:\/\/moda.covermagazin.com\/wp-content\/uploads\/2021\/06\/frizure-za-promociju-f2.jpg\" alt=\"\" class=\"wp-image-37324\"\/><\/figure>\n\n\n\n<p>Ukoliko \u017eelite super efekt i jako posebnu frizuru koja mo\u017ee parirati frizurama kakve nose mladenke mo\u017eete se odlu\u010dit za neki tip polurepa koji \u0107e biti prilago\u0111en \u010dinjenici da dio vremena trebate nositi kapu.  Za ovakve frizure uvijek prethodno napravite probu, kako vam kapa ne bi padala, te na taj na\u010din ne biste sebi zakomplicirali promociju. <\/p>\n\n\n\n<figure class=\"wp-block-image size-large\"><img decoding=\"async\" src=\"https:\/\/moda.covermagazin.com\/wp-content\/uploads\/2021\/06\/frizure-za-promociju-7.jpg\" alt=\"\" class=\"wp-image-37327\"\/><\/figure>\n\n\n\n<figure class=\"wp-block-image size-large\"><img decoding=\"async\" src=\"https:\/\/moda.covermagazin.com\/wp-content\/uploads\/2021\/06\/frizure-za-promociju-5.jpg\" alt=\"\" class=\"wp-image-37328\"\/><\/figure>\n","protected":false},"excerpt":{"rendered":"<p>Frizure za promociju ne mogu biti obi\u010dne frizure, jer uvijek trebamo uzeti u obzir kako \u0107emo veliki dio vremena imati kapu na glavi, a s druge strane, \u017eelimo da i kada je skinemo frizura i dalje bude odli\u010dna. &nbsp;Izgled za promociju je va\u017ena stavka samog doga\u0111aja. Nema djevojke koja ne \u017eeli ovaj va\u017ean dan ozna\u010diti [&hellip;]<\/p>\n","protected":false},"author":1,"featured_media":0,"comment_status":"open","ping_status":"open","sticky":false,"template":"","format":"standard","meta":{"footnotes":""},"categories":[1043,1179],"tags":[1085],"class_list":["post-37321","post","type-post","status-publish","format-standard","hentry","category-moda-2018","category-najnovija-moda","tag-frizure"],"_links":{"self":[{"href":"https:\/\/moda.covermagazin.com\/index.php?rest_route=\/wp\/v2\/posts\/37321","targetHints":{"allow":["GET"]}}],"collection":[{"href":"https:\/\/moda.covermagazin.com\/index.php?rest_route=\/wp\/v2\/posts"}],"about":[{"href":"https:\/\/moda.covermagazin.com\/index.php?rest_route=\/wp\/v2\/types\/post"}],"author":[{"embeddable":true,"href":"https:\/\/moda.covermagazin.com\/index.php?rest_route=\/wp\/v2\/users\/1"}],"replies":[{"embeddable":true,"href":"https:\/\/moda.covermagazin.com\/index.php?rest_route=%2Fwp%2Fv2%2Fcomments&post=37321"}],"version-history":[{"count":3,"href":"https:\/\/moda.covermagazin.com\/index.php?rest_route=\/wp\/v2\/posts\/37321\/revisions"}],"predecessor-version":[{"id":49227,"href":"https:\/\/moda.covermagazin.com\/index.php?rest_route=\/wp\/v2\/posts\/37321\/revisions\/49227"}],"wp:attachment":[{"href":"https:\/\/moda.covermagazin.com\/index.php?rest_route=%2Fwp%2Fv2%2Fmedia&parent=37321"}],"wp:term":[{"taxonomy":"category","embeddable":true,"href":"https:\/\/moda.covermagazin.com\/index.php?rest_route=%2Fwp%2Fv2%2Fcategories&post=37321"},{"taxonomy":"post_tag","embeddable":true,"href":"https:\/\/moda.covermagazin.com\/index.php?rest_route=%2Fwp%2Fv2%2Ftags&post=37321"}],"curies":[{"name":"wp","href":"https:\/\/api.w.org\/{rel}","templated":true}]}}