{"id":35971,"date":"2024-11-14T05:28:38","date_gmt":"2024-11-14T03:28:38","guid":{"rendered":"https:\/\/moda.covermagazin.com\/?p=35971"},"modified":"2025-01-08T19:05:56","modified_gmt":"2025-01-08T17:05:56","slug":"lea-seydoux-ima-najmoderniju-kratku-frizuru","status":"publish","type":"post","link":"https:\/\/moda.covermagazin.com\/?p=35971","title":{"rendered":"Ideja za najmoderniju kratku frizuru"},"content":{"rendered":"\n<figure class=\"wp-block-image size-full\"><img decoding=\"async\" src=\"https:\/\/moda.covermagazin.com\/wp-content\/uploads\/2021\/04\/kratka-kosa.jpg\" alt=\"\" class=\"wp-image-50630\"\/><\/figure>\n\n\n\n<p class=\"has-large-font-size\"><strong>Ideja za najmoderniju kratku frizuru<\/strong><\/p>\n\n\n\n<p>U kampanji za  beauty kampanji za  modni brand Armani, Sadie Sink ima odli\u010dnu modernu frizuru za kratku kosu. Kasnije su sli\u010dnu verziju predstavile i jo\u0161 neke poznate zvijezde. <\/p>\n\n\n\n<p>Ako vam treba ideja moderne frizure za kratku kosu za \u017eene srednjih godina ovo je odli\u010dan odabir. Frizura je mladena\u010dka, jednostavna za odr\u017eavati, \u010dak i ako vam kosa brzo raste, jer je \u0161i\u0161ana postupno, a stil no\u0161enja je raznolik i nije precizno definiran.  Moderna boja kose je ono \u0161to ovu frizuru \u010dini jo\u0161 boljom i posebnijom, pa ako ste dovoljno hrabri odlu\u010dite se i za neku nijansu naran\u010dasto bron\u010dane kose koja je jako moderna ove sezone.<\/p>\n\n\n\n<p><\/p>\n\n\n\n<p>Vezano: <\/p>\n\n\n\n<p><a href=\"https:\/\/moda.covermagazin.com\/?tag=moderne-boje-kose\">Moderne boje kose<\/a><\/p>\n\n\n\n<p><a href=\"https:\/\/moda.covermagazin.com\/?p=34650\">Savr\u0161ene frizure za kratku kosu za 2021. \u2013 <\/a><\/p>\n\n\n\n<p><a href=\"https:\/\/moda.covermagazin.com\/?p=34540\">Kratke frizure za \u017eene srednjih godina  <\/a><\/p>\n\n\n\n<p><a href=\"https:\/\/moda.covermagazin.com\/?p=11411\">Moderna zavodljiva kratka kosa  <\/a><\/p>\n\n\n\n<p><\/p>\n","protected":false},"excerpt":{"rendered":"<p>Ideja za najmoderniju kratku frizuru U kampanji za beauty kampanji za modni brand Armani, Sadie Sink ima odli\u010dnu modernu frizuru za kratku kosu. Kasnije su sli\u010dnu verziju predstavile i jo\u0161 neke poznate zvijezde. Ako vam treba ideja moderne frizure za kratku kosu za \u017eene srednjih godina ovo je odli\u010dan odabir. Frizura je mladena\u010dka, jednostavna za [&hellip;]<\/p>\n","protected":false},"author":1,"featured_media":0,"comment_status":"open","ping_status":"open","sticky":false,"template":"","format":"standard","meta":{"footnotes":""},"categories":[4],"tags":[1192,1322,1318,1196,1328],"class_list":["post-35971","post","type-post","status-publish","format-standard","hentry","category-frizure_poznatih","tag-kratka-kosa","tag-moderne-kratke-frizure-za-zene-srednjih-godina","tag-moderne-frizure-2021","tag-moderne-kratke-frizure","tag-najmodernija-frizura-2021"],"_links":{"self":[{"href":"https:\/\/moda.covermagazin.com\/index.php?rest_route=\/wp\/v2\/posts\/35971","targetHints":{"allow":["GET"]}}],"collection":[{"href":"https:\/\/moda.covermagazin.com\/index.php?rest_route=\/wp\/v2\/posts"}],"about":[{"href":"https:\/\/moda.covermagazin.com\/index.php?rest_route=\/wp\/v2\/types\/post"}],"author":[{"embeddable":true,"href":"https:\/\/moda.covermagazin.com\/index.php?rest_route=\/wp\/v2\/users\/1"}],"replies":[{"embeddable":true,"href":"https:\/\/moda.covermagazin.com\/index.php?rest_route=%2Fwp%2Fv2%2Fcomments&post=35971"}],"version-history":[{"count":5,"href":"https:\/\/moda.covermagazin.com\/index.php?rest_route=\/wp\/v2\/posts\/35971\/revisions"}],"predecessor-version":[{"id":50633,"href":"https:\/\/moda.covermagazin.com\/index.php?rest_route=\/wp\/v2\/posts\/35971\/revisions\/50633"}],"wp:attachment":[{"href":"https:\/\/moda.covermagazin.com\/index.php?rest_route=%2Fwp%2Fv2%2Fmedia&parent=35971"}],"wp:term":[{"taxonomy":"category","embeddable":true,"href":"https:\/\/moda.covermagazin.com\/index.php?rest_route=%2Fwp%2Fv2%2Fcategories&post=35971"},{"taxonomy":"post_tag","embeddable":true,"href":"https:\/\/moda.covermagazin.com\/index.php?rest_route=%2Fwp%2Fv2%2Ftags&post=35971"}],"curies":[{"name":"wp","href":"https:\/\/api.w.org\/{rel}","templated":true}]}}