{"id":35430,"date":"2024-11-14T06:06:49","date_gmt":"2024-11-14T04:06:49","guid":{"rendered":"https:\/\/moda.covermagazin.com\/?p=35430"},"modified":"2024-11-14T19:06:58","modified_gmt":"2024-11-14T17:06:58","slug":"20-frizura-poznatih-za-kratku-kosu-kao-inspiracija","status":"publish","type":"post","link":"https:\/\/moda.covermagazin.com\/?p=35430","title":{"rendered":"20  frizura poznatih za kratku kosu kao inspiracija"},"content":{"rendered":"\n<figure class=\"wp-block-image size-full\"><img decoding=\"async\" src=\"https:\/\/moda.covermagazin.com\/wp-content\/uploads\/2023\/07\/Kratke-frizure-za-mlade-zene-3.jpg\" alt=\"\" class=\"wp-image-50609\"\/><\/figure>\n\n\n\n<h3 class=\"wp-block-heading\">20 frizura poznatih za kratku kosu kao inspiracija<\/h3>\n\n\n\n<p>Ispod smo izdvojili 20 modernih frizura za kratku kosu i frizure kakve su nosile holivudske zvijezde. Nagla\u0161avamo jedino kako ovo nisu sve najnovije frizure poznatih, kakve obi\u010dno objavljujemo, fotografirane u posljednjih nekoliko dana, nego frizure kakve su trenutno moderne, jer su neke zvijezde korak ispred svog vremena, pa ipak nakon \u0161to one nose neku frizuru treba pro\u0107i vremena da bi bila nosiva u op\u0107oj populaciji, a s druge strane neke od frizura ispod su svevremenske pa su jednako bile moderne prije 2 godine kao i sad.<\/p>\n\n\n\n<figure class=\"wp-block-image\"><a href=\"https:\/\/moda.covermagazin.com\/wp-content\/uploads\/2021\/02\/frizure-za-kratku-kosu-za-inspiraciju-2-.jpg\"><img decoding=\"async\" src=\"https:\/\/moda.covermagazin.com\/wp-content\/uploads\/2021\/02\/frizure-za-kratku-kosu-za-inspiraciju-2-.jpg\" alt=\"\" class=\"wp-image-35450\"\/><\/a><\/figure>\n\n\n\n<figure class=\"wp-block-gallery has-nested-images columns-default is-cropped wp-block-gallery-1 is-layout-flex wp-block-gallery-is-layout-flex\">\n<figure class=\"wp-block-image size-large\"><img decoding=\"async\" data-id=\"37244\" src=\"https:\/\/moda.covermagazin.com\/wp-content\/uploads\/2021\/05\/kratka-frizura-CHARLIZE-THERON.jpg\" alt=\"\" class=\"wp-image-37244\"\/><\/figure>\n\n\n\n<figure class=\"wp-block-image size-large\"><img decoding=\"async\" data-id=\"50608\" src=\"https:\/\/moda.covermagazin.com\/wp-content\/uploads\/2023\/07\/Kratke-frizure-za-mlade-zene-1.jpg\" alt=\"\" class=\"wp-image-50608\"\/><\/figure>\n\n\n\n<figure class=\"wp-block-image size-large\"><img decoding=\"async\" data-id=\"50595\" src=\"https:\/\/moda.covermagazin.com\/wp-content\/uploads\/2022\/05\/kratke-frizure-2025-3.jpg\" alt=\"\" class=\"wp-image-50595\"\/><\/figure>\n\n\n\n<figure class=\"wp-block-image size-large\"><img decoding=\"async\" data-id=\"49368\" src=\"https:\/\/moda.covermagazin.com\/wp-content\/uploads\/2024\/06\/Moderne-KRATKE-FRIZURE-2.jpg\" alt=\"\" class=\"wp-image-49368\"\/><\/figure>\n\n\n\n<figure class=\"wp-block-image size-large\"><img loading=\"lazy\" decoding=\"async\" width=\"600\" height=\"400\" data-id=\"45614\" src=\"https:\/\/moda.covermagazin.com\/wp-content\/uploads\/2024\/01\/kratke-frizure-2024-2.jpg\" alt=\"\" class=\"wp-image-45614\" srcset=\"https:\/\/moda.covermagazin.com\/wp-content\/uploads\/2024\/01\/kratke-frizure-2024-2.jpg 600w, https:\/\/moda.covermagazin.com\/wp-content\/uploads\/2024\/01\/kratke-frizure-2024-2-300x200.jpg 300w\" sizes=\"auto, (max-width: 600px) 100vw, 600px\" \/><\/figure>\n\n\n\n<figure class=\"wp-block-image size-large\"><img decoding=\"async\" data-id=\"50583\" src=\"https:\/\/moda.covermagazin.com\/wp-content\/uploads\/2021\/12\/kratke-frizure-2024-cover.jpg\" alt=\"\" class=\"wp-image-50583\"\/><\/figure>\n\n\n\n<figure class=\"wp-block-image size-large\"><img decoding=\"async\" data-id=\"38935\" src=\"https:\/\/moda.covermagazin.com\/wp-content\/uploads\/2021\/10\/kratka-hit-frizura-jeseni-i-zima-2021-2022-1.jpg\" alt=\"\" class=\"wp-image-38935\"\/><\/figure>\n\n\n\n<figure class=\"wp-block-image size-large\"><img decoding=\"async\" data-id=\"50578\" src=\"https:\/\/moda.covermagazin.com\/wp-content\/uploads\/2020\/09\/kratke-frizure-a3.jpg\" alt=\"\" class=\"wp-image-50578\"\/><\/figure>\n\n\n\n<figure class=\"wp-block-image size-large\"><img decoding=\"async\" data-id=\"49369\" src=\"https:\/\/moda.covermagazin.com\/wp-content\/uploads\/2024\/06\/Moderne-KRATKE-FRIZURE-1.jpg\" alt=\"\" class=\"wp-image-49369\"\/><\/figure>\n\n\n\n<figure class=\"wp-block-image size-large\"><img decoding=\"async\" data-id=\"49372\" src=\"https:\/\/moda.covermagazin.com\/wp-content\/uploads\/2024\/06\/kratke-frizure.jpg\" alt=\"\" class=\"wp-image-49372\"\/><\/figure>\n\n\n\n<figure class=\"wp-block-image size-large\"><img decoding=\"async\" data-id=\"50599\" src=\"https:\/\/moda.covermagazin.com\/wp-content\/uploads\/2023\/05\/kratka-kosa-2024-f.jpg\" alt=\"\" class=\"wp-image-50599\"\/><\/figure>\n\n\n\n<figure class=\"wp-block-image size-large\"><img loading=\"lazy\" decoding=\"async\" width=\"600\" height=\"400\" data-id=\"45616\" src=\"https:\/\/moda.covermagazin.com\/wp-content\/uploads\/2024\/01\/kratke-frizure-2024-3.jpg\" alt=\"\" class=\"wp-image-45616\" srcset=\"https:\/\/moda.covermagazin.com\/wp-content\/uploads\/2024\/01\/kratke-frizure-2024-3.jpg 600w, https:\/\/moda.covermagazin.com\/wp-content\/uploads\/2024\/01\/kratke-frizure-2024-3-300x200.jpg 300w\" sizes=\"auto, (max-width: 600px) 100vw, 600px\" \/><\/figure>\n\n\n\n<figure class=\"wp-block-image size-large\"><img loading=\"lazy\" decoding=\"async\" width=\"600\" height=\"400\" data-id=\"45615\" src=\"https:\/\/moda.covermagazin.com\/wp-content\/uploads\/2024\/01\/kratke-frizure-2024.jpg\" alt=\"\" class=\"wp-image-45615\" srcset=\"https:\/\/moda.covermagazin.com\/wp-content\/uploads\/2024\/01\/kratke-frizure-2024.jpg 600w, https:\/\/moda.covermagazin.com\/wp-content\/uploads\/2024\/01\/kratke-frizure-2024-300x200.jpg 300w\" sizes=\"auto, (max-width: 600px) 100vw, 600px\" \/><\/figure>\n\n\n\n<figure class=\"wp-block-image size-large\"><img decoding=\"async\" data-id=\"44916\" src=\"https:\/\/moda.covermagazin.com\/wp-content\/uploads\/2023\/07\/kratka-kosa-2023-4.jpg\" alt=\"\" class=\"wp-image-44916\"\/><\/figure>\n\n\n\n<figure class=\"wp-block-image size-large\"><img decoding=\"async\" data-id=\"37069\" src=\"https:\/\/moda.covermagazin.com\/wp-content\/uploads\/2021\/04\/kratke-frizure-3.jpg\" alt=\"\" class=\"wp-image-37069\"\/><\/figure>\n\n\n\n<figure class=\"wp-block-image size-large\"><img decoding=\"async\" data-id=\"49381\" src=\"https:\/\/moda.covermagazin.com\/wp-content\/uploads\/2024\/06\/kratke-frizure-1.jpg\" alt=\"\" class=\"wp-image-49381\"\/><\/figure>\n\n\n\n<figure class=\"wp-block-image size-large\"><img decoding=\"async\" data-id=\"43537\" src=\"https:\/\/moda.covermagazin.com\/wp-content\/uploads\/2023\/01\/kratke-frizure-2023.jpg\" alt=\"\" class=\"wp-image-43537\"\/><\/figure>\n\n\n\n<figure class=\"wp-block-image size-large\"><img decoding=\"async\" data-id=\"42675\" src=\"https:\/\/moda.covermagazin.com\/wp-content\/uploads\/2022\/09\/kratke-frizure-6.jpg\" alt=\"\" class=\"wp-image-42675\"\/><\/figure>\n<\/figure>\n","protected":false},"excerpt":{"rendered":"<p>20 frizura poznatih za kratku kosu kao inspiracija Ispod smo izdvojili 20 modernih frizura za kratku kosu i frizure kakve su nosile holivudske zvijezde. Nagla\u0161avamo jedino kako ovo nisu sve najnovije frizure poznatih, kakve obi\u010dno objavljujemo, fotografirane u posljednjih nekoliko dana, nego frizure kakve su trenutno moderne, jer su neke zvijezde korak ispred svog vremena, [&hellip;]<\/p>\n","protected":false},"author":1,"featured_media":0,"comment_status":"open","ping_status":"open","sticky":false,"template":"","format":"standard","meta":{"footnotes":""},"categories":[4],"tags":[1085,1191,1192,1318,1196,1328],"class_list":["post-35430","post","type-post","status-publish","format-standard","hentry","category-frizure_poznatih","tag-frizure","tag-frizure-slike","tag-kratka-kosa","tag-moderne-frizure-2021","tag-moderne-kratke-frizure","tag-najmodernija-frizura-2021"],"_links":{"self":[{"href":"https:\/\/moda.covermagazin.com\/index.php?rest_route=\/wp\/v2\/posts\/35430","targetHints":{"allow":["GET"]}}],"collection":[{"href":"https:\/\/moda.covermagazin.com\/index.php?rest_route=\/wp\/v2\/posts"}],"about":[{"href":"https:\/\/moda.covermagazin.com\/index.php?rest_route=\/wp\/v2\/types\/post"}],"author":[{"embeddable":true,"href":"https:\/\/moda.covermagazin.com\/index.php?rest_route=\/wp\/v2\/users\/1"}],"replies":[{"embeddable":true,"href":"https:\/\/moda.covermagazin.com\/index.php?rest_route=%2Fwp%2Fv2%2Fcomments&post=35430"}],"version-history":[{"count":3,"href":"https:\/\/moda.covermagazin.com\/index.php?rest_route=\/wp\/v2\/posts\/35430\/revisions"}],"predecessor-version":[{"id":50636,"href":"https:\/\/moda.covermagazin.com\/index.php?rest_route=\/wp\/v2\/posts\/35430\/revisions\/50636"}],"wp:attachment":[{"href":"https:\/\/moda.covermagazin.com\/index.php?rest_route=%2Fwp%2Fv2%2Fmedia&parent=35430"}],"wp:term":[{"taxonomy":"category","embeddable":true,"href":"https:\/\/moda.covermagazin.com\/index.php?rest_route=%2Fwp%2Fv2%2Fcategories&post=35430"},{"taxonomy":"post_tag","embeddable":true,"href":"https:\/\/moda.covermagazin.com\/index.php?rest_route=%2Fwp%2Fv2%2Ftags&post=35430"}],"curies":[{"name":"wp","href":"https:\/\/api.w.org\/{rel}","templated":true}]}}