{"id":35380,"date":"2021-02-22T11:35:34","date_gmt":"2021-02-22T09:35:34","guid":{"rendered":"https:\/\/moda.covermagazin.com\/?p=35380"},"modified":"2021-02-22T11:35:34","modified_gmt":"2021-02-22T09:35:34","slug":"moderan-look-za-proljece-2021","status":"publish","type":"post","link":"https:\/\/moda.covermagazin.com\/?p=35380","title":{"rendered":"Moderan look za prolje\u0107e 2021."},"content":{"rendered":"<h3><a href=\"https:\/\/moda.covermagazin.com\/wp-content\/uploads\/2021\/02\/Moderan-look-u-2021.-1.jpg\"><img loading=\"lazy\" decoding=\"async\" class=\"alignnone size-full wp-image-35383\" src=\"https:\/\/moda.covermagazin.com\/wp-content\/uploads\/2021\/02\/Moderan-look-u-2021.-1.jpg\" alt=\"\" width=\"600\" height=\"750\" \/><\/a><\/h3>\n<h3>Moderan look za prolje\u0107e 2021.<\/h3>\n<p>Poznati dizajnerski brand Saint Laurent anga\u017eirao je Kate Moss za kampanju prolje\u0107e &#8211; ljeto 2021. Glavno obilje\u017eje kampanje je zapravo image kakav je gradila i Kate Moss sama kroz cijelu svoju karijeru. Kampanja kombinira potpuno opu\u0161teni izgled s luksuznim elegantnim komadima. Ovo je zapravo jedan od glavnih trendova u modi za prolje\u0107e &#8211; ljeto 2021, a ova kampanja ga savr\u0161eno oslikava. Na svakoj fotografiji Kate Moss istovremeno izgleda kao da je uop\u0107e nije briga kako izgleda i kao da jako puno dr\u017ei do mode i kvalitetne odje\u0107e. Posti\u0107i ovaj zahtjev, da izgledate opu\u0161teno i moderno bit \u0107e pravi izazov i cilj modernog looka u 2021. izgledizgled<\/p>\n<p><a href=\"https:\/\/moda.covermagazin.com\/wp-content\/uploads\/2021\/02\/Moderan-look-u-2021.-2.jpg\"><img loading=\"lazy\" decoding=\"async\" class=\"alignnone size-full wp-image-35382\" src=\"https:\/\/moda.covermagazin.com\/wp-content\/uploads\/2021\/02\/Moderan-look-u-2021.-2.jpg\" alt=\"\" width=\"600\" height=\"750\" \/><\/a> <a href=\"https:\/\/moda.covermagazin.com\/wp-content\/uploads\/2021\/02\/Moderan-look-u-2021.-1.jpg\"><img loading=\"lazy\" decoding=\"async\" class=\"alignnone size-full wp-image-35383\" src=\"https:\/\/moda.covermagazin.com\/wp-content\/uploads\/2021\/02\/Moderan-look-u-2021.-1.jpg\" alt=\"\" width=\"600\" height=\"750\" \/><\/a><\/p>\n","protected":false},"excerpt":{"rendered":"<p>Moderan look za prolje\u0107e 2021. Poznati dizajnerski brand Saint Laurent anga\u017eirao je Kate Moss za kampanju prolje\u0107e &#8211; ljeto 2021. Glavno obilje\u017eje kampanje je zapravo image kakav je gradila i Kate Moss sama kroz cijelu svoju karijeru. Kampanja kombinira potpuno opu\u0161teni izgled s luksuznim elegantnim komadima. Ovo je zapravo jedan od glavnih trendova u modi [&hellip;]<\/p>\n","protected":false},"author":1,"featured_media":0,"comment_status":"open","ping_status":"open","sticky":false,"template":"","format":"standard","meta":{"footnotes":""},"categories":[1180,1043],"tags":[1111,1093],"class_list":["post-35380","post","type-post","status-publish","format-standard","hentry","category-luksuzna-moda","category-moda-2018","tag-izgled","tag-moda-proljece-ljeto-2018"],"_links":{"self":[{"href":"https:\/\/moda.covermagazin.com\/index.php?rest_route=\/wp\/v2\/posts\/35380","targetHints":{"allow":["GET"]}}],"collection":[{"href":"https:\/\/moda.covermagazin.com\/index.php?rest_route=\/wp\/v2\/posts"}],"about":[{"href":"https:\/\/moda.covermagazin.com\/index.php?rest_route=\/wp\/v2\/types\/post"}],"author":[{"embeddable":true,"href":"https:\/\/moda.covermagazin.com\/index.php?rest_route=\/wp\/v2\/users\/1"}],"replies":[{"embeddable":true,"href":"https:\/\/moda.covermagazin.com\/index.php?rest_route=%2Fwp%2Fv2%2Fcomments&post=35380"}],"version-history":[{"count":1,"href":"https:\/\/moda.covermagazin.com\/index.php?rest_route=\/wp\/v2\/posts\/35380\/revisions"}],"predecessor-version":[{"id":35384,"href":"https:\/\/moda.covermagazin.com\/index.php?rest_route=\/wp\/v2\/posts\/35380\/revisions\/35384"}],"wp:attachment":[{"href":"https:\/\/moda.covermagazin.com\/index.php?rest_route=%2Fwp%2Fv2%2Fmedia&parent=35380"}],"wp:term":[{"taxonomy":"category","embeddable":true,"href":"https:\/\/moda.covermagazin.com\/index.php?rest_route=%2Fwp%2Fv2%2Fcategories&post=35380"},{"taxonomy":"post_tag","embeddable":true,"href":"https:\/\/moda.covermagazin.com\/index.php?rest_route=%2Fwp%2Fv2%2Ftags&post=35380"}],"curies":[{"name":"wp","href":"https:\/\/api.w.org\/{rel}","templated":true}]}}