{"id":35210,"date":"2025-02-10T12:03:49","date_gmt":"2025-02-10T10:03:49","guid":{"rendered":"https:\/\/moda.covermagazin.com\/?p=35210"},"modified":"2025-02-10T12:03:49","modified_gmt":"2025-02-10T10:03:49","slug":"kako-nositi-mantil-u-2021","status":"publish","type":"post","link":"https:\/\/moda.covermagazin.com\/?p=35210","title":{"rendered":"Trendi na\u010din kako nositi  mantil u sezoni 2025."},"content":{"rendered":"\n<figure class=\"wp-block-image size-full\"><img decoding=\"async\" src=\"https:\/\/moda.covermagazin.com\/wp-content\/uploads\/2021\/02\/Kako-nositi-mantile-f.jpg\" alt=\"\" class=\"wp-image-49467\"\/><\/figure>\n\n\n\n<h3 class=\"wp-block-heading\">Trendi na\u010din kako nositi mantil u sezoni 2025.<\/h3>\n\n\n\n<p>Moda se manje svodi na kroj, du\u017einu ili materijal mantila, a vi\u0161e na na\u010din kako ga nosimo ili kombiniramo. Moderni su mantili u svim &#8220;sme\u0107kastim&#8221; nijansama, od svijetlo sme\u0111e, preko safari be\u017e boje, do tamnijih sme\u0111ih i crnih. Ukoliko ste vedrog duha, slobodno se odlu\u010dite i za \u017eivahne uzorke ili boje, poput kariranih ili animal printa. <\/p>\n\n\n\n<p><strong>Kako nositi mantil na moderan na\u010din?<\/strong><\/p>\n\n\n\n<p>Najva\u017enija stvar koju trebate uzeti u obzir da bi va\u0161 mantil izgledao moderno je kombiniranje boja. Da biste postigli moderan look va\u0161 mantil bi trebao bojom biti uskla\u0111en s torbom, obu\u0107om, nekim drugim detaljima, pa \u010dak i nakitom, a najmodernije kombinacije su kada ga nosite na odje\u0107u koja se samo prelijeva u nijansama, a zapravo je iste boje.<\/p>\n\n\n\n<p>Naravno baloneri su u ovoj sezoni toliko popularni da ih mo\u017eete nositi u svim kombinacijama, a prijedlozi ispod su samo za one koji \u017eele dominirati svojim stilom. <\/p>\n\n\n\n<figure class=\"wp-block-image size-large\"><img decoding=\"async\" src=\"https:\/\/moda.covermagazin.com\/wp-content\/uploads\/2021\/02\/Kako-nositi-mantile-3.jpg\" alt=\"\" class=\"wp-image-49466\"\/><\/figure>\n\n\n\n<figure class=\"wp-block-image size-large\"><img decoding=\"async\" src=\"https:\/\/moda.covermagazin.com\/wp-content\/uploads\/2021\/02\/Kako-nositi-mantile-2.jpg\" alt=\"\" class=\"wp-image-49464\"\/><\/figure>\n\n\n\n<figure class=\"wp-block-image size-large\"><img decoding=\"async\" src=\"https:\/\/moda.covermagazin.com\/wp-content\/uploads\/2021\/02\/Kako-nositi-mantile-1.jpg\" alt=\"\" class=\"wp-image-49465\"\/><\/figure>\n\n\n\n<figure class=\"wp-block-image size-full\"><img decoding=\"async\" src=\"https:\/\/moda.covermagazin.com\/wp-content\/uploads\/2021\/02\/baloneri-4.jpg\" alt=\"\" class=\"wp-image-49474\"\/><\/figure>\n","protected":false},"excerpt":{"rendered":"<p>Trendi na\u010din kako nositi mantil u sezoni 2025. Moda se manje svodi na kroj, du\u017einu ili materijal mantila, a vi\u0161e na na\u010din kako ga nosimo ili kombiniramo. Moderni su mantili u svim &#8220;sme\u0107kastim&#8221; nijansama, od svijetlo sme\u0111e, preko safari be\u017e boje, do tamnijih sme\u0111ih i crnih. Ukoliko ste vedrog duha, slobodno se odlu\u010dite i za [&hellip;]<\/p>\n","protected":false},"author":1,"featured_media":0,"comment_status":"open","ping_status":"open","sticky":false,"template":"","format":"standard","meta":{"footnotes":""},"categories":[1043,1179],"tags":[1107,1106,1123,1122],"class_list":["post-35210","post","type-post","status-publish","format-standard","hentry","category-moda-2018","category-najnovija-moda","tag-baloneri","tag-mantili","tag-moderni-baloneri","tag-moderni-mantili"],"_links":{"self":[{"href":"https:\/\/moda.covermagazin.com\/index.php?rest_route=\/wp\/v2\/posts\/35210","targetHints":{"allow":["GET"]}}],"collection":[{"href":"https:\/\/moda.covermagazin.com\/index.php?rest_route=\/wp\/v2\/posts"}],"about":[{"href":"https:\/\/moda.covermagazin.com\/index.php?rest_route=\/wp\/v2\/types\/post"}],"author":[{"embeddable":true,"href":"https:\/\/moda.covermagazin.com\/index.php?rest_route=\/wp\/v2\/users\/1"}],"replies":[{"embeddable":true,"href":"https:\/\/moda.covermagazin.com\/index.php?rest_route=%2Fwp%2Fv2%2Fcomments&post=35210"}],"version-history":[{"count":7,"href":"https:\/\/moda.covermagazin.com\/index.php?rest_route=\/wp\/v2\/posts\/35210\/revisions"}],"predecessor-version":[{"id":51387,"href":"https:\/\/moda.covermagazin.com\/index.php?rest_route=\/wp\/v2\/posts\/35210\/revisions\/51387"}],"wp:attachment":[{"href":"https:\/\/moda.covermagazin.com\/index.php?rest_route=%2Fwp%2Fv2%2Fmedia&parent=35210"}],"wp:term":[{"taxonomy":"category","embeddable":true,"href":"https:\/\/moda.covermagazin.com\/index.php?rest_route=%2Fwp%2Fv2%2Fcategories&post=35210"},{"taxonomy":"post_tag","embeddable":true,"href":"https:\/\/moda.covermagazin.com\/index.php?rest_route=%2Fwp%2Fv2%2Ftags&post=35210"}],"curies":[{"name":"wp","href":"https:\/\/api.w.org\/{rel}","templated":true}]}}