{"id":35129,"date":"2021-02-08T12:19:27","date_gmt":"2021-02-08T10:19:27","guid":{"rendered":"https:\/\/moda.covermagazin.com\/?p=35129"},"modified":"2021-02-08T12:19:27","modified_gmt":"2021-02-08T10:19:27","slug":"unuka-od-grace-kelly-u-kampanji-za-chanel","status":"publish","type":"post","link":"https:\/\/moda.covermagazin.com\/?p=35129","title":{"rendered":"Unuka od Grace Kelly u kampanji za Chanel"},"content":{"rendered":"<h3><a href=\"https:\/\/moda.covermagazin.com\/wp-content\/uploads\/2021\/02\/Chanel-ljeto-2021-cover.jpg\"><img loading=\"lazy\" decoding=\"async\" class=\"alignnone size-full wp-image-35130\" src=\"https:\/\/moda.covermagazin.com\/wp-content\/uploads\/2021\/02\/Chanel-ljeto-2021-cover.jpg\" alt=\"\" width=\"600\" height=\"400\" \/><\/a><\/h3>\n<h3>Unuka od Grace Kelly u kampanji za Chanel<\/h3>\n<p>Chanel je za sezonu pred nama predstavio prvu modnu kampanju s Charlotte Casiraghi. Charlotte Casiraghi je unuka od prekrasne Grace Kelly. Charlotte je ranije bila za\u0161titno lice modnih ku\u0107a Gucci i Yves Saint Laurent, a ove odlu\u010dila se postati za\u0161titno lice luksuznog branda Chanel. Odje\u0107u koju nosi u kampanji opisala je idealnom \u017eenskom garderobom u kojoj \u0107e se svaka \u017eena osje\u0107ati udobno.<\/p>\n<p><a href=\"https:\/\/moda.covermagazin.com\/wp-content\/uploads\/2021\/02\/Chanel-ljeto-2021-4.jpg\"><img loading=\"lazy\" decoding=\"async\" class=\"alignnone size-full wp-image-35131\" src=\"https:\/\/moda.covermagazin.com\/wp-content\/uploads\/2021\/02\/Chanel-ljeto-2021-4.jpg\" alt=\"\" width=\"600\" height=\"403\" \/><\/a> <a href=\"https:\/\/moda.covermagazin.com\/wp-content\/uploads\/2021\/02\/Chanel-ljeto-2021-3.jpg\"><img loading=\"lazy\" decoding=\"async\" class=\"alignnone size-large wp-image-35132\" src=\"https:\/\/moda.covermagazin.com\/wp-content\/uploads\/2021\/02\/Chanel-ljeto-2021-3.jpg\" alt=\"\" width=\"600\" height=\"403\" \/><\/a> <a href=\"https:\/\/moda.covermagazin.com\/wp-content\/uploads\/2021\/02\/Chanel-ljeto-2021-2.jpg\"><img loading=\"lazy\" decoding=\"async\" class=\"alignnone size-large wp-image-35133\" src=\"https:\/\/moda.covermagazin.com\/wp-content\/uploads\/2021\/02\/Chanel-ljeto-2021-2.jpg\" alt=\"\" width=\"600\" height=\"403\" \/><\/a> <a href=\"https:\/\/moda.covermagazin.com\/wp-content\/uploads\/2021\/02\/Chanel-ljeto-2021-1.jpg\"><img loading=\"lazy\" decoding=\"async\" class=\"alignnone size-large wp-image-35134\" src=\"https:\/\/moda.covermagazin.com\/wp-content\/uploads\/2021\/02\/Chanel-ljeto-2021-1.jpg\" alt=\"\" width=\"600\" height=\"378\" \/><\/a><\/p>\n","protected":false},"excerpt":{"rendered":"<p>Chanel je za sezonu pred nama predstavio prvu modnu kampanju s Charlotte Casiraghi&#8230;<\/p>\n","protected":false},"author":1,"featured_media":0,"comment_status":"open","ping_status":"open","sticky":false,"template":"","format":"standard","meta":{"footnotes":""},"categories":[1180],"tags":[],"class_list":["post-35129","post","type-post","status-publish","format-standard","hentry","category-luksuzna-moda"],"_links":{"self":[{"href":"https:\/\/moda.covermagazin.com\/index.php?rest_route=\/wp\/v2\/posts\/35129","targetHints":{"allow":["GET"]}}],"collection":[{"href":"https:\/\/moda.covermagazin.com\/index.php?rest_route=\/wp\/v2\/posts"}],"about":[{"href":"https:\/\/moda.covermagazin.com\/index.php?rest_route=\/wp\/v2\/types\/post"}],"author":[{"embeddable":true,"href":"https:\/\/moda.covermagazin.com\/index.php?rest_route=\/wp\/v2\/users\/1"}],"replies":[{"embeddable":true,"href":"https:\/\/moda.covermagazin.com\/index.php?rest_route=%2Fwp%2Fv2%2Fcomments&post=35129"}],"version-history":[{"count":1,"href":"https:\/\/moda.covermagazin.com\/index.php?rest_route=\/wp\/v2\/posts\/35129\/revisions"}],"predecessor-version":[{"id":35135,"href":"https:\/\/moda.covermagazin.com\/index.php?rest_route=\/wp\/v2\/posts\/35129\/revisions\/35135"}],"wp:attachment":[{"href":"https:\/\/moda.covermagazin.com\/index.php?rest_route=%2Fwp%2Fv2%2Fmedia&parent=35129"}],"wp:term":[{"taxonomy":"category","embeddable":true,"href":"https:\/\/moda.covermagazin.com\/index.php?rest_route=%2Fwp%2Fv2%2Fcategories&post=35129"},{"taxonomy":"post_tag","embeddable":true,"href":"https:\/\/moda.covermagazin.com\/index.php?rest_route=%2Fwp%2Fv2%2Ftags&post=35129"}],"curies":[{"name":"wp","href":"https:\/\/api.w.org\/{rel}","templated":true}]}}