{"id":35109,"date":"2024-02-12T12:02:24","date_gmt":"2024-02-12T10:02:24","guid":{"rendered":"https:\/\/moda.covermagazin.com\/?p=35109"},"modified":"2024-10-09T14:36:12","modified_gmt":"2024-10-09T12:36:12","slug":"moderne-jakne-za-proljece","status":"publish","type":"post","link":"https:\/\/moda.covermagazin.com\/?p=35109","title":{"rendered":"Moderne ko\u017ene jakne za prolje\u0107e"},"content":{"rendered":"\n<figure class=\"wp-block-image size-full\"><img decoding=\"async\" src=\"https:\/\/moda.covermagazin.com\/wp-content\/uploads\/2024\/02\/kozne-jakne-naslovna.jpg\" alt=\"\" class=\"wp-image-45703\"\/><\/figure>\n\n\n\n<h3 class=\"wp-block-heading\">Moderne ko\u017ene jakne za prolje\u0107e<\/h3>\n\n\n\n<p>Kada krenemo skidati debele pernate i krznene jakne sa sebe, pitamo se kakvu jaknu kupiti za kasnu zimu i rano prolje\u0107e.<\/p>\n\n\n\n<p>Ove sezone pravi hit su ko\u017ene jakne. Ove jakne djeluju zimski i toplo, ali nikako nisu pretople za prve proljetne sun\u010dane dane, ali njihova najve\u0107a prednost je \u0161to djeluju istovremeno i casual i glamurozno. <\/p>\n\n\n\n<p>Moderne su tako\u0111er jakne od drugih materijala, a koje imaju ko\u017ene detalje.<\/p>\n\n\n\n<p>Pogledajte ispod kakve ko\u017ene jakne su odabrale zvijezde.<\/p>\n\n\n\n<p><strong>Ko\u017ene jakne na zvijezdama, velja\u010da 2024:<\/strong><\/p>\n\n\n\n<figure class=\"wp-block-gallery has-nested-images columns-2 is-cropped wp-block-gallery-1 is-layout-flex wp-block-gallery-is-layout-flex\">\n<figure class=\"wp-block-image size-large\"><img decoding=\"async\" data-id=\"45699\" src=\"https:\/\/moda.covermagazin.com\/wp-content\/uploads\/2024\/02\/kozne-jakne-4.jpg\" alt=\"\" class=\"wp-image-45699\"\/><figcaption class=\"wp-element-caption\">Rochelle Humes<\/figcaption><\/figure>\n\n\n\n<figure class=\"wp-block-image size-large\"><img decoding=\"async\" data-id=\"45701\" src=\"https:\/\/moda.covermagazin.com\/wp-content\/uploads\/2024\/02\/kozne-jakne-5.jpg\" alt=\"\" class=\"wp-image-45701\"\/><figcaption class=\"wp-element-caption\">Kim Kardashian<\/figcaption><\/figure>\n\n\n\n<figure class=\"wp-block-image size-large\"><img decoding=\"async\" data-id=\"45702\" src=\"https:\/\/moda.covermagazin.com\/wp-content\/uploads\/2024\/02\/kozne-jakne-3.jpg\" alt=\"\" class=\"wp-image-45702\"\/><figcaption class=\"wp-element-caption\">Dianne Buswell<\/figcaption><\/figure>\n\n\n\n<figure class=\"wp-block-image size-large\"><img decoding=\"async\" data-id=\"45698\" src=\"https:\/\/moda.covermagazin.com\/wp-content\/uploads\/2024\/02\/kozne-jakne-2.jpg\" alt=\"\" class=\"wp-image-45698\"\/><figcaption class=\"wp-element-caption\">Tracee Ellis Ross<\/figcaption><\/figure>\n\n\n\n<figure class=\"wp-block-image size-large\"><img decoding=\"async\" data-id=\"45700\" src=\"https:\/\/moda.covermagazin.com\/wp-content\/uploads\/2024\/02\/kozne-jakne.jpg\" alt=\"\" class=\"wp-image-45700\"\/><figcaption class=\"wp-element-caption\">Emily Ratajkowski<\/figcaption><\/figure>\n<\/figure>\n\n\n\n<p><\/p>\n","protected":false},"excerpt":{"rendered":"<p>Moderne ko\u017ene jakne za prolje\u0107e Kada krenemo skidati debele pernate i krznene jakne sa sebe, pitamo se kakvu jaknu kupiti za kasnu zimu i rano prolje\u0107e. Ove sezone pravi hit su ko\u017ene jakne. Ove jakne djeluju zimski i toplo, ali nikako nisu pretople za prve proljetne sun\u010dane dane, ali njihova najve\u0107a prednost je \u0161to djeluju [&hellip;]<\/p>\n","protected":false},"author":1,"featured_media":0,"comment_status":"open","ping_status":"open","sticky":false,"template":"","format":"standard","meta":{"footnotes":""},"categories":[1043,1179],"tags":[1105,1329,1121,1108],"class_list":["post-35109","post","type-post","status-publish","format-standard","hentry","category-moda-2018","category-najnovija-moda","tag-jakne","tag-moda-proljece","tag-moderni-krzneni-kaputi","tag-zimske-jakne"],"_links":{"self":[{"href":"https:\/\/moda.covermagazin.com\/index.php?rest_route=\/wp\/v2\/posts\/35109","targetHints":{"allow":["GET"]}}],"collection":[{"href":"https:\/\/moda.covermagazin.com\/index.php?rest_route=\/wp\/v2\/posts"}],"about":[{"href":"https:\/\/moda.covermagazin.com\/index.php?rest_route=\/wp\/v2\/types\/post"}],"author":[{"embeddable":true,"href":"https:\/\/moda.covermagazin.com\/index.php?rest_route=\/wp\/v2\/users\/1"}],"replies":[{"embeddable":true,"href":"https:\/\/moda.covermagazin.com\/index.php?rest_route=%2Fwp%2Fv2%2Fcomments&post=35109"}],"version-history":[{"count":3,"href":"https:\/\/moda.covermagazin.com\/index.php?rest_route=\/wp\/v2\/posts\/35109\/revisions"}],"predecessor-version":[{"id":48369,"href":"https:\/\/moda.covermagazin.com\/index.php?rest_route=\/wp\/v2\/posts\/35109\/revisions\/48369"}],"wp:attachment":[{"href":"https:\/\/moda.covermagazin.com\/index.php?rest_route=%2Fwp%2Fv2%2Fmedia&parent=35109"}],"wp:term":[{"taxonomy":"category","embeddable":true,"href":"https:\/\/moda.covermagazin.com\/index.php?rest_route=%2Fwp%2Fv2%2Fcategories&post=35109"},{"taxonomy":"post_tag","embeddable":true,"href":"https:\/\/moda.covermagazin.com\/index.php?rest_route=%2Fwp%2Fv2%2Ftags&post=35109"}],"curies":[{"name":"wp","href":"https:\/\/api.w.org\/{rel}","templated":true}]}}