{"id":35104,"date":"2021-02-08T11:10:09","date_gmt":"2021-02-08T09:10:09","guid":{"rendered":"https:\/\/moda.covermagazin.com\/?p=35104"},"modified":"2021-10-18T09:11:49","modified_gmt":"2021-10-18T07:11:49","slug":"dvije-hit-frizure-za-podignutu-kosu","status":"publish","type":"post","link":"https:\/\/moda.covermagazin.com\/?p=35104","title":{"rendered":"Dvije hit frizure za podignutu kosu"},"content":{"rendered":"<p>Dvije hit frizure za podignutu kosu<\/p>\n<p>\u017dene s dugom kosom znaju kako je nije uvijek prakti\u010dno nositi pu\u0161tenu, ali s podizanjem, odnosno vezanjem u pun\u0111u ili rep kosa dobiva sasvim novu dimenziju. Ispod su dvije frizure koje trebate nositi ove sezone za moderan izgled.<\/p>\n<p>Podignuta kosa u rep ili pun\u0111u s puno volumena (kosu je prije vezanja potrebno natapirati) s nekoliko pramenova koji uokviruju lice hit je frizura. Odli\u010dna je za poslovne, dnevne, ali i sve\u010dane prilike.<\/p>\n<p><a href=\"https:\/\/moda.covermagazin.com\/wp-content\/uploads\/2021\/02\/Moderne-frizure-za-dugu-podignutu-kosu-2.jpg\"><img loading=\"lazy\" decoding=\"async\" class=\"alignnone size-full wp-image-35106\" src=\"https:\/\/moda.covermagazin.com\/wp-content\/uploads\/2021\/02\/Moderne-frizure-za-dugu-podignutu-kosu-2.jpg\" alt=\"\" width=\"600\" height=\"400\" \/><\/a><\/p>\n<p>Kosa vezana u polurep druga je frizura koju su isprobale gotovo sve poznate dame u nekom obliku. Kod ove frizure kosa se ve\u017ee u glatki polurep, a volumen je u kosi preostaloj ispod repa.<\/p>\n<p><a href=\"https:\/\/moda.covermagazin.com\/wp-content\/uploads\/2021\/02\/Moderne-frizure-za-dugu-podignutu-kosu-1.jpg\"><img loading=\"lazy\" decoding=\"async\" class=\"alignnone size-large wp-image-35107\" src=\"https:\/\/moda.covermagazin.com\/wp-content\/uploads\/2021\/02\/Moderne-frizure-za-dugu-podignutu-kosu-1.jpg\" alt=\"\" width=\"600\" height=\"400\" \/><\/a><\/p>\n","protected":false},"excerpt":{"rendered":"<p>Dvije hit frizure za podignutu kosu \u017dene s dugom kosom znaju kako je nije uvijek prakti\u010dno nositi pu\u0161tenu, ali s podizanjem, odnosno vezanjem u pun\u0111u ili rep kosa dobiva sasvim novu dimenziju. Ispod su dvije frizure koje trebate nositi ove sezone za moderan izgled. Podignuta kosa u rep ili pun\u0111u s puno volumena (kosu je [&hellip;]<\/p>\n","protected":false},"author":1,"featured_media":0,"comment_status":"open","ping_status":"open","sticky":false,"template":"","format":"standard","meta":{"footnotes":""},"categories":[4],"tags":[1080,1197,1081,1318,1328],"class_list":["post-35104","post","type-post","status-publish","format-standard","hentry","category-frizure_poznatih","tag-frizure-2016","tag-moderne-frizure-za-dugu-kosu","tag-moderne-frizure","tag-moderne-frizure-2021","tag-najmodernija-frizura-2021"],"_links":{"self":[{"href":"https:\/\/moda.covermagazin.com\/index.php?rest_route=\/wp\/v2\/posts\/35104","targetHints":{"allow":["GET"]}}],"collection":[{"href":"https:\/\/moda.covermagazin.com\/index.php?rest_route=\/wp\/v2\/posts"}],"about":[{"href":"https:\/\/moda.covermagazin.com\/index.php?rest_route=\/wp\/v2\/types\/post"}],"author":[{"embeddable":true,"href":"https:\/\/moda.covermagazin.com\/index.php?rest_route=\/wp\/v2\/users\/1"}],"replies":[{"embeddable":true,"href":"https:\/\/moda.covermagazin.com\/index.php?rest_route=%2Fwp%2Fv2%2Fcomments&post=35104"}],"version-history":[{"count":1,"href":"https:\/\/moda.covermagazin.com\/index.php?rest_route=\/wp\/v2\/posts\/35104\/revisions"}],"predecessor-version":[{"id":35108,"href":"https:\/\/moda.covermagazin.com\/index.php?rest_route=\/wp\/v2\/posts\/35104\/revisions\/35108"}],"wp:attachment":[{"href":"https:\/\/moda.covermagazin.com\/index.php?rest_route=%2Fwp%2Fv2%2Fmedia&parent=35104"}],"wp:term":[{"taxonomy":"category","embeddable":true,"href":"https:\/\/moda.covermagazin.com\/index.php?rest_route=%2Fwp%2Fv2%2Fcategories&post=35104"},{"taxonomy":"post_tag","embeddable":true,"href":"https:\/\/moda.covermagazin.com\/index.php?rest_route=%2Fwp%2Fv2%2Ftags&post=35104"}],"curies":[{"name":"wp","href":"https:\/\/api.w.org\/{rel}","templated":true}]}}