{"id":34708,"date":"2022-01-24T16:04:55","date_gmt":"2022-01-24T14:04:55","guid":{"rendered":"https:\/\/moda.covermagazin.com\/?p=34708"},"modified":"2024-10-09T11:54:06","modified_gmt":"2024-10-09T09:54:06","slug":"najljepse-svecane-haljine-koje-ste-vidjeli","status":"publish","type":"post","link":"https:\/\/moda.covermagazin.com\/?p=34708","title":{"rendered":"Najljep\u0161e sve\u010dane haljine koje ste vidjeli"},"content":{"rendered":"\n<h3 class=\"wp-block-heading\"><a href=\"https:\/\/moda.covermagazin.com\/wp-content\/uploads\/2021\/01\/svecane-haljine-2021-cover.jpg\"><img loading=\"lazy\" decoding=\"async\" class=\"alignnone size-full wp-image-34709\" src=\"https:\/\/moda.covermagazin.com\/wp-content\/uploads\/2021\/01\/svecane-haljine-2021-cover.jpg\" alt=\"\" width=\"600\" height=\"400\"><\/a><\/h3>\n\n\n\n<h3 class=\"wp-block-heading\">Najljep\u0161e sve\u010dane haljine koje ste vidjeli<\/h3>\n\n\n\n<p>Bez obzira kakva su va\u0161a o\u010dekivanja za 2022. i mi\u0161ljenje ho\u0107e li sve\u010danih prilika biti ili ne\u0107e, ovo su sve\u010dane haljine koje morate vidjeti. Svake sezone iznova, za haljine Tar\u0131k Ediza pi\u0161emo kako su najljep\u0161e haljine koje ste ikada vidjeli, a svake sljede\u0107e nadma\u0161i ono \u0161to je pro\u0161le predstavio. Tako da su haljine ispod zaista najljep\u0161e sve\u010dane haljine koje ste vidjeli:<\/p>\n\n\n\n<figure class=\"wp-block-image size-large\"><img decoding=\"async\" src=\"https:\/\/moda.covermagazin.com\/wp-content\/uploads\/2022\/01\/svecane-haljine-2022-11.jpg\" alt=\"\" class=\"wp-image-39608\"\/><\/figure>\n\n\n\n<figure class=\"wp-block-image size-large\"><img decoding=\"async\" src=\"https:\/\/moda.covermagazin.com\/wp-content\/uploads\/2022\/01\/svecane-haljine-2022-10.jpg\" alt=\"\" class=\"wp-image-39609\"\/><\/figure>\n\n\n\n<figure class=\"wp-block-image size-large\"><img decoding=\"async\" src=\"https:\/\/moda.covermagazin.com\/wp-content\/uploads\/2022\/01\/svecane-haljine-2022-9.jpg\" alt=\"\" class=\"wp-image-39610\"\/><\/figure>\n\n\n\n<figure class=\"wp-block-image size-large\"><img decoding=\"async\" src=\"https:\/\/moda.covermagazin.com\/wp-content\/uploads\/2022\/01\/svecane-haljine-2022-8.jpg\" alt=\"\" class=\"wp-image-39611\"\/><\/figure>\n\n\n\n<figure class=\"wp-block-image size-full\"><img decoding=\"async\" src=\"https:\/\/moda.covermagazin.com\/wp-content\/uploads\/2022\/01\/svecane-haljine-2022-7-2.jpg\" alt=\"\" class=\"wp-image-39620\"\/><\/figure>\n\n\n\n<figure class=\"wp-block-image size-full\"><img decoding=\"async\" src=\"https:\/\/moda.covermagazin.com\/wp-content\/uploads\/2022\/01\/svecane-haljine-2022-6-1.jpg\" alt=\"\" class=\"wp-image-39625\"\/><\/figure>\n\n\n\n<figure class=\"wp-block-image size-full\"><img decoding=\"async\" src=\"https:\/\/moda.covermagazin.com\/wp-content\/uploads\/2022\/01\/svecane-haljine-2022-55-1.jpg\" alt=\"\" class=\"wp-image-39622\"\/><\/figure>\n\n\n\n<figure class=\"wp-block-image size-full\"><img decoding=\"async\" src=\"https:\/\/moda.covermagazin.com\/wp-content\/uploads\/2022\/01\/svecane-haljine-2022-4-1.jpg\" alt=\"\" class=\"wp-image-39623\"\/><\/figure>\n\n\n\n<figure class=\"wp-block-image size-full\"><img decoding=\"async\" src=\"https:\/\/moda.covermagazin.com\/wp-content\/uploads\/2022\/01\/svecane-haljine-2022-3-1.jpg\" alt=\"\" class=\"wp-image-39624\"\/><\/figure>\n\n\n\n<figure class=\"wp-block-image size-full\"><img decoding=\"async\" src=\"https:\/\/moda.covermagazin.com\/wp-content\/uploads\/2022\/01\/svecane-haljine-2022-2-1.jpg\" alt=\"\" class=\"wp-image-39621\"\/><\/figure>\n\n\n\n<figure class=\"wp-block-image size-full\"><img decoding=\"async\" src=\"https:\/\/moda.covermagazin.com\/wp-content\/uploads\/2022\/01\/svecane-haljine-2022-1-1.jpg\" alt=\"\" class=\"wp-image-39626\"\/><\/figure>\n\n\n\n<p>Sve\u010dane haljine iz kolekcije za 2021. <\/p>\n\n\n\n<figure class=\"wp-block-image\"><a href=\"https:\/\/moda.covermagazin.com\/wp-content\/uploads\/2021\/01\/svecane-haljine-2021-10.jpg\"><img decoding=\"async\" src=\"https:\/\/moda.covermagazin.com\/wp-content\/uploads\/2021\/01\/svecane-haljine-2021-10.jpg\" alt=\"\" class=\"wp-image-34710\"\/><\/a><\/figure>\n\n\n\n<figure class=\"wp-block-image\"><a href=\"https:\/\/moda.covermagazin.com\/wp-content\/uploads\/2021\/01\/svecane-haljine-2021-9.jpg\"><img decoding=\"async\" src=\"https:\/\/moda.covermagazin.com\/wp-content\/uploads\/2021\/01\/svecane-haljine-2021-9.jpg\" alt=\"\" class=\"wp-image-34711\"\/><\/a><\/figure>\n\n\n\n<figure class=\"wp-block-image\"><a href=\"https:\/\/moda.covermagazin.com\/wp-content\/uploads\/2021\/01\/svecane-haljine-2021-8.jpg\"><img decoding=\"async\" src=\"https:\/\/moda.covermagazin.com\/wp-content\/uploads\/2021\/01\/svecane-haljine-2021-8.jpg\" alt=\"\" class=\"wp-image-34712\"\/><\/a><\/figure>\n\n\n\n<figure class=\"wp-block-image\"><a href=\"https:\/\/moda.covermagazin.com\/wp-content\/uploads\/2021\/01\/svecane-haljine-2021-7.jpg\"><img decoding=\"async\" src=\"https:\/\/moda.covermagazin.com\/wp-content\/uploads\/2021\/01\/svecane-haljine-2021-7.jpg\" alt=\"\" class=\"wp-image-34713\"\/><\/a><\/figure>\n\n\n\n<figure class=\"wp-block-image\"><a href=\"https:\/\/moda.covermagazin.com\/wp-content\/uploads\/2021\/01\/svecane-haljine-2021-6.jpg\"><img decoding=\"async\" src=\"https:\/\/moda.covermagazin.com\/wp-content\/uploads\/2021\/01\/svecane-haljine-2021-6.jpg\" alt=\"\" class=\"wp-image-34714\"\/><\/a><\/figure>\n\n\n\n<figure class=\"wp-block-image\"><a href=\"https:\/\/moda.covermagazin.com\/wp-content\/uploads\/2021\/01\/svecane-haljine-2021-5.jpg\"><img decoding=\"async\" src=\"https:\/\/moda.covermagazin.com\/wp-content\/uploads\/2021\/01\/svecane-haljine-2021-5.jpg\" alt=\"\" class=\"wp-image-34715\"\/><\/a><\/figure>\n\n\n\n<figure class=\"wp-block-image\"><a href=\"https:\/\/moda.covermagazin.com\/wp-content\/uploads\/2021\/01\/svecane-haljine-2021-4.jpg\"><img decoding=\"async\" src=\"https:\/\/moda.covermagazin.com\/wp-content\/uploads\/2021\/01\/svecane-haljine-2021-4.jpg\" alt=\"\" class=\"wp-image-34716\"\/><\/a><\/figure>\n\n\n\n<figure class=\"wp-block-image\"><a href=\"https:\/\/moda.covermagazin.com\/wp-content\/uploads\/2021\/01\/svecane-haljine-2021-3.jpg\"><img decoding=\"async\" src=\"https:\/\/moda.covermagazin.com\/wp-content\/uploads\/2021\/01\/svecane-haljine-2021-3.jpg\" alt=\"\" class=\"wp-image-34717\"\/><\/a><\/figure>\n\n\n\n<figure class=\"wp-block-image\"><a href=\"https:\/\/moda.covermagazin.com\/wp-content\/uploads\/2021\/01\/svecane-haljine-2021-2.jpg\"><img decoding=\"async\" src=\"https:\/\/moda.covermagazin.com\/wp-content\/uploads\/2021\/01\/svecane-haljine-2021-2.jpg\" alt=\"\" class=\"wp-image-34718\"\/><\/a><\/figure>\n\n\n\n<figure class=\"wp-block-image\"><a href=\"https:\/\/moda.covermagazin.com\/wp-content\/uploads\/2021\/01\/svecane-haljine-2021-1.jpg\"><img decoding=\"async\" src=\"https:\/\/moda.covermagazin.com\/wp-content\/uploads\/2021\/01\/svecane-haljine-2021-1.jpg\" alt=\"\" class=\"wp-image-34719\"\/><\/a><\/figure>\n","protected":false},"excerpt":{"rendered":"<p>Najljep\u0161e sve\u010dane haljine koje ste vidjeli Bez obzira kakva su va\u0161a o\u010dekivanja za 2022. i mi\u0161ljenje ho\u0107e li sve\u010danih prilika biti ili ne\u0107e, ovo su sve\u010dane haljine koje morate vidjeti. Svake sezone iznova, za haljine Tar\u0131k Ediza pi\u0161emo kako su najljep\u0161e haljine koje ste ikada vidjeli, a svake sljede\u0107e nadma\u0161i ono \u0161to je pro\u0161le predstavio. [&hellip;]<\/p>\n","protected":false},"author":1,"featured_media":0,"comment_status":"open","ping_status":"open","sticky":false,"template":"","format":"standard","meta":{"footnotes":""},"categories":[1180,1043],"tags":[1214,1347,1199,1506,1092,1204,1505],"class_list":["post-34708","post","type-post","status-publish","format-standard","hentry","category-luksuzna-moda","category-moda-2018","tag-haljine-za-maturalnu-vecer","tag-svecane-haljine-za-svadbu","tag-maturalne-haljine","tag-svecana-moda","tag-svecane-haljine","tag-svecane-haljine-2019","tag-vecernja-moda"],"_links":{"self":[{"href":"https:\/\/moda.covermagazin.com\/index.php?rest_route=\/wp\/v2\/posts\/34708","targetHints":{"allow":["GET"]}}],"collection":[{"href":"https:\/\/moda.covermagazin.com\/index.php?rest_route=\/wp\/v2\/posts"}],"about":[{"href":"https:\/\/moda.covermagazin.com\/index.php?rest_route=\/wp\/v2\/types\/post"}],"author":[{"embeddable":true,"href":"https:\/\/moda.covermagazin.com\/index.php?rest_route=\/wp\/v2\/users\/1"}],"replies":[{"embeddable":true,"href":"https:\/\/moda.covermagazin.com\/index.php?rest_route=%2Fwp%2Fv2%2Fcomments&post=34708"}],"version-history":[{"count":3,"href":"https:\/\/moda.covermagazin.com\/index.php?rest_route=\/wp\/v2\/posts\/34708\/revisions"}],"predecessor-version":[{"id":39633,"href":"https:\/\/moda.covermagazin.com\/index.php?rest_route=\/wp\/v2\/posts\/34708\/revisions\/39633"}],"wp:attachment":[{"href":"https:\/\/moda.covermagazin.com\/index.php?rest_route=%2Fwp%2Fv2%2Fmedia&parent=34708"}],"wp:term":[{"taxonomy":"category","embeddable":true,"href":"https:\/\/moda.covermagazin.com\/index.php?rest_route=%2Fwp%2Fv2%2Fcategories&post=34708"},{"taxonomy":"post_tag","embeddable":true,"href":"https:\/\/moda.covermagazin.com\/index.php?rest_route=%2Fwp%2Fv2%2Ftags&post=34708"}],"curies":[{"name":"wp","href":"https:\/\/api.w.org\/{rel}","templated":true}]}}