{"id":34650,"date":"2024-11-14T06:01:44","date_gmt":"2024-11-14T04:01:44","guid":{"rendered":"https:\/\/moda.covermagazin.com\/?p=34650"},"modified":"2025-01-08T19:05:48","modified_gmt":"2025-01-08T17:05:48","slug":"savrsene-frizure-za-kratku-kosu-za-2021","status":"publish","type":"post","link":"https:\/\/moda.covermagazin.com\/?p=34650","title":{"rendered":"Savr\u0161ene frizure za kratku kosu"},"content":{"rendered":"\n<figure class=\"wp-block-image size-full\"><img decoding=\"async\" src=\"https:\/\/moda.covermagazin.com\/wp-content\/uploads\/2020\/09\/kratke-frizure-a4.jpg\" alt=\"\" class=\"wp-image-50577\"\/><\/figure>\n\n\n\n<h3 class=\"wp-block-heading\">Savr\u0161ene frizure za kratku kosu<\/h3>\n\n\n\n<p>Za sezonu pred nama ve\u0107ina modnih dizajnera ve\u0107 je predstavila svoje kolekcije, a u njima si i naznake za trendove frizura kakve \u0107e se nositi kroz prolje\u0107e i ljeto 2025. Prema idejama stilista i dizajnera mnoge zvijezde su ve\u0107 zapo\u010dele s no\u0161enjem frizura koje su predstavljene za sezonu unaprijed. Ispod su frizure poznatih od kra\u0107ih prema du\u017eim, ali koje se mogu smatrati kratkom kosom, koje su moderne u ovoj sezoni, a vjerojatno \u0107e biti moderne i u sezoni pred nama. <\/p>\n\n\n\n<figure class=\"wp-block-gallery has-nested-images columns-default is-cropped wp-block-gallery-1 is-layout-flex wp-block-gallery-is-layout-flex\">\n<figure class=\"wp-block-image size-large\"><img decoding=\"async\" data-id=\"50608\" src=\"https:\/\/moda.covermagazin.com\/wp-content\/uploads\/2023\/07\/Kratke-frizure-za-mlade-zene-1.jpg\" alt=\"\" class=\"wp-image-50608\"\/><\/figure>\n\n\n\n<figure class=\"wp-block-image size-large\"><img decoding=\"async\" data-id=\"50595\" src=\"https:\/\/moda.covermagazin.com\/wp-content\/uploads\/2022\/05\/kratke-frizure-2025-3.jpg\" alt=\"\" class=\"wp-image-50595\"\/><\/figure>\n\n\n\n<figure class=\"wp-block-image size-large\"><img decoding=\"async\" data-id=\"50583\" src=\"https:\/\/moda.covermagazin.com\/wp-content\/uploads\/2021\/12\/kratke-frizure-2024-cover.jpg\" alt=\"\" class=\"wp-image-50583\"\/><\/figure>\n\n\n\n<figure class=\"wp-block-image size-large\"><img decoding=\"async\" data-id=\"50579\" src=\"https:\/\/moda.covermagazin.com\/wp-content\/uploads\/2020\/09\/kratke-frizure-a2.jpg\" alt=\"\" class=\"wp-image-50579\"\/><\/figure>\n\n\n\n<figure class=\"wp-block-image size-large\"><img decoding=\"async\" data-id=\"50576\" src=\"https:\/\/moda.covermagazin.com\/wp-content\/uploads\/2020\/09\/kratke-frizure-a5.jpg\" alt=\"\" class=\"wp-image-50576\"\/><\/figure>\n\n\n\n<figure class=\"wp-block-image size-large\"><img decoding=\"async\" data-id=\"50577\" src=\"https:\/\/moda.covermagazin.com\/wp-content\/uploads\/2020\/09\/kratke-frizure-a4.jpg\" alt=\"\" class=\"wp-image-50577\"\/><\/figure>\n\n\n\n<figure class=\"wp-block-image size-large\"><img decoding=\"async\" data-id=\"50578\" src=\"https:\/\/moda.covermagazin.com\/wp-content\/uploads\/2020\/09\/kratke-frizure-a3.jpg\" alt=\"\" class=\"wp-image-50578\"\/><\/figure>\n\n\n\n<figure class=\"wp-block-image size-large\"><img decoding=\"async\" data-id=\"50580\" src=\"https:\/\/moda.covermagazin.com\/wp-content\/uploads\/2020\/09\/kratke-frizure-a1.jpg\" alt=\"\" class=\"wp-image-50580\"\/><\/figure>\n\n\n\n<figure class=\"wp-block-image size-large\"><img decoding=\"async\" data-id=\"50599\" src=\"https:\/\/moda.covermagazin.com\/wp-content\/uploads\/2023\/05\/kratka-kosa-2024-f.jpg\" alt=\"\" class=\"wp-image-50599\"\/><\/figure>\n\n\n\n<figure class=\"wp-block-image size-large\"><img decoding=\"async\" data-id=\"50605\" src=\"https:\/\/moda.covermagazin.com\/wp-content\/uploads\/2023\/07\/Kratke-frizure-za-mlade-zene-6.jpg\" alt=\"\" class=\"wp-image-50605\"\/><\/figure>\n\n\n\n<figure class=\"wp-block-image size-large\"><img decoding=\"async\" data-id=\"50609\" src=\"https:\/\/moda.covermagazin.com\/wp-content\/uploads\/2023\/07\/Kratke-frizure-za-mlade-zene-3.jpg\" alt=\"\" class=\"wp-image-50609\"\/><\/figure>\n\n\n\n<figure class=\"wp-block-image size-large\"><img decoding=\"async\" data-id=\"50607\" src=\"https:\/\/moda.covermagazin.com\/wp-content\/uploads\/2023\/07\/Kratke-frizure-za-mlade-zene-2.jpg\" alt=\"\" class=\"wp-image-50607\"\/><\/figure>\n\n\n\n<figure class=\"wp-block-image size-large\"><img decoding=\"async\" data-id=\"50602\" src=\"https:\/\/moda.covermagazin.com\/wp-content\/uploads\/2023\/05\/kratka-kosa-2024-2.jpg\" alt=\"\" class=\"wp-image-50602\"\/><\/figure>\n\n\n\n<figure class=\"wp-block-image size-large\"><img decoding=\"async\" data-id=\"50570\" src=\"https:\/\/moda.covermagazin.com\/wp-content\/uploads\/2024\/11\/kratke-frizure-2024-cover.jpg\" alt=\"\" class=\"wp-image-50570\"\/><\/figure>\n\n\n\n<figure class=\"wp-block-image size-large\"><img decoding=\"async\" data-id=\"50606\" src=\"https:\/\/moda.covermagazin.com\/wp-content\/uploads\/2023\/07\/Kratke-frizure-za-mlade-zene-5.jpg\" alt=\"\" class=\"wp-image-50606\"\/><\/figure>\n\n\n\n<figure class=\"wp-block-image size-large\"><img decoding=\"async\" data-id=\"50630\" src=\"https:\/\/moda.covermagazin.com\/wp-content\/uploads\/2021\/04\/kratka-kosa.jpg\" alt=\"\" class=\"wp-image-50630\"\/><\/figure>\n\n\n\n<figure class=\"wp-block-image size-large\"><img decoding=\"async\" data-id=\"50566\" src=\"https:\/\/moda.covermagazin.com\/wp-content\/uploads\/2023\/09\/bob-frizura-zima-2024-cover.jpg\" alt=\"\" class=\"wp-image-50566\"\/><\/figure>\n\n\n\n<figure class=\"wp-block-image size-large\"><img decoding=\"async\" data-id=\"50565\" src=\"https:\/\/moda.covermagazin.com\/wp-content\/uploads\/2023\/09\/bob-frizura-zima-2024-5.jpg\" alt=\"\" class=\"wp-image-50565\"\/><\/figure>\n\n\n\n<figure class=\"wp-block-image size-large\"><img decoding=\"async\" data-id=\"50564\" src=\"https:\/\/moda.covermagazin.com\/wp-content\/uploads\/2023\/09\/bob-frizura-zima-2024-4.jpg\" alt=\"\" class=\"wp-image-50564\"\/><\/figure>\n\n\n\n<figure class=\"wp-block-image size-large\"><img decoding=\"async\" data-id=\"50589\" src=\"https:\/\/moda.covermagazin.com\/wp-content\/uploads\/2022\/03\/kratke-frizure-za-2024-1.jpg\" alt=\"\" class=\"wp-image-50589\"\/><\/figure>\n\n\n\n<figure class=\"wp-block-image size-large\"><img decoding=\"async\" data-id=\"50563\" src=\"https:\/\/moda.covermagazin.com\/wp-content\/uploads\/2023\/09\/bob-frizura-zima-2024-3.jpg\" alt=\"\" class=\"wp-image-50563\"\/><\/figure>\n<\/figure>\n\n\n\n<p><\/p>\n\n\n\n<p>&nbsp;<\/p>\n","protected":false},"excerpt":{"rendered":"<p>Savr\u0161ene frizure za kratku kosu Za sezonu pred nama ve\u0107ina modnih dizajnera ve\u0107 je predstavila svoje kolekcije, a u njima si i naznake za trendove frizura kakve \u0107e se nositi kroz prolje\u0107e i ljeto 2025. Prema idejama stilista i dizajnera mnoge zvijezde su ve\u0107 zapo\u010dele s no\u0161enjem frizura koje su predstavljene za sezonu unaprijed. Ispod [&hellip;]<\/p>\n","protected":false},"author":1,"featured_media":0,"comment_status":"open","ping_status":"open","sticky":false,"template":"","format":"standard","meta":{"footnotes":""},"categories":[4,1179],"tags":[1192,1213,1328],"class_list":["post-34650","post","type-post","status-publish","format-standard","hentry","category-frizure_poznatih","category-najnovija-moda","tag-kratka-kosa","tag-kratke-frizure","tag-najmodernija-frizura-2021"],"_links":{"self":[{"href":"https:\/\/moda.covermagazin.com\/index.php?rest_route=\/wp\/v2\/posts\/34650","targetHints":{"allow":["GET"]}}],"collection":[{"href":"https:\/\/moda.covermagazin.com\/index.php?rest_route=\/wp\/v2\/posts"}],"about":[{"href":"https:\/\/moda.covermagazin.com\/index.php?rest_route=\/wp\/v2\/types\/post"}],"author":[{"embeddable":true,"href":"https:\/\/moda.covermagazin.com\/index.php?rest_route=\/wp\/v2\/users\/1"}],"replies":[{"embeddable":true,"href":"https:\/\/moda.covermagazin.com\/index.php?rest_route=%2Fwp%2Fv2%2Fcomments&post=34650"}],"version-history":[{"count":2,"href":"https:\/\/moda.covermagazin.com\/index.php?rest_route=\/wp\/v2\/posts\/34650\/revisions"}],"predecessor-version":[{"id":50634,"href":"https:\/\/moda.covermagazin.com\/index.php?rest_route=\/wp\/v2\/posts\/34650\/revisions\/50634"}],"wp:attachment":[{"href":"https:\/\/moda.covermagazin.com\/index.php?rest_route=%2Fwp%2Fv2%2Fmedia&parent=34650"}],"wp:term":[{"taxonomy":"category","embeddable":true,"href":"https:\/\/moda.covermagazin.com\/index.php?rest_route=%2Fwp%2Fv2%2Fcategories&post=34650"},{"taxonomy":"post_tag","embeddable":true,"href":"https:\/\/moda.covermagazin.com\/index.php?rest_route=%2Fwp%2Fv2%2Ftags&post=34650"}],"curies":[{"name":"wp","href":"https:\/\/api.w.org\/{rel}","templated":true}]}}