{"id":34443,"date":"2025-01-01T11:48:26","date_gmt":"2025-01-01T09:48:26","guid":{"rendered":"https:\/\/moda.covermagazin.com\/?p=34443"},"modified":"2025-01-10T12:51:29","modified_gmt":"2025-01-10T10:51:29","slug":"3-kratke-frizure-za-2021-koje-morate-probati","status":"publish","type":"post","link":"https:\/\/moda.covermagazin.com\/?p=34443","title":{"rendered":"3 moderne kratke frizure za 2025. koje morate probati"},"content":{"rendered":"\n<figure class=\"wp-block-image size-full\"><img decoding=\"async\" src=\"https:\/\/moda.covermagazin.com\/wp-content\/uploads\/2023\/07\/Kratke-frizure-za-mlade-zene-5.jpg\" alt=\"\" class=\"wp-image-50606\"\/><\/figure>\n\n\n\n<h2 class=\"wp-block-heading\">3 kratke frizure koje morate probati<\/h2>\n\n\n\n<p>Ispod su tri popularne frizure za kratku kosu koje svakako trebate isprobati u 2025. Prednosti kratkih frizura je \u0161to omogu\u0107avaju \u010desto mijenjanje frizure, ali i boje kose, jer kosa br\u017ee izrasta cijelom svojom du\u017einom pa joj ne\u0107e na\u0161koditi \u010desto feniranje, bojenje ili stiliziranje.<\/p>\n\n\n\n<p>Uz frizure ispod vrijedi napomenuti kako su i kovr\u010de bonus stil koji je dobrodo\u0161ao na svakoj od ovih frizura. Valovi, uvojci, kovr\u010de pa i mini val u trendu su \u0161to zbog lako\u0107e odr\u017eavanja, \u0161to zbog prakti\u010dnosti ovakve frizure. <\/p>\n\n\n\n<h3 class=\"wp-block-heading\">3 kratke frizure za jesen koje morate probati<\/h3>\n\n\n\n<p>Kratka frizura sa \u0161i\u0161kama ove sezone je jako popularna, bilo da \u0161i\u0161ke nosite na stranu preko \u010dela ili su visoko podignute. <\/p>\n\n\n\n<figure class=\"wp-block-image size-full\"><img decoding=\"async\" src=\"https:\/\/moda.covermagazin.com\/wp-content\/uploads\/2020\/09\/kratke-frizure-a4.jpg\" alt=\"\" class=\"wp-image-50577\"\/><\/figure>\n\n\n\n<p>Stil &#8220;fudbalerke&#8221; ove je godine uskrsnuo i postao jedna od modernijih frizura za kratku kosu.<\/p>\n\n\n\n<figure class=\"wp-block-image size-full\"><img decoding=\"async\" src=\"https:\/\/moda.covermagazin.com\/wp-content\/uploads\/2024\/11\/Kratka-haljina-od-barsuna-Mango.jpg\" alt=\"\" class=\"wp-image-50548\"\/><figcaption class=\"wp-element-caption\">Kratka haljina od bar\u0161una Mango<\/figcaption><\/figure>\n\n\n\n<p>Kratki bob koji je du\u017einom izme\u0111u bob frizure i kratke kose, a koji pomalo sli\u010di i na kratku pa\u017e frizuru tako\u0111er je popularna frizura. Ako imate kra\u0107u kosu ovaj stil vrijedi isprobati. <\/p>\n\n\n\n<figure class=\"wp-block-image size-full\"><img decoding=\"async\" src=\"https:\/\/moda.covermagazin.com\/wp-content\/uploads\/2023\/07\/Kratke-frizure-za-mlade-zene-5.jpg\" alt=\"\" class=\"wp-image-50606\"\/><\/figure>\n","protected":false},"excerpt":{"rendered":"<p>3 kratke frizure koje morate probati Ispod su tri popularne frizure za kratku kosu koje svakako trebate isprobati u 2025. Prednosti kratkih frizura je \u0161to omogu\u0107avaju \u010desto mijenjanje frizure, ali i boje kose, jer kosa br\u017ee izrasta cijelom svojom du\u017einom pa joj ne\u0107e na\u0161koditi \u010desto feniranje, bojenje ili stiliziranje. Uz frizure ispod vrijedi napomenuti kako [&hellip;]<\/p>\n","protected":false},"author":1,"featured_media":0,"comment_status":"open","ping_status":"open","sticky":false,"template":"","format":"standard","meta":{"footnotes":""},"categories":[3],"tags":[1080,1213],"class_list":["post-34443","post","type-post","status-publish","format-standard","hentry","category-modni_trendovi","tag-frizure-2016","tag-kratke-frizure"],"_links":{"self":[{"href":"https:\/\/moda.covermagazin.com\/index.php?rest_route=\/wp\/v2\/posts\/34443","targetHints":{"allow":["GET"]}}],"collection":[{"href":"https:\/\/moda.covermagazin.com\/index.php?rest_route=\/wp\/v2\/posts"}],"about":[{"href":"https:\/\/moda.covermagazin.com\/index.php?rest_route=\/wp\/v2\/types\/post"}],"author":[{"embeddable":true,"href":"https:\/\/moda.covermagazin.com\/index.php?rest_route=\/wp\/v2\/users\/1"}],"replies":[{"embeddable":true,"href":"https:\/\/moda.covermagazin.com\/index.php?rest_route=%2Fwp%2Fv2%2Fcomments&post=34443"}],"version-history":[{"count":9,"href":"https:\/\/moda.covermagazin.com\/index.php?rest_route=\/wp\/v2\/posts\/34443\/revisions"}],"predecessor-version":[{"id":51297,"href":"https:\/\/moda.covermagazin.com\/index.php?rest_route=\/wp\/v2\/posts\/34443\/revisions\/51297"}],"wp:attachment":[{"href":"https:\/\/moda.covermagazin.com\/index.php?rest_route=%2Fwp%2Fv2%2Fmedia&parent=34443"}],"wp:term":[{"taxonomy":"category","embeddable":true,"href":"https:\/\/moda.covermagazin.com\/index.php?rest_route=%2Fwp%2Fv2%2Fcategories&post=34443"},{"taxonomy":"post_tag","embeddable":true,"href":"https:\/\/moda.covermagazin.com\/index.php?rest_route=%2Fwp%2Fv2%2Ftags&post=34443"}],"curies":[{"name":"wp","href":"https:\/\/api.w.org\/{rel}","templated":true}]}}