{"id":33135,"date":"2020-11-11T10:37:46","date_gmt":"2020-11-11T08:37:46","guid":{"rendered":"https:\/\/moda.covermagazin.com\/?p=33135"},"modified":"2024-10-07T09:39:25","modified_gmt":"2024-10-07T07:39:25","slug":"za-moderan-izgled-u-ovoj-sezoni-prekopirajte-stil-svoje-bake","status":"publish","type":"post","link":"https:\/\/moda.covermagazin.com\/?p=33135","title":{"rendered":"Za moderan izgled u ovoj sezoni prekopirajte stil svoje bake"},"content":{"rendered":"<h3><a href=\"https:\/\/moda.covermagazin.com\/wp-content\/uploads\/2020\/11\/Za-moderan-izgled-u-ovoj-sezoni-prekopirajte-stil-svoje-bake-COVER.jpg\"><img loading=\"lazy\" decoding=\"async\" class=\"alignnone size-full wp-image-33136\" src=\"https:\/\/moda.covermagazin.com\/wp-content\/uploads\/2020\/11\/Za-moderan-izgled-u-ovoj-sezoni-prekopirajte-stil-svoje-bake-COVER.jpg\" alt=\"Moderni kaputi\" width=\"600\" height=\"401\" \/><\/a><\/h3>\n<h3>Za moderan izgled u ovoj sezoni prekopirajte stil svoje bake<\/h3>\n<p>Ako \u017eelite u ovoj sezoni izgledati moderno razmislite o stilu svoje bake i prekopirajte.<\/p>\n<p>Moderni su karirani kaputi, kaputi od tvida, kaputi do sredine listova ili do gle\u017enja. A savr\u0161enu kombinaciju posti\u0107i \u0107ete ako ispod odjenete haljinu u stilu \u0161ezdesetih.<\/p>\n<p><a href=\"https:\/\/moda.covermagazin.com\/wp-content\/uploads\/2020\/11\/Za-moderan-izgled-u-ovoj-sezoni-prekopirajte-stil-svoje-bake-2-COVER.jpg\"><img loading=\"lazy\" decoding=\"async\" class=\"alignnone size-full wp-image-33138\" src=\"https:\/\/moda.covermagazin.com\/wp-content\/uploads\/2020\/11\/Za-moderan-izgled-u-ovoj-sezoni-prekopirajte-stil-svoje-bake-2-COVER.jpg\" alt=\"\" width=\"600\" height=\"779\" \/><\/a> <a href=\"https:\/\/moda.covermagazin.com\/wp-content\/uploads\/2020\/11\/Za-moderan-izgled-u-ovoj-sezoni-prekopirajte-stil-svoje-bake-3-COVER.jpg\"><img loading=\"lazy\" decoding=\"async\" class=\"alignnone size-full wp-image-33137\" src=\"https:\/\/moda.covermagazin.com\/wp-content\/uploads\/2020\/11\/Za-moderan-izgled-u-ovoj-sezoni-prekopirajte-stil-svoje-bake-3-COVER.jpg\" alt=\"\" width=\"600\" height=\"900\" \/><\/a><\/p>\n<p><a href=\"https:\/\/moda.covermagazin.com\/wp-content\/uploads\/2020\/11\/Za-moderan-izgled-u-ovoj-sezoni-prekopirajte-stil-svoje-bake-1-COVER-1.jpg\"><img loading=\"lazy\" decoding=\"async\" class=\"alignnone size-full wp-image-33140\" src=\"https:\/\/moda.covermagazin.com\/wp-content\/uploads\/2020\/11\/Za-moderan-izgled-u-ovoj-sezoni-prekopirajte-stil-svoje-bake-1-COVER-1.jpg\" alt=\"\" width=\"600\" height=\"799\" \/><\/a><\/p>\n<p><strong>Vezani \u010dlanci:<\/strong><\/p>\n<h3><a href=\"https:\/\/moda.covermagazin.com\/?tag=moderni-kaputi\">Moderni kaputi\u00a0<\/a><\/h3>\n","protected":false},"excerpt":{"rendered":"<p>Za moderan izgled u ovoj sezoni prekopirajte stil svoje bake Ako \u017eelite u ovoj sezoni izgledati moderno razmislite o stilu svoje bake i prekopirajte. Moderni su karirani kaputi, kaputi od tvida, kaputi do sredine listova ili do gle\u017enja. A savr\u0161enu kombinaciju posti\u0107i \u0107ete ako ispod odjenete haljinu u stilu \u0161ezdesetih. Vezani \u010dlanci: Moderni kaputi\u00a0<\/p>\n","protected":false},"author":1,"featured_media":0,"comment_status":"open","ping_status":"open","sticky":false,"template":"","format":"standard","meta":{"footnotes":""},"categories":[3],"tags":[1104,1109],"class_list":["post-33135","post","type-post","status-publish","format-standard","hentry","category-modni_trendovi","tag-kaputi","tag-moderni-kaputi"],"_links":{"self":[{"href":"https:\/\/moda.covermagazin.com\/index.php?rest_route=\/wp\/v2\/posts\/33135","targetHints":{"allow":["GET"]}}],"collection":[{"href":"https:\/\/moda.covermagazin.com\/index.php?rest_route=\/wp\/v2\/posts"}],"about":[{"href":"https:\/\/moda.covermagazin.com\/index.php?rest_route=\/wp\/v2\/types\/post"}],"author":[{"embeddable":true,"href":"https:\/\/moda.covermagazin.com\/index.php?rest_route=\/wp\/v2\/users\/1"}],"replies":[{"embeddable":true,"href":"https:\/\/moda.covermagazin.com\/index.php?rest_route=%2Fwp%2Fv2%2Fcomments&post=33135"}],"version-history":[{"count":3,"href":"https:\/\/moda.covermagazin.com\/index.php?rest_route=\/wp\/v2\/posts\/33135\/revisions"}],"predecessor-version":[{"id":48625,"href":"https:\/\/moda.covermagazin.com\/index.php?rest_route=\/wp\/v2\/posts\/33135\/revisions\/48625"}],"wp:attachment":[{"href":"https:\/\/moda.covermagazin.com\/index.php?rest_route=%2Fwp%2Fv2%2Fmedia&parent=33135"}],"wp:term":[{"taxonomy":"category","embeddable":true,"href":"https:\/\/moda.covermagazin.com\/index.php?rest_route=%2Fwp%2Fv2%2Fcategories&post=33135"},{"taxonomy":"post_tag","embeddable":true,"href":"https:\/\/moda.covermagazin.com\/index.php?rest_route=%2Fwp%2Fv2%2Ftags&post=33135"}],"curies":[{"name":"wp","href":"https:\/\/api.w.org\/{rel}","templated":true}]}}