{"id":33112,"date":"2020-11-10T12:27:25","date_gmt":"2020-11-10T10:27:25","guid":{"rendered":"https:\/\/moda.covermagazin.com\/?p=33112"},"modified":"2020-11-10T12:27:25","modified_gmt":"2020-11-10T10:27:25","slug":"moderne-cizme-za-dan","status":"publish","type":"post","link":"https:\/\/moda.covermagazin.com\/?p=33112","title":{"rendered":"Moderne \u010dizme za dan"},"content":{"rendered":"<h3><a href=\"https:\/\/moda.covermagazin.com\/?attachment_id=33122\"><img loading=\"lazy\" decoding=\"async\" class=\"alignnone wp-image-33122 size-full\" src=\"https:\/\/moda.covermagazin.com\/wp-content\/uploads\/2020\/11\/Moderne-cizme-za-dan-Cover.jpg\" alt=\"\" width=\"600\" height=\"400\" \/><\/a><\/h3>\n<h3>Moderne \u010dizme za dan<\/h3>\n<p>&nbsp;<\/p>\n<p>Moderne dnevne \u010dizme ove sezone su udobne, prakti\u010dne i razli\u010ditih stilova.<\/p>\n<p>Ove sezone \u010dizme djeluju jednostavno, no istovremeno imaju posebnosti i izra\u017eene odre\u0111ene karakteristike, bilo da se radi o potplatu ili metalnim ukrasima.<\/p>\n<figure id=\"attachment_33113\" aria-describedby=\"caption-attachment-33113\" style=\"width: 500px\" class=\"wp-caption alignnone\"><a href=\"https:\/\/moda.covermagazin.com\/wp-content\/uploads\/2020\/11\/Moderne-cizme-za-dan-Christian-Louboutin.jpg\"><img loading=\"lazy\" decoding=\"async\" class=\"size-full wp-image-33113\" src=\"https:\/\/moda.covermagazin.com\/wp-content\/uploads\/2020\/11\/Moderne-cizme-za-dan-Christian-Louboutin.jpg\" alt=\"\" width=\"500\" height=\"480\" \/><\/a><figcaption id=\"caption-attachment-33113\" class=\"wp-caption-text\">Christian Louboutin<\/figcaption><\/figure>\n<figure id=\"attachment_33114\" aria-describedby=\"caption-attachment-33114\" style=\"width: 500px\" class=\"wp-caption alignnone\"><a href=\"https:\/\/moda.covermagazin.com\/wp-content\/uploads\/2020\/11\/Moderne-cizme-za-dan-Fendi.jpg\"><img loading=\"lazy\" decoding=\"async\" class=\"size-full wp-image-33114\" src=\"https:\/\/moda.covermagazin.com\/wp-content\/uploads\/2020\/11\/Moderne-cizme-za-dan-Fendi.jpg\" alt=\"\" width=\"500\" height=\"536\" \/><\/a><figcaption id=\"caption-attachment-33114\" class=\"wp-caption-text\">Fendi<\/figcaption><\/figure>\n<figure id=\"attachment_33115\" aria-describedby=\"caption-attachment-33115\" style=\"width: 500px\" class=\"wp-caption alignnone\"><a href=\"https:\/\/moda.covermagazin.com\/wp-content\/uploads\/2020\/11\/Moderne-cizme-za-dan-GUESS-2.jpg\"><img loading=\"lazy\" decoding=\"async\" class=\"size-full wp-image-33115\" src=\"https:\/\/moda.covermagazin.com\/wp-content\/uploads\/2020\/11\/Moderne-cizme-za-dan-GUESS-2.jpg\" alt=\"\" width=\"500\" height=\"372\" \/><\/a><figcaption id=\"caption-attachment-33115\" class=\"wp-caption-text\">GUESS<\/figcaption><\/figure>\n<figure id=\"attachment_33116\" aria-describedby=\"caption-attachment-33116\" style=\"width: 500px\" class=\"wp-caption alignnone\"><a href=\"https:\/\/moda.covermagazin.com\/wp-content\/uploads\/2020\/11\/Moderne-cizme-za-dan-GUESS.jpg\"><img loading=\"lazy\" decoding=\"async\" class=\"size-full wp-image-33116\" src=\"https:\/\/moda.covermagazin.com\/wp-content\/uploads\/2020\/11\/Moderne-cizme-za-dan-GUESS.jpg\" alt=\"\" width=\"500\" height=\"419\" \/><\/a><figcaption id=\"caption-attachment-33116\" class=\"wp-caption-text\">GUESS<\/figcaption><\/figure>\n<figure id=\"attachment_33117\" aria-describedby=\"caption-attachment-33117\" style=\"width: 500px\" class=\"wp-caption alignnone\"><a href=\"https:\/\/moda.covermagazin.com\/wp-content\/uploads\/2020\/11\/Moderne-cizme-za-dan-Jimmy-Choo.jpg\"><img loading=\"lazy\" decoding=\"async\" class=\"size-full wp-image-33117\" src=\"https:\/\/moda.covermagazin.com\/wp-content\/uploads\/2020\/11\/Moderne-cizme-za-dan-Jimmy-Choo.jpg\" alt=\"\" width=\"500\" height=\"490\" \/><\/a><figcaption id=\"caption-attachment-33117\" class=\"wp-caption-text\">Jimmy Choo<\/figcaption><\/figure>\n<figure id=\"attachment_33118\" aria-describedby=\"caption-attachment-33118\" style=\"width: 500px\" class=\"wp-caption alignnone\"><a href=\"https:\/\/moda.covermagazin.com\/wp-content\/uploads\/2020\/11\/Moderne-cizme-za-dan-Kate-Gray.jpg\"><img loading=\"lazy\" decoding=\"async\" class=\"size-full wp-image-33118\" src=\"https:\/\/moda.covermagazin.com\/wp-content\/uploads\/2020\/11\/Moderne-cizme-za-dan-Kate-Gray.jpg\" alt=\"\" width=\"500\" height=\"376\" \/><\/a><figcaption id=\"caption-attachment-33118\" class=\"wp-caption-text\">Kate Gray<\/figcaption><\/figure>\n<figure id=\"attachment_33119\" aria-describedby=\"caption-attachment-33119\" style=\"width: 500px\" class=\"wp-caption alignnone\"><a href=\"https:\/\/moda.covermagazin.com\/wp-content\/uploads\/2020\/11\/Moderne-cizme-za-dan-Prada.jpg\"><img loading=\"lazy\" decoding=\"async\" class=\"size-full wp-image-33119\" src=\"https:\/\/moda.covermagazin.com\/wp-content\/uploads\/2020\/11\/Moderne-cizme-za-dan-Prada.jpg\" alt=\"\" width=\"500\" height=\"519\" \/><\/a><figcaption id=\"caption-attachment-33119\" class=\"wp-caption-text\">Prada<\/figcaption><\/figure>\n<figure id=\"attachment_33120\" aria-describedby=\"caption-attachment-33120\" style=\"width: 500px\" class=\"wp-caption alignnone\"><a href=\"https:\/\/moda.covermagazin.com\/wp-content\/uploads\/2020\/11\/Moderne-cizme-za-dan-Stuart-Weitzman.jpg\"><img loading=\"lazy\" decoding=\"async\" class=\"size-full wp-image-33120\" src=\"https:\/\/moda.covermagazin.com\/wp-content\/uploads\/2020\/11\/Moderne-cizme-za-dan-Stuart-Weitzman.jpg\" alt=\"\" width=\"500\" height=\"625\" \/><\/a><figcaption id=\"caption-attachment-33120\" class=\"wp-caption-text\">Stuart Weitzman<\/figcaption><\/figure>\n<figure id=\"attachment_33121\" aria-describedby=\"caption-attachment-33121\" style=\"width: 500px\" class=\"wp-caption alignnone\"><a href=\"https:\/\/moda.covermagazin.com\/wp-content\/uploads\/2020\/11\/Moderne-cizme-za-dan-UGG.jpg\"><img loading=\"lazy\" decoding=\"async\" class=\"size-full wp-image-33121\" src=\"https:\/\/moda.covermagazin.com\/wp-content\/uploads\/2020\/11\/Moderne-cizme-za-dan-UGG.jpg\" alt=\"\" width=\"500\" height=\"500\" \/><\/a><figcaption id=\"caption-attachment-33121\" class=\"wp-caption-text\">UGG<\/figcaption><\/figure>\n<p>&nbsp;<\/p>\n","protected":false},"excerpt":{"rendered":"<p>Moderne \u010dizme za dan &nbsp; Moderne dnevne \u010dizme ove sezone su udobne, prakti\u010dne i razli\u010ditih stilova. Ove sezone \u010dizme djeluju jednostavno, no istovremeno imaju posebnosti i izra\u017eene odre\u0111ene karakteristike, bilo da se radi o potplatu ili metalnim ukrasima. &nbsp;<\/p>\n","protected":false},"author":1,"featured_media":0,"comment_status":"open","ping_status":"open","sticky":false,"template":"","format":"standard","meta":{"footnotes":""},"categories":[1043],"tags":[1095,1164,1220,1098,1103,1165],"class_list":["post-33112","post","type-post","status-publish","format-standard","hentry","category-moda-2018","tag-cizme-2019","tag-gleznjace","tag-moda-jesen-zima-2020-2021","tag-moderne-cizme","tag-cizme","tag-moderne-gleznjace"],"_links":{"self":[{"href":"https:\/\/moda.covermagazin.com\/index.php?rest_route=\/wp\/v2\/posts\/33112","targetHints":{"allow":["GET"]}}],"collection":[{"href":"https:\/\/moda.covermagazin.com\/index.php?rest_route=\/wp\/v2\/posts"}],"about":[{"href":"https:\/\/moda.covermagazin.com\/index.php?rest_route=\/wp\/v2\/types\/post"}],"author":[{"embeddable":true,"href":"https:\/\/moda.covermagazin.com\/index.php?rest_route=\/wp\/v2\/users\/1"}],"replies":[{"embeddable":true,"href":"https:\/\/moda.covermagazin.com\/index.php?rest_route=%2Fwp%2Fv2%2Fcomments&post=33112"}],"version-history":[{"count":1,"href":"https:\/\/moda.covermagazin.com\/index.php?rest_route=\/wp\/v2\/posts\/33112\/revisions"}],"predecessor-version":[{"id":33123,"href":"https:\/\/moda.covermagazin.com\/index.php?rest_route=\/wp\/v2\/posts\/33112\/revisions\/33123"}],"wp:attachment":[{"href":"https:\/\/moda.covermagazin.com\/index.php?rest_route=%2Fwp%2Fv2%2Fmedia&parent=33112"}],"wp:term":[{"taxonomy":"category","embeddable":true,"href":"https:\/\/moda.covermagazin.com\/index.php?rest_route=%2Fwp%2Fv2%2Fcategories&post=33112"},{"taxonomy":"post_tag","embeddable":true,"href":"https:\/\/moda.covermagazin.com\/index.php?rest_route=%2Fwp%2Fv2%2Ftags&post=33112"}],"curies":[{"name":"wp","href":"https:\/\/api.w.org\/{rel}","templated":true}]}}