{"id":33102,"date":"2020-11-09T11:46:25","date_gmt":"2020-11-09T09:46:25","guid":{"rendered":"https:\/\/moda.covermagazin.com\/?p=33102"},"modified":"2024-12-05T10:26:05","modified_gmt":"2024-12-05T08:26:05","slug":"moderan-dnevni-look-jesen-zima-2020-2021","status":"publish","type":"post","link":"https:\/\/moda.covermagazin.com\/?p=33102","title":{"rendered":"Moderan dnevni look jesen zima 2021."},"content":{"rendered":"<p><a href=\"https:\/\/moda.covermagazin.com\/?attachment_id=33103\"><img loading=\"lazy\" decoding=\"async\" class=\"alignnone wp-image-33103 size-full\" src=\"https:\/\/moda.covermagazin.com\/wp-content\/uploads\/2020\/11\/Moderan-dnevni-look-Cover.jpg\" alt=\"\" width=\"600\" height=\"400\" \/><\/a><\/p>\n<h3>Moderan dnevni look jesen zima 2021.<\/h3>\n<p>Donosimo ideje za moderne dnevne kombinacije ove jeseni i zime.<\/p>\n<p>Ove sezone moderna odje\u0107a ja udobna, topla, moderni su razli\u010diti stilovi te mo\u017eete pokazati osobnost.<\/p>\n<figure id=\"attachment_33108\" aria-describedby=\"caption-attachment-33108\" style=\"width: 500px\" class=\"wp-caption alignnone\"><a href=\"https:\/\/moda.covermagazin.com\/wp-content\/uploads\/2020\/11\/Moderan-dnevni-look-Mango-1.jpg\"><img loading=\"lazy\" decoding=\"async\" class=\"size-full wp-image-33108\" src=\"https:\/\/moda.covermagazin.com\/wp-content\/uploads\/2020\/11\/Moderan-dnevni-look-Mango-1.jpg\" alt=\"\" width=\"500\" height=\"699\" \/><\/a><figcaption id=\"caption-attachment-33108\" class=\"wp-caption-text\">Mango<\/figcaption><\/figure>\n<figure id=\"attachment_33109\" aria-describedby=\"caption-attachment-33109\" style=\"width: 500px\" class=\"wp-caption alignnone\"><a href=\"https:\/\/moda.covermagazin.com\/wp-content\/uploads\/2020\/11\/Moderan-dnevni-look-Mango-2.jpg\"><img loading=\"lazy\" decoding=\"async\" class=\"size-full wp-image-33109\" src=\"https:\/\/moda.covermagazin.com\/wp-content\/uploads\/2020\/11\/Moderan-dnevni-look-Mango-2.jpg\" alt=\"\" width=\"500\" height=\"699\" \/><\/a><figcaption id=\"caption-attachment-33109\" class=\"wp-caption-text\">Mango<\/figcaption><\/figure>\n<figure id=\"attachment_33110\" aria-describedby=\"caption-attachment-33110\" style=\"width: 500px\" class=\"wp-caption alignnone\"><a href=\"https:\/\/moda.covermagazin.com\/wp-content\/uploads\/2020\/11\/Moderan-dnevni-look-Mango-3.jpg\"><img loading=\"lazy\" decoding=\"async\" class=\"size-full wp-image-33110\" src=\"https:\/\/moda.covermagazin.com\/wp-content\/uploads\/2020\/11\/Moderan-dnevni-look-Mango-3.jpg\" alt=\"\" width=\"500\" height=\"699\" \/><\/a><figcaption id=\"caption-attachment-33110\" class=\"wp-caption-text\">hla\u010d Mango<\/figcaption><\/figure>\n<figure id=\"attachment_33104\" aria-describedby=\"caption-attachment-33104\" style=\"width: 500px\" class=\"wp-caption alignnone\"><a href=\"https:\/\/moda.covermagazin.com\/wp-content\/uploads\/2020\/11\/Moderan-dnevni-look-A.L.C.-2.jpg\"><img loading=\"lazy\" decoding=\"async\" class=\"size-full wp-image-33104\" src=\"https:\/\/moda.covermagazin.com\/wp-content\/uploads\/2020\/11\/Moderan-dnevni-look-A.L.C.-2.jpg\" alt=\"\" width=\"500\" height=\"700\" \/><\/a><figcaption id=\"caption-attachment-33104\" class=\"wp-caption-text\">A.L.C.<\/figcaption><\/figure>\n<figure id=\"attachment_33105\" aria-describedby=\"caption-attachment-33105\" style=\"width: 500px\" class=\"wp-caption alignnone\"><a href=\"https:\/\/moda.covermagazin.com\/wp-content\/uploads\/2020\/11\/Moderan-dnevni-look-A.L.C..jpg\"><img loading=\"lazy\" decoding=\"async\" class=\"size-full wp-image-33105\" src=\"https:\/\/moda.covermagazin.com\/wp-content\/uploads\/2020\/11\/Moderan-dnevni-look-A.L.C..jpg\" alt=\"\" width=\"500\" height=\"622\" \/><\/a><figcaption id=\"caption-attachment-33105\" class=\"wp-caption-text\">A.L.C.<\/figcaption><\/figure>\n<figure id=\"attachment_33106\" aria-describedby=\"caption-attachment-33106\" style=\"width: 500px\" class=\"wp-caption alignnone\"><a href=\"https:\/\/moda.covermagazin.com\/wp-content\/uploads\/2020\/11\/Moderan-dnevni-look-GOLDSIGN.jpg\"><img loading=\"lazy\" decoding=\"async\" class=\"size-full wp-image-33106\" src=\"https:\/\/moda.covermagazin.com\/wp-content\/uploads\/2020\/11\/Moderan-dnevni-look-GOLDSIGN.jpg\" alt=\"\" width=\"500\" height=\"700\" \/><\/a><figcaption id=\"caption-attachment-33106\" class=\"wp-caption-text\">GOLDSIGN<\/figcaption><\/figure>\n<figure id=\"attachment_33107\" aria-describedby=\"caption-attachment-33107\" style=\"width: 500px\" class=\"wp-caption alignnone\"><a href=\"https:\/\/moda.covermagazin.com\/wp-content\/uploads\/2020\/11\/Moderan-dnevni-look-TRAVE.jpg\"><img loading=\"lazy\" decoding=\"async\" class=\"size-full wp-image-33107\" src=\"https:\/\/moda.covermagazin.com\/wp-content\/uploads\/2020\/11\/Moderan-dnevni-look-TRAVE.jpg\" alt=\"\" width=\"500\" height=\"700\" \/><\/a><figcaption id=\"caption-attachment-33107\" class=\"wp-caption-text\">TRAVE<\/figcaption><\/figure>\n<p>&nbsp;<\/p>\n","protected":false},"excerpt":{"rendered":"<p>Moderan dnevni look jesen zima 2021. Donosimo ideje za moderne dnevne kombinacije ove jeseni i zime. Ove sezone moderna odje\u0107a ja udobna, topla, moderni su razli\u010diti stilovi te mo\u017eete pokazati osobnost. &nbsp;<\/p>\n","protected":false},"author":1,"featured_media":0,"comment_status":"open","ping_status":"open","sticky":false,"template":"","format":"standard","meta":{"footnotes":""},"categories":[3],"tags":[1162,1104,1330,1248,1220,1331,1163,1109],"class_list":["post-33102","post","type-post","status-publish","format-standard","hentry","category-modni_trendovi","tag-hlace","tag-kaputi","tag-moda-jesen","tag-moda-jesen-zima","tag-moda-jesen-zima-2020-2021","tag-moda-zima","tag-moderne-hlace","tag-moderni-kaputi"],"_links":{"self":[{"href":"https:\/\/moda.covermagazin.com\/index.php?rest_route=\/wp\/v2\/posts\/33102","targetHints":{"allow":["GET"]}}],"collection":[{"href":"https:\/\/moda.covermagazin.com\/index.php?rest_route=\/wp\/v2\/posts"}],"about":[{"href":"https:\/\/moda.covermagazin.com\/index.php?rest_route=\/wp\/v2\/types\/post"}],"author":[{"embeddable":true,"href":"https:\/\/moda.covermagazin.com\/index.php?rest_route=\/wp\/v2\/users\/1"}],"replies":[{"embeddable":true,"href":"https:\/\/moda.covermagazin.com\/index.php?rest_route=%2Fwp%2Fv2%2Fcomments&post=33102"}],"version-history":[{"count":3,"href":"https:\/\/moda.covermagazin.com\/index.php?rest_route=\/wp\/v2\/posts\/33102\/revisions"}],"predecessor-version":[{"id":48557,"href":"https:\/\/moda.covermagazin.com\/index.php?rest_route=\/wp\/v2\/posts\/33102\/revisions\/48557"}],"wp:attachment":[{"href":"https:\/\/moda.covermagazin.com\/index.php?rest_route=%2Fwp%2Fv2%2Fmedia&parent=33102"}],"wp:term":[{"taxonomy":"category","embeddable":true,"href":"https:\/\/moda.covermagazin.com\/index.php?rest_route=%2Fwp%2Fv2%2Fcategories&post=33102"},{"taxonomy":"post_tag","embeddable":true,"href":"https:\/\/moda.covermagazin.com\/index.php?rest_route=%2Fwp%2Fv2%2Ftags&post=33102"}],"curies":[{"name":"wp","href":"https:\/\/api.w.org\/{rel}","templated":true}]}}