{"id":32423,"date":"2024-09-11T18:07:25","date_gmt":"2024-09-11T16:07:25","guid":{"rendered":"https:\/\/moda.covermagazin.com\/?p=32423"},"modified":"2024-10-09T14:35:35","modified_gmt":"2024-10-09T12:35:35","slug":"moderne-gleznjace-i-na-sto-nositi-cizme-gleznjace","status":"publish","type":"post","link":"https:\/\/moda.covermagazin.com\/?p=32423","title":{"rendered":"Moderne gle\u017enja\u010de i na \u0161to nositi \u010dizme gle\u017enja\u010de?"},"content":{"rendered":"\n<h3 class=\"wp-block-heading\"><a href=\"https:\/\/moda.covermagazin.com\/wp-content\/uploads\/2020\/09\/0-Moderne-gle\u017enja\u010de-i-na-\u0161to-nositi-\u010dizme-gle\u017enja\u010de-1.jpg\"><img loading=\"lazy\" decoding=\"async\" class=\"alignnone size-full wp-image-32424\" src=\"https:\/\/moda.covermagazin.com\/wp-content\/uploads\/2020\/09\/0-Moderne-gle\u017enja\u010de-i-na-\u0161to-nositi-\u010dizme-gle\u017enja\u010de-1.jpg\" alt=\"\" width=\"600\" height=\"400\"><\/a><\/h3>\n\n\n\n<h3 class=\"wp-block-heading\">Moderne gle\u017enja\u010de i na \u0161to nositi \u010dizme gle\u017enja\u010de?<\/h3>\n\n\n\n<p>Moderne gle\u017enja\u010de su neizostavne za jesensku i zimsku sezonu, no, osim imati moderne gle\u017enja\u010de bitno je i kako ih i na \u0161to kombinirate. Kako se trendovi odje\u0107e i obu\u0107e mijenjaju tako se mijenja i stil no\u0161enja gle\u017enja\u010da.<\/p>\n\n\n\n<p>\u010cak se i osnovna pravila mode mijenjaju, te ako \u017eelite moderan look prilagodite se novim stilovima. Dok su jedno vrijeme gle\u017enja\u010de u kombinaciji s \u010dizmama zna\u010dile da se gle\u017enja\u010de kompletno vide i da hla\u010de idu u gle\u017enja\u010de, novi trendovi su da hla\u010de idu preko gle\u017enja\u010da. U velikoj mjeri izbor \u0107e ovisiti o stilu hla\u010da odnosno da li su u\u017ee ili \u0161ire, kao i o du\u017eini hla\u010da.<\/p>\n\n\n\n<p>Ispod pogledajte moderne gle\u017enja\u010de za jesen i zimu u modernim kombinacijama:<\/p>\n\n\n\n<figure class=\"wp-block-gallery has-nested-images columns-1 is-cropped wp-block-gallery-1 is-layout-flex wp-block-gallery-is-layout-flex\">\n<figure class=\"wp-block-image size-large\"><img decoding=\"async\" data-id=\"47189\" src=\"https:\/\/moda.covermagazin.com\/wp-content\/uploads\/2024\/09\/Moderne-gleznjace-i-na-sto-nositi-cizme-gleznjace-Hugo-Boss-4.jpg\" alt=\"Moderne gle\u017enja\u010de i na \u0161to nositi \u010dizme gle\u017enja\u010de\" class=\"wp-image-47189\"\/><figcaption class=\"wp-element-caption\">Hugo Boss<\/figcaption><\/figure>\n\n\n\n<figure class=\"wp-block-image size-large\"><img decoding=\"async\" data-id=\"47190\" src=\"https:\/\/moda.covermagazin.com\/wp-content\/uploads\/2024\/09\/Moderne-gleznjace-i-na-sto-nositi-cizme-gleznjace-Hugo-Boss-5.jpg\" alt=\"Moderne gle\u017enja\u010de i na \u0161to nositi \u010dizme gle\u017enja\u010de\" class=\"wp-image-47190\"\/><figcaption class=\"wp-element-caption\">Hugo Boss<\/figcaption><\/figure>\n\n\n\n<figure class=\"wp-block-image size-large\"><img decoding=\"async\" data-id=\"47191\" src=\"https:\/\/moda.covermagazin.com\/wp-content\/uploads\/2024\/09\/Moderne-gleznjace-i-na-sto-nositi-cizme-gleznjace-Hugo-Boss-6.jpg\" alt=\"Moderne gle\u017enja\u010de i na \u0161to nositi \u010dizme gle\u017enja\u010de\" class=\"wp-image-47191\"\/><figcaption class=\"wp-element-caption\">Hugo Boss<\/figcaption><\/figure>\n\n\n\n<figure class=\"wp-block-image size-large\"><img decoding=\"async\" data-id=\"47192\" src=\"https:\/\/moda.covermagazin.com\/wp-content\/uploads\/2024\/09\/Moderne-gleznjace-i-na-sto-nositi-cizme-gleznjace-Hugo-Boss-7.jpg\" alt=\"Moderne gle\u017enja\u010de i na \u0161to nositi \u010dizme gle\u017enja\u010de\" class=\"wp-image-47192\"\/><figcaption class=\"wp-element-caption\">Hugo Boss<\/figcaption><\/figure>\n\n\n\n<figure class=\"wp-block-image size-large\"><img decoding=\"async\" data-id=\"47188\" src=\"https:\/\/moda.covermagazin.com\/wp-content\/uploads\/2024\/09\/Moderne-gleznjace-i-na-sto-nositi-cizme-gleznjace-Hugo-Boss-3.jpg\" alt=\"Moderne gle\u017enja\u010de i na \u0161to nositi \u010dizme gle\u017enja\u010de\" class=\"wp-image-47188\"\/><figcaption class=\"wp-element-caption\">Hugo Boss<\/figcaption><\/figure>\n\n\n\n<figure class=\"wp-block-image size-large\"><img decoding=\"async\" data-id=\"47187\" src=\"https:\/\/moda.covermagazin.com\/wp-content\/uploads\/2024\/09\/Moderne-gleznjace-i-na-sto-nositi-cizme-gleznjace-Hugo-Boss-2.jpg\" alt=\"Moderne gle\u017enja\u010de i na \u0161to nositi \u010dizme gle\u017enja\u010de\" class=\"wp-image-47187\"\/><figcaption class=\"wp-element-caption\">Hugo Boss<\/figcaption><\/figure>\n\n\n\n<figure class=\"wp-block-image size-large\"><img decoding=\"async\" data-id=\"47186\" src=\"https:\/\/moda.covermagazin.com\/wp-content\/uploads\/2024\/09\/1-Liu-Jo-Moderne-gleznjace-i-na-sto-nositi-cizme-gleznjace.jpg\" alt=\"Moderne gle\u017enja\u010de i na \u0161to nositi \u010dizme gle\u017enja\u010de\" class=\"wp-image-47186\"\/><figcaption class=\"wp-element-caption\">Liu Jo<\/figcaption><\/figure>\n<\/figure>\n\n\n\n<h3 class=\"wp-block-heading\">Kako u gle\u017enja\u010dama izgledati vitkije<\/h3>\n\n\n\n<p>Gle\u017enja\u010de su popularna obu\u0107a, no u nekim slu\u010dajevima s njima treba biti oprezan. One mogu opti\u010dki skratiti nogu, i figuri u\u010diniti debljom. Razlog je \u0161to one su kratke, opti\u010dki presijecaju nogu, te sve izgleda bez poveznice<\/p>\n\n\n\n<h4 class=\"wp-block-heading\">&#8211; Kako kombinirati tajice i gle\u017enja\u010de<\/h4>\n\n\n\n<p>Kako bi opti\u010dki izdu\u017eili noge jedna je opcija su tajice.<\/p>\n\n\n\n<p>Druga varijanta je za one koji nose kra\u0107e suknje, da \u0161trample odnosno \u010darape budu iste boje kao gle\u017enja\u010de kako bi se spojile u cjelinu i izdu\u017eile nogu. Ako se radi o tamnim gle\u017enja\u010dama birajte i tamne \u010darape dok sa svijetlim prozirne boje \u010darapa.<\/p>\n\n\n\n<h4 class=\"wp-block-heading\">&#8211; Kako kombinirati suknje i haljine s gle\u017enja\u010dama<\/h4>\n\n\n\n<p>Gle\u017enja\u010de bi bilo najbolje kombinirati s kra\u0107im suknjama i haljinama, odnosno s mini du\u017einom suknji i haljina, ili sa suknjama i haljinama iznad koljena.<\/p>\n\n\n\n<p>Druga opcija su duge suknje i haljine, koje prekrivaju i dio gle\u017enja\u010da, te na taj na\u010din spajanjem boje suknje i gle\u017enja\u010da, opti\u010dki izdu\u017euju figuru. I u tom slu\u010daju neka boja \u010darapa prati boju gle\u017enja\u010da. Odli\u010dan izbor su lepr\u0161ave, zvonolike i \u0161ire duge suknje s visokim strukom. Ukoliko gornji dio ide u suknju tada \u0107e donji dio tijela djelovati jo\u0161 izdu\u017eenije.<\/p>\n\n\n\n<p>Uz gle\u017enja\u010de bi bilo bolje izbjegavati midi du\u017eine, odnosno suknje i haljine koje su ispod koljena ili do sredine listova.<\/p>\n\n\n\n<h4 class=\"wp-block-heading\">&#8211; Kombinacija hla\u010da i gle\u017enja\u010da<\/h4>\n\n\n\n<p>Iako se radi o dva vrlo popularna tipa obu\u0107e i odje\u0107e, kombiniranje nije niti malo lako. Naravno, svatko ima svoj stil, no, uz gle\u017enja\u010de treba pa\u017eljivo kombinirati hla\u010de, te pri tome voditi ra\u010duna o du\u017eini hla\u010da kao i o \u0161irini.<\/p>\n\n\n\n<p>Najlo\u0161iji izbor hla\u010da uz gle\u017enja\u010de su relativno uske hla\u010de koje nisu dovoljno uske da idu u gle\u017enja\u010de, a ne idu niti preko gle\u017enja\u010da. U tom slu\u010daju se stvaraju nabori izme\u0111u hla\u010da i gle\u017enja\u010da, te takvi nabori mogu djelovati da noge izgledaju kra\u0107e. Kako bi izgledali u kombnaciji hla\u010da i gle\u017enja\u010da, ovo bi trebali izbjegavati.<\/p>\n\n\n\n<p>Trebalo bi birati uske hla\u010de koje su vi\u0161e kao tajice i koje mogu i\u0107i u gle\u017enja\u010de. Sli\u010dno je i s kombiniranjem gle\u017enja\u010da i traperica. Ako birate uske hla\u010de i traperice, neka su i na dnu dovoljno uske da migu i\u0107i u gle\u017enja\u010de. Ukoliko nisu dovoljno uske, podvrnite hla\u010de do ruba gle\u017enja\u010da. Na taj na\u010din \u0107ete djelovati vi\u0161e stilski, a manje kao da imat nepotrebne nabore.<\/p>\n\n\n\n<p>\u0160iroke hla\u010de se najlak\u0161e kombiniraju s gle\u017enja\u010dama. U tom slu\u010daju hla\u010de idu jednostavno preko gle\u017enja\u010da i izdu\u017euju figuru. Optimalno bi bilo kombinirati tamnije hla\u010de s tamnijim gle\u017enja\u010dama, te svjetlije hla\u010de sa svjetlijim gle\u017enja\u010dama.\u00a0<\/p>\n\n\n\n<h4 class=\"wp-block-heading\">&#8211; Uskla\u0111ivanje boja gle\u017enja\u010da i suknje ili hla\u010da<\/h4>\n\n\n\n<p>Iako je zanimljivo kombinirati razli\u010dite boje, posebno kontrastne, ako \u017eelite izgledati vitkije, tada bi gle\u017enja\u010de trebale biti sli\u010dne boje kao hla\u010de ili suknja. Na taj na\u010din se stvara kontinuitet i u takvoj kombinaciji osoba izgleda vitkije.<\/p>\n\n\n\n<p>Jako zanimljive i upe\u010datljive mogu biti kombinacije kada su hla\u010de ili suknja u druga\u010dijoj boji (tamno &#8211; svijetlo), a kada je top, posebno ako se radi o du\u017eem sakou, prsluku ili d\u017eemperu u boji gle\u017enja\u010da.<\/p>\n\n\n\n<p>Pro\u010ditajte i:<\/p>\n\n\n\n<figure class=\"wp-block-embed is-type-wp-embed is-provider-moda wp-block-embed-moda\"><div class=\"wp-block-embed__wrapper\">\n<blockquote class=\"wp-embedded-content\" data-secret=\"JfX7GSIklS\"><a href=\"https:\/\/moda.covermagazin.com\/?p=26651\">Kompletan vodi\u010d za kupovinu &#8211;  \u010dizme za jesen &#8211; zimu 2024 \/ 2025.<\/a><\/blockquote><iframe loading=\"lazy\" class=\"wp-embedded-content\" sandbox=\"allow-scripts\" security=\"restricted\" style=\"position: absolute; visibility: hidden;\" title=\"&#8220;Kompletan vodi\u010d za kupovinu &#8211;  \u010dizme za jesen &#8211; zimu 2024 \/ 2025.&#8221; &#8212; Moda \" src=\"https:\/\/moda.covermagazin.com\/?p=26651&#038;embed=true#?secret=PwBNJcve98#?secret=JfX7GSIklS\" data-secret=\"JfX7GSIklS\" width=\"500\" height=\"282\" frameborder=\"0\" marginwidth=\"0\" marginheight=\"0\" scrolling=\"no\"><\/iframe>\n<\/div><\/figure>\n","protected":false},"excerpt":{"rendered":"<p>Moderne gle\u017enja\u010de i na \u0161to nositi \u010dizme gle\u017enja\u010de? Moderne gle\u017enja\u010de su neizostavne za jesensku i zimsku sezonu, no, osim imati moderne gle\u017enja\u010de bitno je i kako ih i na \u0161to kombinirate. Kako se trendovi odje\u0107e i obu\u0107e mijenjaju tako se mijenja i stil no\u0161enja gle\u017enja\u010da. \u010cak se i osnovna pravila mode mijenjaju, te ako \u017eelite [&hellip;]<\/p>\n","protected":false},"author":1,"featured_media":0,"comment_status":"open","ping_status":"open","sticky":false,"template":"","format":"standard","meta":{"footnotes":""},"categories":[1043,1178,1226,1181,3,5],"tags":[1095,1164,1220,1098,1103,1165],"class_list":["post-32423","post","type-post","status-publish","format-standard","hentry","category-moda-2018","category-moda-i-stil","category-moda-za-zene-srednjih-godina","category-moderne-kombinacije","category-modni_trendovi","category-style_news","tag-cizme-2019","tag-gleznjace","tag-moda-jesen-zima-2020-2021","tag-moderne-cizme","tag-cizme","tag-moderne-gleznjace"],"_links":{"self":[{"href":"https:\/\/moda.covermagazin.com\/index.php?rest_route=\/wp\/v2\/posts\/32423","targetHints":{"allow":["GET"]}}],"collection":[{"href":"https:\/\/moda.covermagazin.com\/index.php?rest_route=\/wp\/v2\/posts"}],"about":[{"href":"https:\/\/moda.covermagazin.com\/index.php?rest_route=\/wp\/v2\/types\/post"}],"author":[{"embeddable":true,"href":"https:\/\/moda.covermagazin.com\/index.php?rest_route=\/wp\/v2\/users\/1"}],"replies":[{"embeddable":true,"href":"https:\/\/moda.covermagazin.com\/index.php?rest_route=%2Fwp%2Fv2%2Fcomments&post=32423"}],"version-history":[{"count":3,"href":"https:\/\/moda.covermagazin.com\/index.php?rest_route=\/wp\/v2\/posts\/32423\/revisions"}],"predecessor-version":[{"id":47193,"href":"https:\/\/moda.covermagazin.com\/index.php?rest_route=\/wp\/v2\/posts\/32423\/revisions\/47193"}],"wp:attachment":[{"href":"https:\/\/moda.covermagazin.com\/index.php?rest_route=%2Fwp%2Fv2%2Fmedia&parent=32423"}],"wp:term":[{"taxonomy":"category","embeddable":true,"href":"https:\/\/moda.covermagazin.com\/index.php?rest_route=%2Fwp%2Fv2%2Fcategories&post=32423"},{"taxonomy":"post_tag","embeddable":true,"href":"https:\/\/moda.covermagazin.com\/index.php?rest_route=%2Fwp%2Fv2%2Ftags&post=32423"}],"curies":[{"name":"wp","href":"https:\/\/api.w.org\/{rel}","templated":true}]}}