{"id":24343,"date":"2021-02-19T08:13:48","date_gmt":"2021-02-19T06:13:48","guid":{"rendered":"http:\/\/moda.covermagazin.com\/?p=24343"},"modified":"2024-09-30T19:07:54","modified_gmt":"2024-09-30T17:07:54","slug":"najpopularnija-boja-kose-ove-sezone","status":"publish","type":"post","link":"https:\/\/moda.covermagazin.com\/?p=24343","title":{"rendered":"Najpopularnija boja kose ove sezone"},"content":{"rendered":"<h3><a href=\"https:\/\/moda.covermagazin.com\/wp-content\/uploads\/2017\/12\/Najpopularnija-boja-za-kosu.jpg\"><img loading=\"lazy\" decoding=\"async\" class=\"alignnone size-full wp-image-35324\" src=\"https:\/\/moda.covermagazin.com\/wp-content\/uploads\/2017\/12\/Najpopularnija-boja-za-kosu.jpg\" alt=\"\" width=\"600\" height=\"400\" \/><\/a><\/h3>\n<h3>Najpopularnija boja kose ove sezone<\/h3>\n<p>&nbsp;<\/p>\n<p>Kada ka\u017eemo najpopularnija, ne mislimo da najvi\u0161e \u017eena nosi ovu boju kose, nego da se njih najvi\u0161e u ovoj sezoni odlu\u010dilo napraviti promjenu boje i odlu\u010dilo upravo na tu, a to je najjednostavnija metalik srebrena s preljevom u nekoj drugoj vibrantnoj boji.<\/p>\n<p>Za razliku od prija\u0161njih sezona kada su moderne plave boje kose imale u sebi &#8220;osun\u010dani sjaj&#8221;, ova sezona donosi srebrene i sive nijanse u plavu, oboga\u0107ene s vibrantnim i \u017eivahnim bojama.<\/p>\n<p>Mnoge poznate osobe odlu\u010dile su se na ovu boju kose,\u00a0 a izdvajamo one koje je najbolje nose.<\/p>\n<p><a href=\"https:\/\/moda.covermagazin.com\/wp-content\/uploads\/2021\/02\/Zenske-frizure-15-najaljepsih-zena-s-15-najboljih-frizura-f.jpg\"><img loading=\"lazy\" decoding=\"async\" class=\"alignnone size-full wp-image-35299\" src=\"https:\/\/moda.covermagazin.com\/wp-content\/uploads\/2021\/02\/Zenske-frizure-15-najaljepsih-zena-s-15-najboljih-frizura-f.jpg\" alt=\"\" width=\"600\" height=\"400\" \/><\/a><\/p>\n<p><a href=\"https:\/\/moda.covermagazin.com\/wp-content\/uploads\/2021\/02\/frizure-za-mlade-djevojke-2.jpg\"><img loading=\"lazy\" decoding=\"async\" class=\"alignnone size-full wp-image-35021\" src=\"https:\/\/moda.covermagazin.com\/wp-content\/uploads\/2021\/02\/frizure-za-mlade-djevojke-2.jpg\" alt=\"\" width=\"600\" height=\"471\" \/><\/a><\/p>\n<p><a href=\"https:\/\/moda.covermagazin.com\/wp-content\/uploads\/2021\/01\/Srebreno-siva-boja-kose-postaje-pravi-hit-u-2021-3.jpg\"><img loading=\"lazy\" decoding=\"async\" class=\"alignnone size-full wp-image-34766\" src=\"https:\/\/moda.covermagazin.com\/wp-content\/uploads\/2021\/01\/Srebreno-siva-boja-kose-postaje-pravi-hit-u-2021-3.jpg\" alt=\"\" width=\"600\" height=\"621\" \/><\/a> <a href=\"https:\/\/moda.covermagazin.com\/wp-content\/uploads\/2021\/01\/Srebreno-siva-boja-kose-postaje-pravi-hit-u-2021-1.jpg\"><img loading=\"lazy\" decoding=\"async\" class=\"alignnone size-full wp-image-34764\" src=\"https:\/\/moda.covermagazin.com\/wp-content\/uploads\/2021\/01\/Srebreno-siva-boja-kose-postaje-pravi-hit-u-2021-1.jpg\" alt=\"\" width=\"600\" height=\"800\" \/><\/a><\/p>\n<p>&nbsp;<\/p>\n","protected":false},"excerpt":{"rendered":"<p>Najpopularnija boja kose ove sezone &nbsp; Kada ka\u017eemo najpopularnija, ne mislimo da najvi\u0161e \u017eena nosi ovu boju kose, nego da se njih najvi\u0161e u ovoj sezoni odlu\u010dilo napraviti promjenu boje i odlu\u010dilo upravo na tu, a to je najjednostavnija metalik srebrena s preljevom u nekoj drugoj vibrantnoj boji. Za razliku od prija\u0161njih sezona kada su [&hellip;]<\/p>\n","protected":false},"author":1,"featured_media":0,"comment_status":"open","ping_status":"open","sticky":false,"template":"","format":"standard","meta":{"footnotes":""},"categories":[4],"tags":[1080,1240,1318,1328,1325],"class_list":["post-24343","post","type-post","status-publish","format-standard","hentry","category-frizure_poznatih","tag-frizure-2016","tag-moderne-boje-kose","tag-moderne-frizure-2021","tag-najmodernija-frizura-2021","tag-zenske-frizure"],"_links":{"self":[{"href":"https:\/\/moda.covermagazin.com\/index.php?rest_route=\/wp\/v2\/posts\/24343","targetHints":{"allow":["GET"]}}],"collection":[{"href":"https:\/\/moda.covermagazin.com\/index.php?rest_route=\/wp\/v2\/posts"}],"about":[{"href":"https:\/\/moda.covermagazin.com\/index.php?rest_route=\/wp\/v2\/types\/post"}],"author":[{"embeddable":true,"href":"https:\/\/moda.covermagazin.com\/index.php?rest_route=\/wp\/v2\/users\/1"}],"replies":[{"embeddable":true,"href":"https:\/\/moda.covermagazin.com\/index.php?rest_route=%2Fwp%2Fv2%2Fcomments&post=24343"}],"version-history":[{"count":3,"href":"https:\/\/moda.covermagazin.com\/index.php?rest_route=\/wp\/v2\/posts\/24343\/revisions"}],"predecessor-version":[{"id":48496,"href":"https:\/\/moda.covermagazin.com\/index.php?rest_route=\/wp\/v2\/posts\/24343\/revisions\/48496"}],"wp:attachment":[{"href":"https:\/\/moda.covermagazin.com\/index.php?rest_route=%2Fwp%2Fv2%2Fmedia&parent=24343"}],"wp:term":[{"taxonomy":"category","embeddable":true,"href":"https:\/\/moda.covermagazin.com\/index.php?rest_route=%2Fwp%2Fv2%2Fcategories&post=24343"},{"taxonomy":"post_tag","embeddable":true,"href":"https:\/\/moda.covermagazin.com\/index.php?rest_route=%2Fwp%2Fv2%2Ftags&post=24343"}],"curies":[{"name":"wp","href":"https:\/\/api.w.org\/{rel}","templated":true}]}}