{"id":23290,"date":"2017-03-30T11:11:21","date_gmt":"2017-03-30T09:11:21","guid":{"rendered":"http:\/\/moda.covermagazin.com\/?p=23290"},"modified":"2024-09-30T22:28:49","modified_gmt":"2024-09-30T20:28:49","slug":"3-omiljena-trenda-ovog-proljeca","status":"publish","type":"post","link":"https:\/\/moda.covermagazin.com\/?p=23290","title":{"rendered":"3 omiljena trenda ovog prolje\u0107a"},"content":{"rendered":"<h3><a href=\"http:\/\/moda.covermagazin.com\/?attachment_id=23291\" rel=\"attachment wp-att-23291\"><img loading=\"lazy\" decoding=\"async\" class=\"alignnone size-full wp-image-23291\" src=\"http:\/\/moda.covermagazin.com\/wp-content\/uploads\/2017\/03\/moda_ljeto_2017-f.jpg\" alt=\"\" width=\"600\" height=\"376\" \/><\/a><\/h3>\n<h3>3 omiljena trenda ovog prolje\u0107a<\/h3>\n<p>Me\u0111u brojnim trendovima za ovu sezonu izdvojili smo tri koja su se izdvojila i postala omiljena me\u0111u nama, ali i koja sve \u010de\u0161\u0107e vi\u0111amo na ulicama.<\/p>\n<p><em><strong>-1- Crna i tamne boje<\/strong><\/em><\/p>\n<p>Prolje\u0107e nije sezona u kojoj volimo tamne boje, ali kada se na tamne boje dodaju prekrasni uzorci, tada tamne boje poprimaju sasvim novu dimenziju. Crna boja s veselim uzorkom pristaje odli\u010dno i uz poslovni look, ali i sasvim casual boemski stil.\u00a0 Ovaj trend najlak\u0161e je nositi tako da birate tunike u ovoj kombinaciji i nosite na crne hla\u010de ili traperice, ovisno o prigodi ili haljine.<\/p>\n<p><a href=\"http:\/\/moda.covermagazin.com\/?attachment_id=23292\" rel=\"attachment wp-att-23292\"><img loading=\"lazy\" decoding=\"async\" class=\"alignnone size-full wp-image-23292\" src=\"http:\/\/moda.covermagazin.com\/wp-content\/uploads\/2017\/03\/moda_ljeto_2017-1_5.jpg\" alt=\"\" width=\"450\" height=\"563\" \/><\/a> <a href=\"http:\/\/moda.covermagazin.com\/?attachment_id=23293\" rel=\"attachment wp-att-23293\"><img loading=\"lazy\" decoding=\"async\" class=\"alignnone size-full wp-image-23293\" src=\"http:\/\/moda.covermagazin.com\/wp-content\/uploads\/2017\/03\/moda_ljeto_2017-1_4.jpg\" alt=\"\" width=\"450\" height=\"563\" \/><\/a> <a href=\"http:\/\/moda.covermagazin.com\/?attachment_id=23294\" rel=\"attachment wp-att-23294\"><img loading=\"lazy\" decoding=\"async\" class=\"alignnone size-full wp-image-23294\" src=\"http:\/\/moda.covermagazin.com\/wp-content\/uploads\/2017\/03\/moda_ljeto_2017-1_3.jpg\" alt=\"\" width=\"450\" height=\"563\" \/><\/a> <a href=\"http:\/\/moda.covermagazin.com\/?attachment_id=23295\" rel=\"attachment wp-att-23295\"><img loading=\"lazy\" decoding=\"async\" class=\"alignnone size-full wp-image-23295\" src=\"http:\/\/moda.covermagazin.com\/wp-content\/uploads\/2017\/03\/moda_ljeto_2017-1_2.jpg\" alt=\"\" width=\"450\" height=\"327\" \/><\/a> <a href=\"http:\/\/moda.covermagazin.com\/?attachment_id=23296\" rel=\"attachment wp-att-23296\"><img loading=\"lazy\" decoding=\"async\" class=\"alignnone size-full wp-image-23296\" src=\"http:\/\/moda.covermagazin.com\/wp-content\/uploads\/2017\/03\/moda_ljeto_2017-1_1.jpg\" alt=\"\" width=\"450\" height=\"563\" \/><\/a><\/p>\n<p><em><strong>-2- Sve pastelno ru\u017ei\u010dasto<\/strong><\/em><\/p>\n<p>Obi\u010dno su djevoj\u010dice prva asocijacija na ru\u017ei\u010daste haljine, ali ove sezone ru\u017ei\u010dasta je toliko IN, da joj te\u0161ko itko mo\u017ee odoljeti. Ru\u017ei\u010dasta zra\u010di romantikom, senzualno\u0161\u0107u i \u017eenstveno\u0161\u0107u, a uz prave kombinacije ru\u017ei\u010daste\u00a0 mo\u017eete dobiti poslovni, ali i elegantni look. Ako se udajete ove godine, pastelna ru\u017ei\u010dasta vjen\u010danica je must have.<\/p>\n<p><a href=\"http:\/\/moda.covermagazin.com\/?attachment_id=23301\" rel=\"attachment wp-att-23301\"><img loading=\"lazy\" decoding=\"async\" class=\"alignnone size-full wp-image-23301\" src=\"http:\/\/moda.covermagazin.com\/wp-content\/uploads\/2017\/03\/moda_ljeto_2017-2_1.jpg\" alt=\"\" width=\"450\" height=\"563\" \/><\/a> <a href=\"http:\/\/moda.covermagazin.com\/?attachment_id=23299\" rel=\"attachment wp-att-23299\"><img loading=\"lazy\" decoding=\"async\" class=\"alignnone size-full wp-image-23299\" src=\"http:\/\/moda.covermagazin.com\/wp-content\/uploads\/2017\/03\/moda_ljeto_2017-2_3.jpg\" alt=\"\" width=\"450\" height=\"281\" \/><\/a> <a href=\"http:\/\/moda.covermagazin.com\/?attachment_id=23300\" rel=\"attachment wp-att-23300\"><img loading=\"lazy\" decoding=\"async\" class=\"alignnone size-full wp-image-23300\" src=\"http:\/\/moda.covermagazin.com\/wp-content\/uploads\/2017\/03\/moda_ljeto_2017-2_2.jpg\" alt=\"\" width=\"450\" height=\"563\" \/><\/a> <a href=\"http:\/\/moda.covermagazin.com\/?attachment_id=23297\" rel=\"attachment wp-att-23297\"><img loading=\"lazy\" decoding=\"async\" class=\"alignnone size-full wp-image-23297\" src=\"http:\/\/moda.covermagazin.com\/wp-content\/uploads\/2017\/03\/moda_ljeto_2017-2_5.jpg\" alt=\"\" width=\"450\" height=\"566\" \/><\/a> <a href=\"http:\/\/moda.covermagazin.com\/?attachment_id=23298\" rel=\"attachment wp-att-23298\"><img loading=\"lazy\" decoding=\"async\" class=\"alignnone size-full wp-image-23298\" src=\"http:\/\/moda.covermagazin.com\/wp-content\/uploads\/2017\/03\/moda_ljeto_2017-2_4.jpg\" alt=\"\" width=\"450\" height=\"600\" \/><\/a><\/p>\n<p><em><strong>-3- Volani<\/strong><\/em><\/p>\n<p>Posebno su moderni volani na rukavima, ali volane obo\u017eavamo u svim kombinacijama. Oko vrata, suknje na volane, volane na cipelema&#8230;<\/p>\n<p><a href=\"http:\/\/moda.covermagazin.com\/?attachment_id=23304\" rel=\"attachment wp-att-23304\"><img loading=\"lazy\" decoding=\"async\" class=\"alignnone size-full wp-image-23304\" src=\"http:\/\/moda.covermagazin.com\/wp-content\/uploads\/2017\/03\/moda_ljeto_2017-3_3.jpg\" alt=\"\" width=\"450\" height=\"563\" \/><\/a> <a href=\"http:\/\/moda.covermagazin.com\/?attachment_id=23306\" rel=\"attachment wp-att-23306\"><img loading=\"lazy\" decoding=\"async\" class=\"alignnone size-full wp-image-23306\" src=\"http:\/\/moda.covermagazin.com\/wp-content\/uploads\/2017\/03\/moda_ljeto_2017-3_1.jpg\" alt=\"\" width=\"450\" height=\"563\" \/><\/a> <a href=\"http:\/\/moda.covermagazin.com\/?attachment_id=23305\" rel=\"attachment wp-att-23305\"><img loading=\"lazy\" decoding=\"async\" class=\"alignnone size-full wp-image-23305\" src=\"http:\/\/moda.covermagazin.com\/wp-content\/uploads\/2017\/03\/moda_ljeto_2017-3_2.jpg\" alt=\"\" width=\"450\" height=\"563\" \/><\/a> <a href=\"http:\/\/moda.covermagazin.com\/?attachment_id=23302\" rel=\"attachment wp-att-23302\"><img loading=\"lazy\" decoding=\"async\" class=\"alignnone size-full wp-image-23302\" src=\"http:\/\/moda.covermagazin.com\/wp-content\/uploads\/2017\/03\/moda_ljeto_2017-3_5.jpg\" alt=\"\" width=\"450\" height=\"271\" \/><\/a> <a href=\"http:\/\/moda.covermagazin.com\/?attachment_id=23303\" rel=\"attachment wp-att-23303\"><img loading=\"lazy\" decoding=\"async\" class=\"alignnone size-full wp-image-23303\" src=\"http:\/\/moda.covermagazin.com\/wp-content\/uploads\/2017\/03\/moda_ljeto_2017-3_4.jpg\" alt=\"\" width=\"450\" height=\"563\" \/><\/a><\/p>\n","protected":false},"excerpt":{"rendered":"<p>3 omiljena trenda ovog prolje\u0107a Me\u0111u brojnim trendovima za ovu sezonu izdvojili smo tri koja su se izdvojila i postala omiljena me\u0111u nama, ali i koja sve \u010de\u0161\u0107e vi\u0111amo na ulicama. -1- Crna i tamne boje Prolje\u0107e nije sezona u kojoj volimo tamne boje, ali kada se na tamne boje dodaju prekrasni uzorci, tada tamne [&hellip;]<\/p>\n","protected":false},"author":1,"featured_media":0,"comment_status":"open","ping_status":"open","sticky":false,"template":"","format":"standard","meta":{"footnotes":""},"categories":[3],"tags":[1209,1127,1162,1321,1090,1145,1185,1144,1163,1211,1212,1101,1184,1143],"class_list":["post-23290","post","type-post","status-publish","format-standard","hentry","category-modni_trendovi","tag-haljine","tag-haljine-za-ljeto","tag-hlace","tag-hm-haljine","tag-moda-za-ured","tag-moderne-suknje","tag-moderne-traperice","tag-modene-tunike","tag-moderne-hlace","tag-poslovna-moda","tag-poslovna-odjeca-za-zena","tag-suknje","tag-traperice","tag-tunike"],"_links":{"self":[{"href":"https:\/\/moda.covermagazin.com\/index.php?rest_route=\/wp\/v2\/posts\/23290","targetHints":{"allow":["GET"]}}],"collection":[{"href":"https:\/\/moda.covermagazin.com\/index.php?rest_route=\/wp\/v2\/posts"}],"about":[{"href":"https:\/\/moda.covermagazin.com\/index.php?rest_route=\/wp\/v2\/types\/post"}],"author":[{"embeddable":true,"href":"https:\/\/moda.covermagazin.com\/index.php?rest_route=\/wp\/v2\/users\/1"}],"replies":[{"embeddable":true,"href":"https:\/\/moda.covermagazin.com\/index.php?rest_route=%2Fwp%2Fv2%2Fcomments&post=23290"}],"version-history":[{"count":3,"href":"https:\/\/moda.covermagazin.com\/index.php?rest_route=\/wp\/v2\/posts\/23290\/revisions"}],"predecessor-version":[{"id":48932,"href":"https:\/\/moda.covermagazin.com\/index.php?rest_route=\/wp\/v2\/posts\/23290\/revisions\/48932"}],"wp:attachment":[{"href":"https:\/\/moda.covermagazin.com\/index.php?rest_route=%2Fwp%2Fv2%2Fmedia&parent=23290"}],"wp:term":[{"taxonomy":"category","embeddable":true,"href":"https:\/\/moda.covermagazin.com\/index.php?rest_route=%2Fwp%2Fv2%2Fcategories&post=23290"},{"taxonomy":"post_tag","embeddable":true,"href":"https:\/\/moda.covermagazin.com\/index.php?rest_route=%2Fwp%2Fv2%2Ftags&post=23290"}],"curies":[{"name":"wp","href":"https:\/\/api.w.org\/{rel}","templated":true}]}}