{"id":23169,"date":"2021-02-06T11:09:07","date_gmt":"2021-02-06T09:09:07","guid":{"rendered":"http:\/\/moda.covermagazin.com\/?p=23169"},"modified":"2021-02-06T20:21:35","modified_gmt":"2021-02-06T18:21:35","slug":"moderne-traperice-za-proljeceljeto-2017","status":"publish","type":"post","link":"https:\/\/moda.covermagazin.com\/?p=23169","title":{"rendered":"Moderne traperice za prolje\u0107e\/ljeto 2021."},"content":{"rendered":"<h3><a href=\"https:\/\/moda.covermagazin.com\/wp-content\/uploads\/2017\/03\/Moderne-traperice-za-proljece-ljeto-Cover.jpg\"><img loading=\"lazy\" decoding=\"async\" class=\"alignnone size-full wp-image-35055\" src=\"https:\/\/moda.covermagazin.com\/wp-content\/uploads\/2017\/03\/Moderne-traperice-za-proljece-ljeto-Cover.jpg\" alt=\"Moderne traperice za prolje\u0107e - ljeto\" width=\"600\" height=\"400\" \/><\/a><\/h3>\n<h3>Moderne traperice za prolje\u0107e\/ljeto<\/h3>\n<p>Jeans odje\u0107a apsolutni je hit za sezone pred nama, pa tako od trapera ne\u0107e se nositi samo hla\u010de, nego tako\u0111er jakne, kombinezoni i ko\u0161ulje.<\/p>\n<p>Gotovo da ne postoji kroj traperica koji ove sezone nije moderan, od hla\u010da sa \u0161irokim nogavicama do uskih traperica. Najva\u017enije je da traperice izgledaju mladena\u010dki, razigrano i da nisu optere\u0107uju\u0107e, ta da se u njima osje\u0107ate udobno.<\/p>\n<p>Novost je povratak u modu jeans suknji, koje ponovno osvajaju ljetnu traper odje\u0107u nakon nekoliko godina dominacije vru\u0107ih jeans hla\u010dica.<\/p>\n<p>Moderne traperice branda Guess:<\/p>\n<p><a href=\"https:\/\/moda.covermagazin.com\/wp-content\/uploads\/2017\/03\/Moderne-traperice-za-proljece-ljeto-Guess-1.jpg\"><img loading=\"lazy\" decoding=\"async\" class=\"alignnone size-full wp-image-35056\" src=\"https:\/\/moda.covermagazin.com\/wp-content\/uploads\/2017\/03\/Moderne-traperice-za-proljece-ljeto-Guess-1.jpg\" alt=\"Moderne traperice\" width=\"500\" height=\"667\" \/><\/a> <a href=\"https:\/\/moda.covermagazin.com\/wp-content\/uploads\/2017\/03\/Moderne-traperice-za-proljece-ljeto-Guess-2.jpg\"><img loading=\"lazy\" decoding=\"async\" class=\"alignnone size-full wp-image-35057\" src=\"https:\/\/moda.covermagazin.com\/wp-content\/uploads\/2017\/03\/Moderne-traperice-za-proljece-ljeto-Guess-2.jpg\" alt=\"Moderne traperice\" width=\"500\" height=\"667\" \/><\/a> <a href=\"https:\/\/moda.covermagazin.com\/wp-content\/uploads\/2017\/03\/Moderne-traperice-za-proljece-ljeto-Guess-3.jpg\"><img loading=\"lazy\" decoding=\"async\" class=\"alignnone size-full wp-image-35058\" src=\"https:\/\/moda.covermagazin.com\/wp-content\/uploads\/2017\/03\/Moderne-traperice-za-proljece-ljeto-Guess-3.jpg\" alt=\"Moderne traperice\" width=\"500\" height=\"667\" \/><\/a> <a href=\"https:\/\/moda.covermagazin.com\/wp-content\/uploads\/2017\/03\/Moderne-traperice-za-proljece-ljeto-Guess-4.jpg\"><img loading=\"lazy\" decoding=\"async\" class=\"alignnone size-full wp-image-35059\" src=\"https:\/\/moda.covermagazin.com\/wp-content\/uploads\/2017\/03\/Moderne-traperice-za-proljece-ljeto-Guess-4.jpg\" alt=\"Moderne traperice\" width=\"500\" height=\"667\" \/><\/a> <a href=\"https:\/\/moda.covermagazin.com\/wp-content\/uploads\/2017\/03\/Moderne-traperice-za-proljece-ljeto-Guess-5.jpg\"><img loading=\"lazy\" decoding=\"async\" class=\"alignnone size-full wp-image-35060\" src=\"https:\/\/moda.covermagazin.com\/wp-content\/uploads\/2017\/03\/Moderne-traperice-za-proljece-ljeto-Guess-5.jpg\" alt=\"Moderne traperice\" width=\"500\" height=\"667\" \/><\/a> <a href=\"https:\/\/moda.covermagazin.com\/wp-content\/uploads\/2017\/03\/Moderne-traperice-za-proljece-ljeto-Guess-6.jpg\"><img loading=\"lazy\" decoding=\"async\" class=\"alignnone size-full wp-image-35061\" src=\"https:\/\/moda.covermagazin.com\/wp-content\/uploads\/2017\/03\/Moderne-traperice-za-proljece-ljeto-Guess-6.jpg\" alt=\"Moderne traperice\" width=\"500\" height=\"667\" \/><\/a><\/p>\n<p>&nbsp;<\/p>\n","protected":false},"excerpt":{"rendered":"<p>Moderne traperice za prolje\u0107e\/ljeto Jeans odje\u0107a apsolutni je hit za sezone pred nama, pa tako od trapera ne\u0107e se nositi samo hla\u010de, nego tako\u0111er jakne, kombinezoni i ko\u0161ulje. Gotovo da ne postoji kroj traperica koji ove sezone nije moderan, od hla\u010da sa \u0161irokim nogavicama do uskih traperica. Najva\u017enije je da traperice izgledaju mladena\u010dki, razigrano i [&hellip;]<\/p>\n","protected":false},"author":1,"featured_media":0,"comment_status":"open","ping_status":"open","sticky":false,"template":"","format":"standard","meta":{"footnotes":""},"categories":[3],"tags":[1162,1183,1182,1185,1163,1184],"class_list":["post-23169","post","type-post","status-publish","format-standard","hentry","category-modni_trendovi","tag-hlace","tag-moderne-jeans-kombinacije","tag-moderne-traper-kombinacije","tag-moderne-traperice","tag-moderne-hlace","tag-traperice"],"_links":{"self":[{"href":"https:\/\/moda.covermagazin.com\/index.php?rest_route=\/wp\/v2\/posts\/23169","targetHints":{"allow":["GET"]}}],"collection":[{"href":"https:\/\/moda.covermagazin.com\/index.php?rest_route=\/wp\/v2\/posts"}],"about":[{"href":"https:\/\/moda.covermagazin.com\/index.php?rest_route=\/wp\/v2\/types\/post"}],"author":[{"embeddable":true,"href":"https:\/\/moda.covermagazin.com\/index.php?rest_route=\/wp\/v2\/users\/1"}],"replies":[{"embeddable":true,"href":"https:\/\/moda.covermagazin.com\/index.php?rest_route=%2Fwp%2Fv2%2Fcomments&post=23169"}],"version-history":[{"count":6,"href":"https:\/\/moda.covermagazin.com\/index.php?rest_route=\/wp\/v2\/posts\/23169\/revisions"}],"predecessor-version":[{"id":35064,"href":"https:\/\/moda.covermagazin.com\/index.php?rest_route=\/wp\/v2\/posts\/23169\/revisions\/35064"}],"wp:attachment":[{"href":"https:\/\/moda.covermagazin.com\/index.php?rest_route=%2Fwp%2Fv2%2Fmedia&parent=23169"}],"wp:term":[{"taxonomy":"category","embeddable":true,"href":"https:\/\/moda.covermagazin.com\/index.php?rest_route=%2Fwp%2Fv2%2Fcategories&post=23169"},{"taxonomy":"post_tag","embeddable":true,"href":"https:\/\/moda.covermagazin.com\/index.php?rest_route=%2Fwp%2Fv2%2Ftags&post=23169"}],"curies":[{"name":"wp","href":"https:\/\/api.w.org\/{rel}","templated":true}]}}