{"id":23057,"date":"2025-01-10T13:21:17","date_gmt":"2025-01-10T11:21:17","guid":{"rendered":"http:\/\/moda.covermagazin.com\/?p=23057"},"modified":"2025-01-10T13:28:18","modified_gmt":"2025-01-10T11:28:18","slug":"moderne-frizure-za-2017","status":"publish","type":"post","link":"https:\/\/moda.covermagazin.com\/?p=23057","title":{"rendered":"Moderne frizure za prolje\u0107e 2025. (nove slike)"},"content":{"rendered":"\n<figure class=\"wp-block-image size-full\"><img decoding=\"async\" src=\"https:\/\/moda.covermagazin.com\/wp-content\/uploads\/2019\/12\/Moderne-svecane-i-vecernje-frizure-10.jpg\" alt=\"\" class=\"wp-image-51251\"\/><\/figure>\n\n\n\n<p>Ako vam treba inspiracija kakvu frizuru odabrati, najjednostavnije je trendove uo\u010diti na zvijezdama.&nbsp;&nbsp;Ispod pogledajte 7 tipova frizura koje su najpopularnije me\u0111u zvijezdama u posljednje vrijeme, a to su ujedno frizure koje se ubrajaju u top trendove frizura za ovu godinu.<\/p>\n\n\n\n<h2 class=\"wp-block-heading\">Moderne frizure za prolje\u0107e 2025.<\/h2>\n\n\n\n<p>Frizure zvijezda kakve su nosile posljednjih par dana<\/p>\n\n\n\n<p>Ispod \u0107ete detaljnije pro\u010ditati kakve su frizure moderne sa savjetima za odr\u017eavanje, a u galeriji pogledajte kratki pregled trenutno najmodernijih frizura, kakve su zvijezde nosile zadnjih nekoliko mjeseci.<\/p>\n\n\n\n<p><strong>-1- Polurep, pun\u0111a i rep&nbsp;s pramenovima&nbsp;koje uokviruju lice <\/strong><\/p>\n\n\n\n<p>Ve\u017eite kosu&nbsp;prema \u017eelji &nbsp;za bilo koju prigodu. Zatim izvucite pramenove ili \u0161i\u0161ke koji uokviruju lice. <\/p>\n\n\n\n<p>Ovo je frizura koja je ve\u0107 nekoliko sezona aktualna, ali kada se nabrajaju moderne frizure za aktualnu godinu ona se i dalje uvijek nalazi na popisu top 10 modernih frizura.<\/p>\n\n\n\n<figure class=\"wp-block-gallery has-nested-images columns-default is-cropped wp-block-gallery-1 is-layout-flex wp-block-gallery-is-layout-flex\">\n<figure class=\"wp-block-image size-large\"><img decoding=\"async\" data-id=\"51279\" src=\"https:\/\/moda.covermagazin.com\/wp-content\/uploads\/2014\/08\/Svecane-frizure-i-neutralna-sminka-poznatih-osoba-1.jpg\" alt=\"\" class=\"wp-image-51279\"\/><\/figure>\n\n\n\n<figure class=\"wp-block-image size-large\"><img decoding=\"async\" data-id=\"51278\" src=\"https:\/\/moda.covermagazin.com\/wp-content\/uploads\/2014\/08\/Svecane-frizure-i-neutralna-sminka-poznatih-osoba-3.jpg\" alt=\"\" class=\"wp-image-51278\"\/><\/figure>\n\n\n\n<figure class=\"wp-block-image size-large\"><img decoding=\"async\" data-id=\"51272\" src=\"https:\/\/moda.covermagazin.com\/wp-content\/uploads\/2016\/04\/Moderne-frizure-za-vecernje-izlaske-8.jpg\" alt=\"\" class=\"wp-image-51272\"\/><\/figure>\n\n\n\n<figure class=\"wp-block-image size-large\"><img decoding=\"async\" data-id=\"51257\" src=\"https:\/\/moda.covermagazin.com\/wp-content\/uploads\/2019\/12\/Moderne-svecane-i-vecernje-frizure-2.jpg\" alt=\"\" class=\"wp-image-51257\"\/><\/figure>\n\n\n\n<figure class=\"wp-block-image size-large\"><img decoding=\"async\" data-id=\"51237\" src=\"https:\/\/moda.covermagazin.com\/wp-content\/uploads\/2020\/09\/Svecane-frizure-10-1.jpg\" alt=\"\" class=\"wp-image-51237\"\/><\/figure>\n\n\n\n<figure class=\"wp-block-image size-large\"><img decoding=\"async\" data-id=\"51202\" src=\"https:\/\/moda.covermagazin.com\/wp-content\/uploads\/2023\/05\/Najnovije-svecane-frizure-poznatih-za-2025-13.jpg\" alt=\"\" class=\"wp-image-51202\"\/><\/figure>\n\n\n\n<figure class=\"wp-block-image size-large\"><img decoding=\"async\" data-id=\"51200\" src=\"https:\/\/moda.covermagazin.com\/wp-content\/uploads\/2023\/05\/Najnovije-svecane-frizure-poznatih-za-2025-15.jpg\" alt=\"\" class=\"wp-image-51200\"\/><\/figure>\n\n\n\n<figure class=\"wp-block-image size-large\"><img decoding=\"async\" data-id=\"51207\" src=\"https:\/\/moda.covermagazin.com\/wp-content\/uploads\/2023\/05\/Najnovije-svecane-frizure-poznatih-za-2025-6.jpg\" alt=\"\" class=\"wp-image-51207\"\/><\/figure>\n<\/figure>\n\n\n\n<p><strong>-2- Valovi u kosi<\/strong><\/p>\n\n\n\n<p>Valovi u kosi su top frizura ljetne sezone, ali produ\u017euje se ve\u0107 nekoliko godina i na jesensku. Ako nemate vremena praviti ih mo\u017ee ih zamijeniti i &#8220;zgu\u017evana&#8221; kosa. Takva kosa koja se kovr\u010da i namje\u0161ta rukama ili difuzorom bez puno volumena ljeti se uvijek iznova vrati u modu.  <\/p>\n\n\n\n<p>Klasi\u010dne valove koji su vladali proteklih godina zamijenili su nje\u017eni valovi, koje je lak\u0161e napraviti, a mogu\u0107e ih je savr\u0161eno odraditi i u ku\u0107noj radinosti. Na neki na\u010din se pribli\u017eavaju spomenutoj \u201ezgu\u017evanoj\u201d kosi, pa mo\u017eete kombinirati. Ovakvi valovi idealno idu uz sve du\u017eine kose, uz asimetri\u010dni bob, pa \u010dak kratku kosu. Nje\u017ene valove najjednostavnije \u0107ete posti\u0107i ako kovr\u010date kosu s peglom za kosu 2,5 cm promjera, na najmanjoj temperaturi kako je ne biste o\u0161tetili.<\/p>\n\n\n\n<figure class=\"wp-block-gallery has-nested-images columns-default is-cropped wp-block-gallery-2 is-layout-flex wp-block-gallery-is-layout-flex\">\n<figure class=\"wp-block-image size-large\"><img decoding=\"async\" data-id=\"51255\" src=\"https:\/\/moda.covermagazin.com\/wp-content\/uploads\/2019\/12\/Moderne-svecane-i-vecernje-frizure-3.jpg\" alt=\"\" class=\"wp-image-51255\"\/><\/figure>\n\n\n\n<figure class=\"wp-block-image size-large\"><img decoding=\"async\" data-id=\"51258\" src=\"https:\/\/moda.covermagazin.com\/wp-content\/uploads\/2019\/12\/Moderne-svecane-i-vecernje-frizure-5.jpg\" alt=\"\" class=\"wp-image-51258\"\/><\/figure>\n\n\n\n<figure class=\"wp-block-image size-large\"><img decoding=\"async\" data-id=\"51251\" src=\"https:\/\/moda.covermagazin.com\/wp-content\/uploads\/2019\/12\/Moderne-svecane-i-vecernje-frizure-10.jpg\" alt=\"\" class=\"wp-image-51251\"\/><\/figure>\n\n\n\n<figure class=\"wp-block-image size-large\"><img decoding=\"async\" data-id=\"51218\" src=\"https:\/\/moda.covermagazin.com\/wp-content\/uploads\/2022\/09\/Najupecatljivije-frizure-poznatih-dama-iz-prosle-godine-2025-2.jpg\" alt=\"\" class=\"wp-image-51218\"\/><\/figure>\n\n\n\n<figure class=\"wp-block-image size-large\"><img decoding=\"async\" data-id=\"51065\" src=\"https:\/\/moda.covermagazin.com\/wp-content\/uploads\/2021\/04\/Frizure-poznatih-\u2013-seksi-dugi-bob-3.jpg\" alt=\"\" class=\"wp-image-51065\"\/><\/figure>\n\n\n\n<figure class=\"wp-block-image size-large\"><img decoding=\"async\" data-id=\"51052\" src=\"https:\/\/moda.covermagazin.com\/wp-content\/uploads\/2023\/12\/25-inspirativnih-frizura-poznatih-za-Novu-godinu-8-1.jpg\" alt=\"\" class=\"wp-image-51052\"\/><\/figure>\n<\/figure>\n\n\n\n<p><strong>-3- Razdjeljak na sredini<\/strong><\/p>\n\n\n\n<p>Razdjeljak na sredini uz jako dugu kosu mo\u017eda je najpopularnija frizura. Razdjeljak na sredini nosiv je uz sve du\u017eine kose.<\/p>\n\n\n\n<p>Sedamdesete su se vratile u modu, a jedan od najuo\u010dljivijih trendova je razdjeljak na sredini. Osim frizura s razdjeljkom na sredini \u0161tih sedamdesetih \u0107emo primijetiti i po \u0161i\u0161kama, Posebno \u0161i\u0161kama postupno \u0161i\u0161anima tako da prate lice. Takve frizure pobu\u0111uju vibru sedamdesetih i opu\u0161teni \u017eivotni stil, ali su najava jo\u0161 jednog trenda, povratka \u0161ezdesetih, gustih \u0161i\u0161ki, ali za ovaj trend \u0107emo pri\u010dekati sljede\u0107u zimu kako bismo bili sigurni da \u0107e za\u017eivjeti.<\/p>\n\n\n\n<figure class=\"wp-block-gallery has-nested-images columns-default is-cropped wp-block-gallery-3 is-layout-flex wp-block-gallery-is-layout-flex\">\n<figure class=\"wp-block-image size-large\"><img decoding=\"async\" data-id=\"51303\" src=\"https:\/\/moda.covermagazin.com\/wp-content\/uploads\/2023\/09\/frizure-2025-poluduge-6.jpg\" alt=\"\" class=\"wp-image-51303\"\/><\/figure>\n\n\n\n<figure class=\"wp-block-image size-large\"><img decoding=\"async\" data-id=\"51301\" src=\"https:\/\/moda.covermagazin.com\/wp-content\/uploads\/2023\/09\/frizure-2025-poluduge-7.jpg\" alt=\"\" class=\"wp-image-51301\"\/><\/figure>\n\n\n\n<figure class=\"wp-block-image size-large\"><img decoding=\"async\" data-id=\"51239\" src=\"https:\/\/moda.covermagazin.com\/wp-content\/uploads\/2020\/09\/Svecane-frizure-5.jpg\" alt=\"\" class=\"wp-image-51239\"\/><\/figure>\n\n\n\n<figure class=\"wp-block-image size-large\"><img decoding=\"async\" data-id=\"51242\" src=\"https:\/\/moda.covermagazin.com\/wp-content\/uploads\/2020\/09\/Svecane-frizure-7.jpg\" alt=\"\" class=\"wp-image-51242\"\/><\/figure>\n\n\n\n<figure class=\"wp-block-image size-large\"><img decoding=\"async\" data-id=\"51238\" src=\"https:\/\/moda.covermagazin.com\/wp-content\/uploads\/2020\/09\/Svecane-frizure-9.jpg\" alt=\"\" class=\"wp-image-51238\"\/><\/figure>\n\n\n\n<figure class=\"wp-block-image size-large\"><img decoding=\"async\" data-id=\"51231\" src=\"https:\/\/moda.covermagazin.com\/wp-content\/uploads\/2021\/02\/Jednostavna-svecana-frizura-koja-ne-izlazi-iz-mode-2025-2.jpg\" alt=\"\" class=\"wp-image-51231\"\/><\/figure>\n\n\n\n<figure class=\"wp-block-image size-large\"><img decoding=\"async\" data-id=\"51220\" src=\"https:\/\/moda.covermagazin.com\/wp-content\/uploads\/2022\/09\/Najupecatljivije-frizure-poznatih-dama-iz-prosle-godine-2025-3-1.jpg\" alt=\"\" class=\"wp-image-51220\"\/><\/figure>\n\n\n\n<figure class=\"wp-block-image size-large\"><img decoding=\"async\" data-id=\"51201\" src=\"https:\/\/moda.covermagazin.com\/wp-content\/uploads\/2023\/05\/Najnovije-svecane-frizure-poznatih-za-2025-14.jpg\" alt=\"\" class=\"wp-image-51201\"\/><\/figure>\n\n\n\n<figure class=\"wp-block-image size-large\"><img decoding=\"async\" data-id=\"51208\" src=\"https:\/\/moda.covermagazin.com\/wp-content\/uploads\/2023\/05\/Najnovije-svecane-frizure-poznatih-za-2025-4.jpg\" alt=\"\" class=\"wp-image-51208\"\/><\/figure>\n<\/figure>\n\n\n\n<p><strong>-5- Duga kosa<\/strong><\/p>\n\n\n\n<p>Iako je ovakva kosa uvijek stvar preferencija, nekome se svi\u0111a, drugima ne, ove sezone je jako moderna. Kada se Margot Robbie pojavila na crvenom tepihu Oscara sa \u0161i\u0161kama i ultra dugom kosom, takve \u0161i\u0161ke su postale najtra\u017eenija frizura koju su \u017eene \u0161irom svijeta tra\u017eile od svojih frizerki da je iskopira bez obzira na du\u017einu koju su imale.<\/p>\n\n\n\n<p>Zgu\u017evana kosa, valovi, kovr\u010de ili ekstenzije, ovog ljeta duga kosa je me\u0111u zvijezdama pravi trend. Ve\u0107 nekoliko sezona je najavljuju neke influencerice, ali ove sezone ovakvu frizuru prihvaile su i zvijezde kojima atraktivan izgled i zavodljivost, koji se obi\u010dno ve\u017eu uz duge frizure, nije na pravom mjestu, poput Zendaye ili Margot Robbie.<\/p>\n\n\n\n<figure class=\"wp-block-gallery has-nested-images columns-default is-cropped wp-block-gallery-4 is-layout-flex wp-block-gallery-is-layout-flex\">\n<figure class=\"wp-block-image size-large\"><img decoding=\"async\" data-id=\"51286\" src=\"https:\/\/moda.covermagazin.com\/wp-content\/uploads\/2012\/06\/The-Saint-Barths-Dinner-by-Gala-One-2.jpg\" alt=\"\" class=\"wp-image-51286\"\/><\/figure>\n\n\n\n<figure class=\"wp-block-image size-large\"><img decoding=\"async\" data-id=\"51260\" src=\"https:\/\/moda.covermagazin.com\/wp-content\/uploads\/2019\/12\/Moderne-svecane-i-vecernje-frizure-6.jpg\" alt=\"\" class=\"wp-image-51260\"\/><\/figure>\n\n\n\n<figure class=\"wp-block-image size-large\"><img decoding=\"async\" data-id=\"51201\" src=\"https:\/\/moda.covermagazin.com\/wp-content\/uploads\/2023\/05\/Najnovije-svecane-frizure-poznatih-za-2025-14.jpg\" alt=\"\" class=\"wp-image-51201\"\/><\/figure>\n\n\n\n<figure class=\"wp-block-image size-large\"><img decoding=\"async\" data-id=\"51096\" src=\"https:\/\/moda.covermagazin.com\/wp-content\/uploads\/2021\/02\/boja-kose-6.jpg\" alt=\"\" class=\"wp-image-51096\"\/><\/figure>\n\n\n\n<figure class=\"wp-block-image size-large\"><img decoding=\"async\" data-id=\"51097\" src=\"https:\/\/moda.covermagazin.com\/wp-content\/uploads\/2021\/02\/boja-kose-5.jpg\" alt=\"\" class=\"wp-image-51097\"\/><\/figure>\n\n\n\n<figure class=\"wp-block-image size-large\"><img decoding=\"async\" data-id=\"51099\" src=\"https:\/\/moda.covermagazin.com\/wp-content\/uploads\/2021\/02\/boja-kose-7.jpg\" alt=\"\" class=\"wp-image-51099\"\/><\/figure>\n\n\n\n<figure class=\"wp-block-image size-large\"><img decoding=\"async\" data-id=\"50724\" src=\"https:\/\/moda.covermagazin.com\/wp-content\/uploads\/2022\/02\/duga-pustena-kosa-3-1.jpg\" alt=\"\" class=\"wp-image-50724\"\/><\/figure>\n\n\n\n<figure class=\"wp-block-image size-large\"><img decoding=\"async\" data-id=\"50677\" src=\"https:\/\/moda.covermagazin.com\/wp-content\/uploads\/2022\/03\/aktualne-frizure-16.jpg\" alt=\"\" class=\"wp-image-50677\"\/><\/figure>\n\n\n\n<figure class=\"wp-block-image size-large\"><img decoding=\"async\" data-id=\"50670\" src=\"https:\/\/moda.covermagazin.com\/wp-content\/uploads\/2022\/03\/aktualne-frizure-10.jpg\" alt=\"\" class=\"wp-image-50670\"\/><\/figure>\n<\/figure>\n\n\n\n<p><strong>-5- old money frizura puno volumena<\/strong><\/p>\n\n\n\n<p>Ovakvu frizuru \u0107ete dobiti ako kosu jedan dan nosite na jednoj strani, drugi na drugoj. Ili kosu fenirate na jednu stranu, a nosite na drugu.<\/p>\n\n\n\n<p>Mnoge \u017eene tra\u017ee na\u010din kako modernizirati svoju frizuru ili promijeniti stil no\u0161enja, a bez puno rezanja kose, a kosa no\u0161ena na stranu izvrsna je opcija. Trenutno daje glamurozan look, bez obzira na du\u017einu kose, a jako je moderna frizura, posebno se ponovno aktualizirala od po\u010detka ove sezone. <\/p>\n\n\n\n<figure class=\"wp-block-gallery has-nested-images columns-default is-cropped wp-block-gallery-5 is-layout-flex wp-block-gallery-is-layout-flex\">\n<figure class=\"wp-block-image size-large\"><img decoding=\"async\" data-id=\"51301\" src=\"https:\/\/moda.covermagazin.com\/wp-content\/uploads\/2023\/09\/frizure-2025-poluduge-7.jpg\" alt=\"\" class=\"wp-image-51301\"\/><\/figure>\n\n\n\n<figure class=\"wp-block-image size-large\"><img decoding=\"async\" data-id=\"51256\" src=\"https:\/\/moda.covermagazin.com\/wp-content\/uploads\/2019\/12\/Moderne-svecane-i-vecernje-frizure-4.jpg\" alt=\"\" class=\"wp-image-51256\"\/><\/figure>\n\n\n\n<figure class=\"wp-block-image size-large\"><img decoding=\"async\" data-id=\"51243\" src=\"https:\/\/moda.covermagazin.com\/wp-content\/uploads\/2020\/09\/Svecane-frizure-2.jpg\" alt=\"\" class=\"wp-image-51243\"\/><\/figure>\n\n\n\n<figure class=\"wp-block-image size-large\"><img decoding=\"async\" data-id=\"51241\" src=\"https:\/\/moda.covermagazin.com\/wp-content\/uploads\/2020\/09\/Svecane-frizure-1.jpg\" alt=\"\" class=\"wp-image-51241\"\/><\/figure>\n\n\n\n<figure class=\"wp-block-image size-large\"><img decoding=\"async\" data-id=\"51219\" src=\"https:\/\/moda.covermagazin.com\/wp-content\/uploads\/2022\/09\/Najupecatljivije-frizure-poznatih-dama-iz-prosle-godine-2025-1.jpg\" alt=\"\" class=\"wp-image-51219\"\/><\/figure>\n<\/figure>\n\n\n\n<p><strong>-6- Visoki rep ili pun\u0111a <\/strong><\/p>\n\n\n\n<p>I dok su proteklih nekoliko sezona za sve\u010dane frizure svi samo tra\u017eili valove, ovog ljeta visoki rep se vra\u0107a na ulice, ali i me\u0111u sve\u010dane frizure. Mnoge \u017eene su pustile kosu, a tek onda shvatile koliko s njom imaju mogu\u0107nosti pa se vra\u0107a u mogu visoki rep, ali i raznorazne izvedenice visokog repa, poput visokih pun\u0111a, visokih pletenica i sli\u010dno.<\/p>\n\n\n\n<figure class=\"wp-block-gallery has-nested-images columns-default is-cropped wp-block-gallery-6 is-layout-flex wp-block-gallery-is-layout-flex\">\n<figure class=\"wp-block-image size-large\"><img decoding=\"async\" data-id=\"51254\" src=\"https:\/\/moda.covermagazin.com\/wp-content\/uploads\/2019\/12\/Moderne-svecane-i-vecernje-frizure-7.jpg\" alt=\"\" class=\"wp-image-51254\"\/><\/figure>\n\n\n\n<figure class=\"wp-block-image size-large\"><img decoding=\"async\" data-id=\"51050\" src=\"https:\/\/moda.covermagazin.com\/wp-content\/uploads\/2023\/12\/25-inspirativnih-frizura-poznatih-za-Novu-godinu-7-1.jpg\" alt=\"\" class=\"wp-image-51050\"\/><\/figure>\n<\/figure>\n","protected":false},"excerpt":{"rendered":"<p>Ako vam treba inspiracija kakvu frizuru odabrati, najjednostavnije je trendove uo\u010diti na zvijezdama.&nbsp;&nbsp;Ispod pogledajte 7 tipova frizura koje su najpopularnije me\u0111u zvijezdama u posljednje vrijeme, a to su ujedno frizure koje se ubrajaju u top trendove frizura za ovu godinu. Moderne frizure za prolje\u0107e 2025. Frizure zvijezda kakve su nosile posljednjih par dana Ispod \u0107ete [&hellip;]<\/p>\n","protected":false},"author":1,"featured_media":0,"comment_status":"open","ping_status":"open","sticky":false,"template":"","format":"standard","meta":{"footnotes":""},"categories":[4,1043,1179],"tags":[1080],"class_list":["post-23057","post","type-post","status-publish","format-standard","hentry","category-frizure_poznatih","category-moda-2018","category-najnovija-moda","tag-frizure-2016"],"_links":{"self":[{"href":"https:\/\/moda.covermagazin.com\/index.php?rest_route=\/wp\/v2\/posts\/23057","targetHints":{"allow":["GET"]}}],"collection":[{"href":"https:\/\/moda.covermagazin.com\/index.php?rest_route=\/wp\/v2\/posts"}],"about":[{"href":"https:\/\/moda.covermagazin.com\/index.php?rest_route=\/wp\/v2\/types\/post"}],"author":[{"embeddable":true,"href":"https:\/\/moda.covermagazin.com\/index.php?rest_route=\/wp\/v2\/users\/1"}],"replies":[{"embeddable":true,"href":"https:\/\/moda.covermagazin.com\/index.php?rest_route=%2Fwp%2Fv2%2Fcomments&post=23057"}],"version-history":[{"count":27,"href":"https:\/\/moda.covermagazin.com\/index.php?rest_route=\/wp\/v2\/posts\/23057\/revisions"}],"predecessor-version":[{"id":51317,"href":"https:\/\/moda.covermagazin.com\/index.php?rest_route=\/wp\/v2\/posts\/23057\/revisions\/51317"}],"wp:attachment":[{"href":"https:\/\/moda.covermagazin.com\/index.php?rest_route=%2Fwp%2Fv2%2Fmedia&parent=23057"}],"wp:term":[{"taxonomy":"category","embeddable":true,"href":"https:\/\/moda.covermagazin.com\/index.php?rest_route=%2Fwp%2Fv2%2Fcategories&post=23057"},{"taxonomy":"post_tag","embeddable":true,"href":"https:\/\/moda.covermagazin.com\/index.php?rest_route=%2Fwp%2Fv2%2Ftags&post=23057"}],"curies":[{"name":"wp","href":"https:\/\/api.w.org\/{rel}","templated":true}]}}